{"id":32709,"date":"2024-03-04T02:47:35","date_gmt":"2024-03-04T08:47:35","guid":{"rendered":"https:\/\/politicosaldesnudo.com.mx\/?p=32709"},"modified":"2024-03-04T02:47:35","modified_gmt":"2024-03-04T08:47:35","slug":"la-crisis-del-agua-en-los-tiempos-de-la-4t","status":"publish","type":"post","link":"https:\/\/politicosaldesnudo.com.mx\/index.php\/2024\/03\/04\/la-crisis-del-agua-en-los-tiempos-de-la-4t\/","title":{"rendered":"La crisis del agua en los tiempos de la 4T"},"content":{"rendered":"<p><strong><span style=\"font-size: 14pt;\">Por Ricardo Homs<\/span><\/strong><\/p>\n<p><span style=\"font-size: 14pt;\">Para todos es sabido que la crisis del agua es un fen\u00f3meno mundial derivado del \u201ccambio clim\u00e1tico\u201d.<\/span><\/p>\n<p><span style=\"font-size: 14pt;\">Desde diciembre del 2020 en Wall Street se empez\u00f3 a cotizar el valor de los futuros del agua en California, USA.<\/span><\/p>\n<p><span style=\"font-size: 14pt;\">Nasdaq, -que es la segunda bolsa\u00a0 de valores electr\u00f3nica automatizada m\u00e1s grande de Estados Unidos lanz\u00f3 en 2018 el NQH20, que es el primer \u00edndice del valor econ\u00f3mico del agua como un producto cotizable en bolsa, lo cual nos da una idea del valor futuro de este valioso l\u00edquido.<\/span><\/p>\n<p><span style=\"font-size: 14pt;\">Sin embargo, por la forma en que se afronta este problema en cada pa\u00eds se minimizan o agravan sus efectos sobre la disponibilidad de este l\u00edquido entre la poblaci\u00f3n y de eso s\u00ed es responsable el gobierno en turno.<\/span><\/p>\n<p><span style=\"font-size: 14pt;\">Hoy que la candidata Sheinbaum se ostenta en campa\u00f1a como \u201cecologista\u201d, -porque indiscutiblemente tiene los conocimientos y el respaldo acad\u00e9mico-, conviene analizar este problema que a\u00f1o con a\u00f1o se agrava.<\/span><\/p>\n<p><span style=\"font-size: 14pt;\">En la prestigiada publicaci\u00f3n acad\u00e9mica Gaceta de la UNAM se di\u00f3 a conocer un reportaje que se hizo p\u00fablico el 29 de octubre de 2018, donde se dice que en esta metr\u00f3poli se pierden 21 mil litros por segundo de cada 63 mil que llegan a la Ciudad de M\u00e9xico, por falta de mantenimiento a los equipos e infraestructura defectuosa.<\/span><\/p>\n<p><span style=\"font-size: 14pt;\">En ese reportaje se hablaba de la urgencia de dar servicios de mantenimiento al sistema de almacenamiento y conducciones, plantas de bombeo, instalaciones el\u00e9ctricas y plantas potabilizadoras.<\/span><\/p>\n<p><span style=\"font-size: 14pt;\">Evidentemente este era un riesgo al inicio del gobierno de la Dra. Sheinbaum como jefa de gobierno de la Ciudad e M\u00e9xico en 2018 y su experiencia y conocimiento del tema podr\u00edan haber generado un gran proyecto, pues estas alertas exig\u00edan una respuesta r\u00e1pida para atender este grave riesgo, con mantenimiento e inversi\u00f3n econ\u00f3mica para minimizar su impacto.<\/span><\/p>\n<p><span style=\"font-size: 14pt;\">Sin embargo, la pol\u00edtica econ\u00f3mica del gobierno de la 4T fue quitar dinero a programas prioritarios como \u00e9ste para d\u00e1rselo a las obras capricho del presidente L\u00f3pez Obrador, quien lo ha gastado de forma dispendiosa y opaca en el tren Maya, el AIFA, Dos Bocas y en pagar las demandas derivadas de la cancelaci\u00f3n del aeropuerto de Texcoco, que dej\u00f3 avanzado el gobierno del presidente Pe\u00f1a Nieto.<\/span><\/p>\n<p><span style=\"font-size: 14pt;\">El envejecimiento de la infraestructura hidr\u00e1ulica ha sido evidente y los problemas hoy son m\u00e1s graves a\u00fan que en 2018, cuando ella tom\u00f3 posesi\u00f3n como responsable de la Ciudad de M\u00e9xico.<\/span><\/p>\n<p><span style=\"font-size: 14pt;\">En un reportaje del sistema de noticias N M\u00e1s del dos de febrero de este a\u00f1o se refiere a una investigaci\u00f3n de la UNAM donde se alerta de que cada vez est\u00e1 m\u00e1s cerca \u201cD\u00eda 0\u201d, que ser\u00e1 cuando se acabe el suministro de agua para el Valle de M\u00e9xico.<\/span><\/p>\n<p><span style=\"font-size: 14pt;\">\u00a0Y \u00e9sto, seg\u00fan la UNAM podr\u00eda suceder en el a\u00f1o 2028.<\/span><\/p>\n<p><span style=\"font-size: 14pt;\">De los 150 litros de agua que en promedio consume diariamente cada habitante de la Ciudad de M\u00e9xico, s\u00f3lo el 20% se utiliza para beber, ba\u00f1arse, funciones de higiene y el 80% restante se desperdicia y va directamente al drenaje, pudiendo ser reutilizada.<\/span><\/p>\n<p><span style=\"font-size: 14pt;\">Llevamos casi seis a\u00f1os perdidos a partir de aquella llamada de alerta publicada en Gaceta UNAM en 2018 y la hoy candidata \u201cambientalista\u201d no hizo nada para resolver el problema.<\/span><\/p>\n<p><span style=\"font-size: 14pt;\">Hoy de los tres candidatos a la jefatura de la Ciudad de M\u00e9xico s\u00f3lo Salom\u00f3n Chertorivski, -de Movimiento Ciudadano-, es el \u00fanico que trae como prioridad atacar este problema.<\/span><\/p>\n<p><span style=\"font-size: 14pt;\">Adem\u00e1s. Los problemas vienen enlazados y la inseguridad que se heredar\u00e1 por la indiferencia del presidente L\u00f3pez Obrador frente al crimen organizado, -al cual ha apapachado durante poco m\u00e1s de sus cinco a\u00f1os de gobierno-, no tardar\u00e1 descubrir otra oportunidad de negocio y entonces tomar\u00e1 el control de las pipas que hoy surten de agua, -como paliativo-, a las colonias y ciudades donde la insuficiencia de agua se vuelve cr\u00edtica.<\/span><\/p>\n<p><span style=\"font-size: 14pt;\">Si este gobierno no ha podido erradicar el huachicol de gasolina, seguramente quedar\u00e1 imp\u00e1vido cuando esas bandas empiecen a tomar control de mantos acu\u00edferos y convertirse en los distribuidores de este vital l\u00edquido, operando desde pozos clandestinos.<\/span><\/p>\n<p><span style=\"font-size: 14pt;\">No ser\u00e1 raro que este verano veamos que el precio del agua se incrementa por el sobrecosto del derecho de piso a las pipas que hoy distribuyen e incluso, impongan el precio de venta al p\u00fablico, como lo han hecho con el pollo en Michoac\u00e1n y municipios colindantes con este estado.<\/span><\/p>\n<p><span style=\"font-size: 14pt;\">Ya lo ha dicho la candidata Sheinbaum\u2026 no utilizar\u00e1 mano firme en contra de la delincuencia organizada y por tanto, el precio del agua correr\u00eda el riesgo de irse por las nubes si ella gana la presidencia.<\/span><\/p>\n<p><span style=\"font-size: 14pt;\">\u00bfA usted que le parece?<\/span><\/p>\n<p><img data-recalc-dims=\"1\" loading=\"lazy\" decoding=\"async\" class=\"aligncenter size-full wp-image-32628\" src=\"https:\/\/i0.wp.com\/politicosaldesnudo.com.mx\/wp-content\/uploads\/2024\/03\/FIRMA-EDITORIAL-PD.jpg?resize=800%2C98&#038;ssl=1\" alt=\"\" width=\"800\" height=\"98\" srcset=\"https:\/\/i0.wp.com\/politicosaldesnudo.com.mx\/wp-content\/uploads\/2024\/03\/FIRMA-EDITORIAL-PD.jpg?w=1024&amp;ssl=1 1024w, https:\/\/i0.wp.com\/politicosaldesnudo.com.mx\/wp-content\/uploads\/2024\/03\/FIRMA-EDITORIAL-PD.jpg?resize=300%2C37&amp;ssl=1 300w, https:\/\/i0.wp.com\/politicosaldesnudo.com.mx\/wp-content\/uploads\/2024\/03\/FIRMA-EDITORIAL-PD.jpg?resize=768%2C94&amp;ssl=1 768w\" sizes=\"auto, (max-width: 800px) 100vw, 800px\" \/><\/p>\n","protected":false},"excerpt":{"rendered":"<p>Por Ricardo Homs Para todos es sabido que la crisis del agua es un fen\u00f3meno mundial derivado del \u201ccambio clim\u00e1tico\u201d.<\/p>\n","protected":false},"author":4,"featured_media":26269,"comment_status":"closed","ping_status":"closed","sticky":false,"template":"","format":"standard","meta":{"colormag_page_container_layout":"default_layout","colormag_page_sidebar_layout":"default_layout","_jetpack_memberships_contains_paid_content":false,"footnotes":"","jetpack_publicize_message":"","jetpack_publicize_feature_enabled":true,"jetpack_social_post_already_shared":false,"jetpack_social_options":{"image_generator_settings":{"template":"highway","default_image_id":0,"font":"","enabled":false},"version":2}},"categories":[26],"tags":[],"class_list":["post-32709","post","type-post","status-publish","format-standard","has-post-thumbnail","hentry","category-columnistas"],"jetpack_publicize_connections":[],"jetpack_featured_media_url":"https:\/\/i0.wp.com\/politicosaldesnudo.com.mx\/wp-content\/uploads\/2023\/11\/BANNER-homs.jpg?fit=800%2C445&ssl=1","jetpack-related-posts":[],"jetpack_sharing_enabled":true,"_links":{"self":[{"href":"https:\/\/politicosaldesnudo.com.mx\/index.php\/wp-json\/wp\/v2\/posts\/32709","targetHints":{"allow":["GET"]}}],"collection":[{"href":"https:\/\/politicosaldesnudo.com.mx\/index.php\/wp-json\/wp\/v2\/posts"}],"about":[{"href":"https:\/\/politicosaldesnudo.com.mx\/index.php\/wp-json\/wp\/v2\/types\/post"}],"author":[{"embeddable":true,"href":"https:\/\/politicosaldesnudo.com.mx\/index.php\/wp-json\/wp\/v2\/users\/4"}],"replies":[{"embeddable":true,"href":"https:\/\/politicosaldesnudo.com.mx\/index.php\/wp-json\/wp\/v2\/comments?post=32709"}],"version-history":[{"count":0,"href":"https:\/\/politicosaldesnudo.com.mx\/index.php\/wp-json\/wp\/v2\/posts\/32709\/revisions"}],"wp:featuredmedia":[{"embeddable":true,"href":"https:\/\/politicosaldesnudo.com.mx\/index.php\/wp-json\/wp\/v2\/media\/26269"}],"wp:attachment":[{"href":"https:\/\/politicosaldesnudo.com.mx\/index.php\/wp-json\/wp\/v2\/media?parent=32709"}],"wp:term":[{"taxonomy":"category","embeddable":true,"href":"https:\/\/politicosaldesnudo.com.mx\/index.php\/wp-json\/wp\/v2\/categories?post=32709"},{"taxonomy":"post_tag","embeddable":true,"href":"https:\/\/politicosaldesnudo.com.mx\/index.php\/wp-json\/wp\/v2\/tags?post=32709"}],"curies":[{"name":"wp","href":"https:\/\/api.w.org\/{rel}","templated":true}]}}