{"id":32712,"date":"2024-03-04T02:49:49","date_gmt":"2024-03-04T08:49:49","guid":{"rendered":"https:\/\/politicosaldesnudo.com.mx\/?p=32712"},"modified":"2024-03-04T02:49:49","modified_gmt":"2024-03-04T08:49:49","slug":"ya-en-campana-dos-visiones-de-mexico","status":"publish","type":"post","link":"https:\/\/politicosaldesnudo.com.mx\/index.php\/2024\/03\/04\/ya-en-campana-dos-visiones-de-mexico\/","title":{"rendered":"Ya en campa\u00f1a, dos visiones de M\u00e9xico"},"content":{"rendered":"<p><span style=\"font-size: 14pt;\"><strong>Por Francisco Blanco Calder\u00f3n<\/strong><\/span><\/p>\n<p><span style=\"font-size: 14pt;\"><strong>\u00a0<\/strong>Por fin el inicio del proceso electoral m\u00e1s competido de los \u00faltimos a\u00f1os. Ante los fraudes de 1988 y 2006 en complicidad con el IFE e INE, posteriormente con su \u201cla vista gorda\u201d del derrame multimillonario en la campa\u00f1a del 2012, dadas las mismas estructuras del Instituto Electoral controladas por el bipartidismo del PRI y AN. \u00a0En el 2018, ante la respuesta de una ciudadan\u00eda consciente de la devastaci\u00f3n del pa\u00eds, en todos los renglones, en lo econ\u00f3mico, lo pol\u00edtico y lo social para dar paso a un nuevo modelo de naci\u00f3n, uno que equilibrara el crecimiento econ\u00f3mico con la justicia social, frenando en lo posible la corrupci\u00f3n e impunidad existentes de m\u00e1s de 36 a\u00f1os, pero ante todo detener el excesivo gasto p\u00fablico por una insaciable alta burocracia, e innegable la dilapidaci\u00f3n de moches descomunales a analistas, reporteros y propietarios de los grandes medios de comunicaci\u00f3n involucrados en desaparecer las fechor\u00edas con d\u00e1divas, negocios y prebendas.<\/span><\/p>\n<p><span style=\"font-size: 14pt;\"><strong>\u00a0<\/strong>Las 20 iniciativas de Reforma Constitucional propuestas por AMLO son a todas luces distintas a las reformas que se aprobaron durante todo el periodo neoliberal cuando en 36 a\u00f1os jam\u00e1s se pens\u00f3 en beneficiar al pueblo, sino fundamentalmente en ajustar el marco legal para facilitar el despojo, la corrupci\u00f3n y la entrega de bienes de la naci\u00f3n a una minor\u00eda. Mientras tanto se abren nuevamente las puertas a la guerra sucia, como un momento final del golpe blando, orquestado dentro y fuera del pa\u00eds. El capital internacional, arropado durante seis sexenios entreguistas, interviene con furia, acumulada desde los fraudes 1988-2012, para demostrar la intervenci\u00f3n furiosa de las empresas globales ante la debilidad de los gobiernos neoliberales, sumisos y corruptos.<\/span><\/p>\n<p><span style=\"font-size: 14pt;\">La derecha desquiciada ante la p\u00e9rdida del poder se une a todas las derechas internacionales principalmente de Estados Unidos y Espa\u00f1a al grado que la senadora, Mariana G\u00f3mez del Campo, prima de Margarita Zavala es denunciada por el gobierno de Cuba de intervenir directamente contra el gobierno revolucionario en forma directa en alianza de intereses trasnacionales. O las visitas a ambos pa\u00edses por la candidata opositora para pedir intervenci\u00f3n de la OEA y de la USAID que financian a Claudio X Gonz\u00e1lez y sus fallidos organismos, todo ser\u00e1 puesto en el \u201csart\u00e9n\u201d de la pol\u00edtica medi\u00e1tica para recuperar los espacios perdidos, de poder y corrupci\u00f3n de los gobiernos desplazados en las urnas.<\/span><\/p>\n<p><span style=\"font-size: 14pt;\">Primero El Peligro para M\u00e9xico, luego Amlovich y ahora Narcopresidente. Andr\u00e9s Manuel L\u00f3pez Obrador inst\u00f3 al Instituto Nacional Electoral (INE) a investigar la guerra sucia en redes sociales, misma que identific\u00f3 en la difusi\u00f3n del hashtag #Narcopresidente en redes sociales. Esto al considerar que las oligarqu\u00edas actualmente est\u00e1n utilizando campa\u00f1as medi\u00e1ticas alrededor del mundo para realizar golpes de Estado blandos y se olvidan de que el narco fue protegido primero por Salinas de Gortari y despu\u00e9s coludido con Calder\u00f3n, Fox y Pe\u00f1a. No hay que olvidar que, hasta Echeverr\u00eda y L\u00f3pez Portillo siempre dijeron a los malosos: \u201cpor aqu\u00ed pasan, pero no se quedan\u2026\u201d<\/span><\/p>\n<p><span style=\"font-size: 14pt;\">Hoy en d\u00eda con la organizaci\u00f3n ultraderechista del capitalismo global: Atlas Network \u2013ligado a las asociaciones M\u00e9xico Eval\u00faa, IMCO (Instituto Mexicano para la Competitividad, financiado por el Consejo Mexicano de Negocios), Conciencia Nacional por la Libertad Religiosa, El Yunque, la C\u00e1tedra Vargas Llosa y\u00a0 todas las fallidas siglas de Claudio equis, ser\u00eda el principal orquestador de la guerra sucia en redes sociales contra el presidente y la candidata de la coalici\u00f3n de la 4T. Organizaci\u00f3n que estar\u00eda detr\u00e1s de las granjas de bots que intoxican la conversaci\u00f3n en la plataforma X, antes Twitter, y que promueven tendencias como la de \u201c#narcopresidente AMLO\u201d y \u201c#narcocandidata\u201d, adem\u00e1s de las agencias del Departamento de Justicia de Estados Unidos y trasnacionales petroleras, farmac\u00e9uticas y tabacaleras son las que financian al Atlas Network. Claramente tiene como objetivo la desestabilizaci\u00f3n de gobiernos progresistas y de izquierda, que tienen inter\u00e9s espec\u00edfico. Petroleras, farmac\u00e9uticas, empresas cigarreras: Shell, Exxon Mobil, Pfizer y Phillip Morris financian a Atlas Network. Tambi\u00e9n se sabe de qu\u00e9 algunas agencias de los Estados Unidos, del Departamento de Justicia y la USAID est\u00e1n vinculadas. Atlas Network se vuelve el eje de estas campa\u00f1as y se relaciona con distintas organizaciones, fundaciones, fideicomisos en una estrategia internacional de muchos millones de d\u00f3lares para desestabilizar el proceso democr\u00e1tico en nuestro pa\u00eds, usando las redes sociales para generar desinformaci\u00f3n, para generar miedo y desprestigiar al actual gobierno. (Contral\u00ednea).<\/span><\/p>\n<p><span style=\"font-size: 14pt;\">Paralelamente, el New York Times public\u00f3 un reportaje sesgado sobre dinero del narcotr\u00e1fico que supuestamente recibieron los hijos del presidente y colaboradores cercanos para las campa\u00f1as presidenciales del 2006 y 2018. L\u00f3pez Obrador neg\u00f3 los se\u00f1alamientos, que parten de una investigaci\u00f3n de la DEA. El peri\u00f3dico estadounidense se contradijo ante falta de pruebas: \u201cEs una verg\u00fcenza, no cabe duda de que este tipo de periodismo est\u00e1 en franca decadencia\u201d expres\u00f3 AMLO.<\/span><\/p>\n<p><span style=\"font-size: 14pt;\">Dos viajes fallidos a Estados Unidos y a Espa\u00f1a abren a la oposici\u00f3n para regresar a la guerra sucia, a lo que los medios y sus analistas, columnistas y opin\u00f3logos, como lo han hecho siempre se han mantenido extremadamente calladitos, al grado que en su guerra sucia proclaman remendar todos los vicios que ellos crearon, para el saqueo de este pa\u00eds. Una guerra sucia en los medios de manipulaci\u00f3n convencionales y ahora en las redes sociales controladas con alta tecnolog\u00eda para inventar y \u00a0mentir a una ciudadan\u00eda empobrecida en sus gobiernos.<\/span><\/p>\n<p><img data-recalc-dims=\"1\" loading=\"lazy\" decoding=\"async\" class=\"aligncenter size-full wp-image-32628\" src=\"https:\/\/i0.wp.com\/politicosaldesnudo.com.mx\/wp-content\/uploads\/2024\/03\/FIRMA-EDITORIAL-PD.jpg?resize=800%2C98&#038;ssl=1\" alt=\"\" width=\"800\" height=\"98\" srcset=\"https:\/\/i0.wp.com\/politicosaldesnudo.com.mx\/wp-content\/uploads\/2024\/03\/FIRMA-EDITORIAL-PD.jpg?w=1024&amp;ssl=1 1024w, https:\/\/i0.wp.com\/politicosaldesnudo.com.mx\/wp-content\/uploads\/2024\/03\/FIRMA-EDITORIAL-PD.jpg?resize=300%2C37&amp;ssl=1 300w, https:\/\/i0.wp.com\/politicosaldesnudo.com.mx\/wp-content\/uploads\/2024\/03\/FIRMA-EDITORIAL-PD.jpg?resize=768%2C94&amp;ssl=1 768w\" sizes=\"auto, (max-width: 800px) 100vw, 800px\" \/><\/p>\n","protected":false},"excerpt":{"rendered":"<p>Por Francisco Blanco Calder\u00f3n \u00a0Por fin el inicio del proceso electoral m\u00e1s competido de los \u00faltimos a\u00f1os. Ante los fraudes<\/p>\n","protected":false},"author":4,"featured_media":4384,"comment_status":"closed","ping_status":"closed","sticky":false,"template":"","format":"standard","meta":{"colormag_page_container_layout":"default_layout","colormag_page_sidebar_layout":"default_layout","_jetpack_memberships_contains_paid_content":false,"footnotes":"","jetpack_publicize_message":"","jetpack_publicize_feature_enabled":true,"jetpack_social_post_already_shared":false,"jetpack_social_options":{"image_generator_settings":{"template":"highway","default_image_id":0,"font":"","enabled":false},"version":2}},"categories":[26],"tags":[],"class_list":["post-32712","post","type-post","status-publish","format-standard","has-post-thumbnail","hentry","category-columnistas"],"jetpack_publicize_connections":[],"jetpack_featured_media_url":"https:\/\/i0.wp.com\/politicosaldesnudo.com.mx\/wp-content\/uploads\/2022\/04\/FRANCISCO-BLANCO-CALDERO%CC%81N.png?fit=1816%2C1016&ssl=1","jetpack-related-posts":[],"jetpack_sharing_enabled":true,"_links":{"self":[{"href":"https:\/\/politicosaldesnudo.com.mx\/index.php\/wp-json\/wp\/v2\/posts\/32712","targetHints":{"allow":["GET"]}}],"collection":[{"href":"https:\/\/politicosaldesnudo.com.mx\/index.php\/wp-json\/wp\/v2\/posts"}],"about":[{"href":"https:\/\/politicosaldesnudo.com.mx\/index.php\/wp-json\/wp\/v2\/types\/post"}],"author":[{"embeddable":true,"href":"https:\/\/politicosaldesnudo.com.mx\/index.php\/wp-json\/wp\/v2\/users\/4"}],"replies":[{"embeddable":true,"href":"https:\/\/politicosaldesnudo.com.mx\/index.php\/wp-json\/wp\/v2\/comments?post=32712"}],"version-history":[{"count":0,"href":"https:\/\/politicosaldesnudo.com.mx\/index.php\/wp-json\/wp\/v2\/posts\/32712\/revisions"}],"wp:featuredmedia":[{"embeddable":true,"href":"https:\/\/politicosaldesnudo.com.mx\/index.php\/wp-json\/wp\/v2\/media\/4384"}],"wp:attachment":[{"href":"https:\/\/politicosaldesnudo.com.mx\/index.php\/wp-json\/wp\/v2\/media?parent=32712"}],"wp:term":[{"taxonomy":"category","embeddable":true,"href":"https:\/\/politicosaldesnudo.com.mx\/index.php\/wp-json\/wp\/v2\/categories?post=32712"},{"taxonomy":"post_tag","embeddable":true,"href":"https:\/\/politicosaldesnudo.com.mx\/index.php\/wp-json\/wp\/v2\/tags?post=32712"}],"curies":[{"name":"wp","href":"https:\/\/api.w.org\/{rel}","templated":true}]}}