{"id":32720,"date":"2024-03-04T02:56:29","date_gmt":"2024-03-04T08:56:29","guid":{"rendered":"https:\/\/politicosaldesnudo.com.mx\/?p=32720"},"modified":"2024-03-04T02:56:29","modified_gmt":"2024-03-04T08:56:29","slug":"el-unico-guerrero-de-morena","status":"publish","type":"post","link":"https:\/\/politicosaldesnudo.com.mx\/index.php\/2024\/03\/04\/el-unico-guerrero-de-morena\/","title":{"rendered":"El \u00fanico guerrero de Morena"},"content":{"rendered":"<p><span style=\"font-size: 14pt;\"><strong>Por: Luis Ram\u00edrez Baqueiro<\/strong><\/span><\/p>\n<p><span style=\"font-size: 14pt;\"><em>\u201cNuestro car\u00e1cter es el resultado de nuestra conducta.\u201d \u2013 Arist\u00f3teles.<\/em><\/span><\/p>\n<p><span style=\"font-size: 14pt;\"><strong>\u00a0<\/strong><strong>Con el arranque de las campa\u00f1as electorales federales, se ha dado la reaparici\u00f3n p\u00fablica del ex gobernador Miguel \u00c1ngel Yunes Linares \u2013suplente de la f\u00f3rmula que encabeza su primog\u00e9nito- y de la mano, por primera vez en los casi 6 a\u00f1os de la llegada de la 4T, un verdadero pol\u00edtico de oposici\u00f3n para responder a las versiones del oficialismo.<\/strong><\/span><\/p>\n<p><span style=\"font-size: 14pt;\"><strong>Para los ciudadanos de a pie, se celebra que un pol\u00edtico de altura, con una amplia trayectoria reaparezca, sobre todo, porque el tedio que infringe el actual candidato opositor simplemente no termina por despertar las simpat\u00edas del electorado.<\/strong><\/span><\/p>\n<p><span style=\"font-size: 14pt;\"><strong>Las mismas encuestas serias lo confirman.<\/strong><\/span><\/p>\n<p><span style=\"font-size: 14pt;\"><strong>Pero al caso llama la atenci\u00f3n, que, ante los se\u00f1alamientos y precisiones vertidas por su parte al trabajo desempe\u00f1ado por el actual gobierno encabezado por Cuitl\u00e1huac Garc\u00eda Jim\u00e9nez, nadie m\u00e1s que un militante de Morena saliera al ruedo a intentar capotear el embate de tan tremendo toro de lidia.<\/strong><\/span><\/p>\n<p><span style=\"font-size: 14pt;\"><strong>Y si, la realidad es que una vez m\u00e1s el originario de Hueyapan de Ocampo, Juan Javier G\u00f3mez Cazar\u00edn debi\u00f3 salir a responderle al mismo l\u00edder del clan albiazul m\u00e1s poderoso del estado y especialmente al candidato de la Coalici\u00f3n Fuerza y Coraz\u00f3n por Veracruz, Pepe Yunes Zorrilla, con argumentos, sin groser\u00edas, procurando confrontar los dichos con los hechos, mediante v\u00eddeos, im\u00e1genes y evidencias. <a href=\"https:\/\/www.facebook.com\/share\/v\/pDhCSiptZNRLofg9\/?mibextid=WC7FNe\">https:\/\/www.facebook.com\/share\/v\/pDhCSiptZNRLofg9\/?mibextid=WC7FNe<\/a><\/strong><\/span><\/p>\n<p><span style=\"font-size: 14pt;\"><strong>Sus respuestas han sido las \u00fanicas que con argumentos pueden combatir la embestida albiazul, toda vez que con el baj\u00f3n dado Manuel Huerta Ladr\u00f3n de Guevara, queda claro que Morena observa que en la candidatura al Senado es donde se habr\u00eda de desarrollar verdaderamente la pelea del proceso electoral veracruzano.<\/strong><\/span><\/p>\n<p><span style=\"font-size: 14pt;\"><strong>Seg\u00fan se sabe, el crecimiento por la aparici\u00f3n del ex gobernador de Veracruz en la contienda electoral acerc\u00f3 las posibilidades de alzarse con la primera y segunda f\u00f3rmula al Senado, a diferencia de la que representa su candidato Pepe Yunes, que ni con cohetones levanta, a pesar de haber subido el tono de los mensajes y se\u00f1alamientos.<\/strong><\/span><\/p>\n<p><span style=\"font-size: 14pt;\"><strong>Pero la realidad es que el mismo G\u00f3mez Cazar\u00edn le respondi\u00f3 en un mensaje en la red social de \u201cX\u201d, donde le record\u00f3 un pasado donde las maletas \u2013con muchos pesos- se vieron implicadas para aprobar la reforma energ\u00e9tica, algo a lo que Yunes Zorrilla no ha respondido. <a href=\"https:\/\/twitter.com\/JJavierGomezCa1\/status\/1764066762281140495\">https:\/\/twitter.com\/JJavierGomezCa1\/status\/1764066762281140495<\/a><\/strong><\/span><\/p>\n<p><span style=\"font-size: 14pt;\"><strong>Y es que los se\u00f1alamientos de esos dichos, los habr\u00eda dado a conocer el mismo ex gobernador Javier Duarte de Ochoa, que hoy est\u00e1 m\u00e1s inmerso en el proceso electoral que algunos actores pol\u00edticos, que confiados en que ten\u00edan asegurado un lugar, recibieron un ba\u00f1o de realidad al ser quitados de sus posiciones.<\/strong><\/span><\/p>\n<p><span style=\"font-size: 14pt;\"><strong>Y toma l\u00f3gica el hecho \u2013adjudicado a la equidad de g\u00e9nero- que cay\u00f3 como anillo al dedo para las aspiraciones pol\u00edticas de la misma Roc\u00edo Nahle Garc\u00eda, quien ha tenido incre\u00edblemente que batallar contra corriente por dificultades propiciadas m\u00e1s por sus compa\u00f1eros de partido y proyecto que por la oposici\u00f3n.<\/strong><\/span><\/p>\n<p><span style=\"font-size: 14pt;\"><strong>La llegada de Claudia Tello es la confirmaci\u00f3n de que transitar\u00e1n\u00a0\u00fanicamente\u00a0los identificados pol\u00edticamente con Sheinbaum y Nahle y que quienes se identificaban con el pasado inmediato \u2013Cuitl\u00e1huismo- o inmersos en proyectos sumamente personales \u2013como Manuel Huerta-, no habr\u00e1n de tener cabida sino hasta llegado probablemente el 2030.<\/strong><\/span><\/p>\n<p><span style=\"font-size: 14pt;\"><strong>As\u00ed que, todos jalan la carreta o v\u00e1yanse olvidando de un futuro promisorio, pues mientras s\u00f3lo un guerrero se tenga que fajar a defender el proyecto de la 4T, la ventaja que le aparentan dar a la oposici\u00f3n crece, aun cuando las respuestas del guerrero sean contundentes y sin posibilidad de retorno.<\/strong><\/span><\/p>\n<p><span style=\"font-size: 14pt;\"><strong><em>Sextante<\/em><\/strong><\/span><\/p>\n<p><span style=\"font-size: 14pt;\"><strong>El que mostr\u00f3 m\u00fasculo, trabajo y amor por su regi\u00f3n es el ex secretario de Educaci\u00f3n, Zenyazen Escobar Garc\u00eda, quien en el arranque de campa\u00f1a demostr\u00f3 que el Distrito XVI va a ser muy dif\u00edcil que le arrebaten el triunfo.<\/strong><\/span><\/p>\n<p><span style=\"font-size: 14pt;\"><strong>Con una caminata por las principales calles de C\u00f3rdoba que culmin\u00f3 en la explanada del parque 21 de mayo, donde estuvo acompa\u00f1ado por miles de ciudadanos, as\u00ed como por su esposa, Liliana L\u00f3pez Coronado, sus hijas Victoria y Darian, y su madre Alicia, Escobar Garc\u00eda agradeci\u00f3 a todos los presentes por su confianza y respaldo.<\/strong><\/span><\/p>\n<p><span style=\"font-size: 14pt;\"><strong>En su discurso, reafirm\u00f3 su compromiso con la defensa de los derechos laborales, la estabilidad de las y los maestros, el reforzamiento del sistema de becas para estudiantes de nivel preescolar, primaria, secundarias y el incremento paulatino en horas de educaci\u00f3n art\u00edstica y educaci\u00f3n f\u00edsica, as\u00ed como otros temas referentes al sector.<\/strong><\/span><\/p>\n<p><span style=\"font-size: 14pt;\"><strong>No cabe duda que la trayectoria de poco m\u00e1s de diez a\u00f1os de Escobar Garc\u00eda lo posicionar\u00e1 como uno de los principales activos de Morena en San L\u00e1zaro tras ganar el pr\u00f3ximo 2 de junio.<\/strong><\/span><\/p>\n<p><span style=\"font-size: 14pt;\"><strong>\u00a0<\/strong><strong>Al tiempo.<\/strong><\/span><\/p>\n<p><img data-recalc-dims=\"1\" loading=\"lazy\" decoding=\"async\" class=\"aligncenter size-full wp-image-32628\" src=\"https:\/\/i0.wp.com\/politicosaldesnudo.com.mx\/wp-content\/uploads\/2024\/03\/FIRMA-EDITORIAL-PD.jpg?resize=800%2C98&#038;ssl=1\" alt=\"\" width=\"800\" height=\"98\" srcset=\"https:\/\/i0.wp.com\/politicosaldesnudo.com.mx\/wp-content\/uploads\/2024\/03\/FIRMA-EDITORIAL-PD.jpg?w=1024&amp;ssl=1 1024w, https:\/\/i0.wp.com\/politicosaldesnudo.com.mx\/wp-content\/uploads\/2024\/03\/FIRMA-EDITORIAL-PD.jpg?resize=300%2C37&amp;ssl=1 300w, https:\/\/i0.wp.com\/politicosaldesnudo.com.mx\/wp-content\/uploads\/2024\/03\/FIRMA-EDITORIAL-PD.jpg?resize=768%2C94&amp;ssl=1 768w\" sizes=\"auto, (max-width: 800px) 100vw, 800px\" \/><\/p>\n","protected":false},"excerpt":{"rendered":"<p>Por: Luis Ram\u00edrez Baqueiro \u201cNuestro car\u00e1cter es el resultado de nuestra conducta.\u201d \u2013 Arist\u00f3teles. \u00a0Con el arranque de las campa\u00f1as<\/p>\n","protected":false},"author":4,"featured_media":4390,"comment_status":"closed","ping_status":"closed","sticky":false,"template":"","format":"standard","meta":{"colormag_page_container_layout":"default_layout","colormag_page_sidebar_layout":"default_layout","_jetpack_memberships_contains_paid_content":false,"footnotes":"","jetpack_publicize_message":"","jetpack_publicize_feature_enabled":true,"jetpack_social_post_already_shared":false,"jetpack_social_options":{"image_generator_settings":{"template":"highway","default_image_id":0,"font":"","enabled":false},"version":2}},"categories":[26],"tags":[],"class_list":["post-32720","post","type-post","status-publish","format-standard","has-post-thumbnail","hentry","category-columnistas"],"jetpack_publicize_connections":[],"jetpack_featured_media_url":"https:\/\/i0.wp.com\/politicosaldesnudo.com.mx\/wp-content\/uploads\/2022\/04\/LUIS-RAMI%CC%81REZ-BAQUEIRO.png?fit=1816%2C1016&ssl=1","jetpack-related-posts":[],"jetpack_sharing_enabled":true,"_links":{"self":[{"href":"https:\/\/politicosaldesnudo.com.mx\/index.php\/wp-json\/wp\/v2\/posts\/32720","targetHints":{"allow":["GET"]}}],"collection":[{"href":"https:\/\/politicosaldesnudo.com.mx\/index.php\/wp-json\/wp\/v2\/posts"}],"about":[{"href":"https:\/\/politicosaldesnudo.com.mx\/index.php\/wp-json\/wp\/v2\/types\/post"}],"author":[{"embeddable":true,"href":"https:\/\/politicosaldesnudo.com.mx\/index.php\/wp-json\/wp\/v2\/users\/4"}],"replies":[{"embeddable":true,"href":"https:\/\/politicosaldesnudo.com.mx\/index.php\/wp-json\/wp\/v2\/comments?post=32720"}],"version-history":[{"count":0,"href":"https:\/\/politicosaldesnudo.com.mx\/index.php\/wp-json\/wp\/v2\/posts\/32720\/revisions"}],"wp:featuredmedia":[{"embeddable":true,"href":"https:\/\/politicosaldesnudo.com.mx\/index.php\/wp-json\/wp\/v2\/media\/4390"}],"wp:attachment":[{"href":"https:\/\/politicosaldesnudo.com.mx\/index.php\/wp-json\/wp\/v2\/media?parent=32720"}],"wp:term":[{"taxonomy":"category","embeddable":true,"href":"https:\/\/politicosaldesnudo.com.mx\/index.php\/wp-json\/wp\/v2\/categories?post=32720"},{"taxonomy":"post_tag","embeddable":true,"href":"https:\/\/politicosaldesnudo.com.mx\/index.php\/wp-json\/wp\/v2\/tags?post=32720"}],"curies":[{"name":"wp","href":"https:\/\/api.w.org\/{rel}","templated":true}]}}