{"id":32725,"date":"2024-03-04T03:18:43","date_gmt":"2024-03-04T09:18:43","guid":{"rendered":"https:\/\/politicosaldesnudo.com.mx\/?p=32725"},"modified":"2024-03-04T03:18:43","modified_gmt":"2024-03-04T09:18:43","slug":"a-diferenciar-votos-y-conciencias","status":"publish","type":"post","link":"https:\/\/politicosaldesnudo.com.mx\/index.php\/2024\/03\/04\/a-diferenciar-votos-y-conciencias\/","title":{"rendered":"A diferenciar votos y conciencias"},"content":{"rendered":"<p><span style=\"font-size: 18pt; color: #cc99ff;\"><strong>ALMA GRANDE<\/strong><\/span><\/p>\n<p><span style=\"font-size: 18pt; color: #cc99ff;\"><strong>Por \u00c1ngel \u00c1lvaro Pe\u00f1a<\/strong><\/span><\/p>\n<p><strong><span style=\"font-size: 14pt;\">El Plan C que convoca a la poblaci\u00f3n habla de una disciplina que fue rebasada por los nombres de los productos, es decir, los candidatos y quiere que la marca impere sobre lo que se va a apoyar, defender, impulsar o continuar.<\/span><\/strong><\/p>\n<p><span style=\"font-size: 18pt;\"><strong>El partido pol\u00edtico dej\u00f3 de ser un factor de convocatoria electoral desde la descomposici\u00f3n de un PRI que se desmoronaba por sus excesos. Hab\u00eda candidatos buenos, malos y regulares en un mismo partido, porque no hab\u00eda ni muchos partidos ni muchos candidatos.<\/strong><\/span><\/p>\n<figure id=\"attachment_32726\" aria-describedby=\"caption-attachment-32726\" style=\"width: 800px\" class=\"wp-caption aligncenter\"><img data-recalc-dims=\"1\" loading=\"lazy\" decoding=\"async\" class=\"wp-image-32726 size-large\" src=\"https:\/\/i0.wp.com\/politicosaldesnudo.com.mx\/wp-content\/uploads\/2024\/03\/WhatsApp-Image-2024-03-03-at-20.58.46-1024x558.jpg?resize=800%2C436&#038;ssl=1\" alt=\"\" width=\"800\" height=\"436\" srcset=\"https:\/\/i0.wp.com\/politicosaldesnudo.com.mx\/wp-content\/uploads\/2024\/03\/WhatsApp-Image-2024-03-03-at-20.58.46.jpg?resize=1024%2C558&amp;ssl=1 1024w, https:\/\/i0.wp.com\/politicosaldesnudo.com.mx\/wp-content\/uploads\/2024\/03\/WhatsApp-Image-2024-03-03-at-20.58.46.jpg?resize=300%2C163&amp;ssl=1 300w, https:\/\/i0.wp.com\/politicosaldesnudo.com.mx\/wp-content\/uploads\/2024\/03\/WhatsApp-Image-2024-03-03-at-20.58.46.jpg?resize=768%2C418&amp;ssl=1 768w, https:\/\/i0.wp.com\/politicosaldesnudo.com.mx\/wp-content\/uploads\/2024\/03\/WhatsApp-Image-2024-03-03-at-20.58.46.jpg?w=1080&amp;ssl=1 1080w\" sizes=\"auto, (max-width: 800px) 100vw, 800px\" \/><figcaption id=\"caption-attachment-32726\" class=\"wp-caption-text\">De izquierda a derecha Marco Mena, Eleazar Guerrero, Javier Vel\u00e1zquez, candidato a la candidatura federal de Morena por el V Distrito electoral, con cabecera en Poza Rica<\/figcaption><\/figure>\n<p><strong><span style=\"font-size: 14pt;\">Ahora que hay para escoger no tenemos por qu\u00e9 arrebatarle la raz\u00f3n y la congruencia a la voluntad popular uniformando criterios para ir por un solo partido a ciegas, sin tomar en cuenta la trayectoria de los candidatos que pueden ser excelentes pero tambi\u00e9n detestables.<\/span><\/strong><\/p>\n<p><strong><span style=\"font-size: 14pt;\">Regresar al pasado y votar s\u00f3lo porque es el partido que tiene uno o dos candidatos que conocemos y el resto es s\u00f3lo inercia, no responde a una democracia moderna. Como se dice el pueblo es sabio y sabr\u00e1 elegir de entre los partidos que favorece a los mejores candidatos, quienes los representar\u00e1n en el estado, las presidencias municipales, las diputaciones locales y federales.<\/span><\/strong><\/p>\n<figure id=\"attachment_32727\" aria-describedby=\"caption-attachment-32727\" style=\"width: 881px\" class=\"wp-caption aligncenter\"><img data-recalc-dims=\"1\" loading=\"lazy\" decoding=\"async\" class=\"wp-image-32727 size-full\" src=\"https:\/\/i0.wp.com\/politicosaldesnudo.com.mx\/wp-content\/uploads\/2024\/03\/WhatsApp-Image-2024-03-03-at-21.02.26.jpg?resize=800%2C588&#038;ssl=1\" alt=\"\" width=\"800\" height=\"588\" srcset=\"https:\/\/i0.wp.com\/politicosaldesnudo.com.mx\/wp-content\/uploads\/2024\/03\/WhatsApp-Image-2024-03-03-at-21.02.26.jpg?w=881&amp;ssl=1 881w, https:\/\/i0.wp.com\/politicosaldesnudo.com.mx\/wp-content\/uploads\/2024\/03\/WhatsApp-Image-2024-03-03-at-21.02.26.jpg?resize=300%2C221&amp;ssl=1 300w, https:\/\/i0.wp.com\/politicosaldesnudo.com.mx\/wp-content\/uploads\/2024\/03\/WhatsApp-Image-2024-03-03-at-21.02.26.jpg?resize=768%2C565&amp;ssl=1 768w\" sizes=\"auto, (max-width: 800px) 100vw, 800px\" \/><figcaption id=\"caption-attachment-32727\" class=\"wp-caption-text\">Leobardo G\u00f3mez (Tihuatl\u00e1n), C\u00e9sar Ulises Garc\u00eda (Coatzintla), Fernando Remes Garza (Poza Rica), Raquel Bonilla Dip. Federal en dos ocasiones y actual suplente de la candidata Claudia Tello a la Senadur\u00eda.<\/figcaption><\/figure>\n<p><strong><span style=\"font-size: 14pt;\">Llevar al ejemplo pr\u00e1ctico la visi\u00f3n de la poblaci\u00f3n siempre es importante frente a las elecciones m\u00e1s importantes del pa\u00eds.<\/span><\/strong><\/p>\n<figure id=\"attachment_32735\" aria-describedby=\"caption-attachment-32735\" style=\"width: 810px\" class=\"wp-caption aligncenter\"><img data-recalc-dims=\"1\" loading=\"lazy\" decoding=\"async\" class=\"wp-image-32735 size-full\" src=\"https:\/\/i0.wp.com\/politicosaldesnudo.com.mx\/wp-content\/uploads\/2024\/03\/image-9-47-810x540-1.jpg?resize=800%2C533&#038;ssl=1\" alt=\"\" width=\"800\" height=\"533\" srcset=\"https:\/\/i0.wp.com\/politicosaldesnudo.com.mx\/wp-content\/uploads\/2024\/03\/image-9-47-810x540-1.jpg?w=810&amp;ssl=1 810w, https:\/\/i0.wp.com\/politicosaldesnudo.com.mx\/wp-content\/uploads\/2024\/03\/image-9-47-810x540-1.jpg?resize=300%2C200&amp;ssl=1 300w, https:\/\/i0.wp.com\/politicosaldesnudo.com.mx\/wp-content\/uploads\/2024\/03\/image-9-47-810x540-1.jpg?resize=768%2C512&amp;ssl=1 768w\" sizes=\"auto, (max-width: 800px) 100vw, 800px\" \/><figcaption id=\"caption-attachment-32735\" class=\"wp-caption-text\">Pepe Yunes<\/figcaption><\/figure>\n<p><span style=\"font-size: 18pt;\"><strong>El ejemplo claro es Veracruz, donde la poblaci\u00f3n se inclina por la figura del priista Pepe Yunes, quien sin reservas votar\u00e1 por \u00e9l, re\u00fane experiencia y capacidad para llevar adelante al Estado y reconstruir lo que el actual gobernador, pr\u00e1cticamente desmantel\u00f3 del mismo.<\/strong><\/span><\/p>\n<figure id=\"attachment_32728\" aria-describedby=\"caption-attachment-32728\" style=\"width: 800px\" class=\"wp-caption aligncenter\"><img data-recalc-dims=\"1\" loading=\"lazy\" decoding=\"async\" class=\"wp-image-32728 size-large\" src=\"https:\/\/i0.wp.com\/politicosaldesnudo.com.mx\/wp-content\/uploads\/2024\/03\/WhatsApp-Image-2021-11-16-at-2.07.19-PM-1160x700-1-1024x618.jpeg?resize=800%2C483&#038;ssl=1\" alt=\"\" width=\"800\" height=\"483\" srcset=\"https:\/\/i0.wp.com\/politicosaldesnudo.com.mx\/wp-content\/uploads\/2024\/03\/WhatsApp-Image-2021-11-16-at-2.07.19-PM-1160x700-1.jpeg?resize=1024%2C618&amp;ssl=1 1024w, https:\/\/i0.wp.com\/politicosaldesnudo.com.mx\/wp-content\/uploads\/2024\/03\/WhatsApp-Image-2021-11-16-at-2.07.19-PM-1160x700-1.jpeg?resize=300%2C181&amp;ssl=1 300w, https:\/\/i0.wp.com\/politicosaldesnudo.com.mx\/wp-content\/uploads\/2024\/03\/WhatsApp-Image-2021-11-16-at-2.07.19-PM-1160x700-1.jpeg?resize=768%2C463&amp;ssl=1 768w, https:\/\/i0.wp.com\/politicosaldesnudo.com.mx\/wp-content\/uploads\/2024\/03\/WhatsApp-Image-2021-11-16-at-2.07.19-PM-1160x700-1.jpeg?w=1160&amp;ssl=1 1160w\" sizes=\"auto, (max-width: 800px) 100vw, 800px\" \/><figcaption id=\"caption-attachment-32728\" class=\"wp-caption-text\">Cuitlahuac Garc\u00eda y Roc\u00edo Nahle<\/figcaption><\/figure>\n<p><strong><span style=\"font-size: 14pt;\">Los errores de Cuitl\u00e1huac se convirtieron en el peor enemigo de la candidata de Morena, Roc\u00edo Nahle, quien, para avanzar debe cuestionar a su antecesor pero c\u00f3mo hacerlo sin criticar al partido que tambi\u00e9n qued\u00f3 en manos de la gente del propio Garc\u00eda Jim\u00e9nez, haciendo de un partido estatal, un grupo de chamacos inexpertos y poco inteligentes.<\/span><\/strong><\/p>\n<p><strong><span style=\"font-size: 14pt;\">Es decir, para la gubernatura los veracruzanos votar\u00e1n por la alianza opositora, sin duda, pero no as\u00ed para las senadur\u00edas, y menos sin conocer algunos de los candidatos de los diferentes partidos, a quienes deben estudiar, no s\u00f3lo escuchar. Porque bastar\u00e1 o\u00edrlos para saber si son los indicados, aunque entre algunos espacios hay en diputaciones federales trayectorias que por s\u00ed solas inhiben el voto a favor de su partido.<\/span><\/strong><\/p>\n<figure id=\"attachment_32729\" aria-describedby=\"caption-attachment-32729\" style=\"width: 553px\" class=\"wp-caption aligncenter\"><img data-recalc-dims=\"1\" loading=\"lazy\" decoding=\"async\" class=\"wp-image-32729 size-full\" src=\"https:\/\/i0.wp.com\/politicosaldesnudo.com.mx\/wp-content\/uploads\/2024\/03\/Areli-Bautista-Perez.jpeg?resize=553%2C555&#038;ssl=1\" alt=\"\" width=\"553\" height=\"555\" srcset=\"https:\/\/i0.wp.com\/politicosaldesnudo.com.mx\/wp-content\/uploads\/2024\/03\/Areli-Bautista-Perez.jpeg?w=553&amp;ssl=1 553w, https:\/\/i0.wp.com\/politicosaldesnudo.com.mx\/wp-content\/uploads\/2024\/03\/Areli-Bautista-Perez.jpeg?resize=300%2C300&amp;ssl=1 300w, https:\/\/i0.wp.com\/politicosaldesnudo.com.mx\/wp-content\/uploads\/2024\/03\/Areli-Bautista-Perez.jpeg?resize=150%2C150&amp;ssl=1 150w\" sizes=\"auto, (max-width: 553px) 100vw, 553px\" \/><figcaption id=\"caption-attachment-32729\" class=\"wp-caption-text\">Areli Bautista P\u00e9rez<\/figcaption><\/figure>\n<p><strong><span style=\"font-size: 14pt;\">Este es el caso de Areli Bautista P\u00e9rez, candidata de la alianza opositora por el distrito 5, que contempla Poza Rica de Hidalgo, Tamiahua, Tihuatl\u00e1n y Tuxpan. Anteriormente el Distrito 5 conten\u00eda a Tuxpan de cabecera, pero le fue otorgada a Poza Rica, luego de la redistritaci\u00f3n.<\/span><\/strong><\/p>\n<figure id=\"attachment_32730\" aria-describedby=\"caption-attachment-32730\" style=\"width: 800px\" class=\"wp-caption aligncenter\"><img data-recalc-dims=\"1\" loading=\"lazy\" decoding=\"async\" class=\"wp-image-32730 size-large\" src=\"https:\/\/i0.wp.com\/politicosaldesnudo.com.mx\/wp-content\/uploads\/2024\/03\/juan-ramon-GANEM-1024x484.jpeg?resize=800%2C378&#038;ssl=1\" alt=\"\" width=\"800\" height=\"378\" srcset=\"https:\/\/i0.wp.com\/politicosaldesnudo.com.mx\/wp-content\/uploads\/2024\/03\/juan-ramon-GANEM.jpeg?resize=1024%2C484&amp;ssl=1 1024w, https:\/\/i0.wp.com\/politicosaldesnudo.com.mx\/wp-content\/uploads\/2024\/03\/juan-ramon-GANEM.jpeg?resize=300%2C142&amp;ssl=1 300w, https:\/\/i0.wp.com\/politicosaldesnudo.com.mx\/wp-content\/uploads\/2024\/03\/juan-ramon-GANEM.jpeg?resize=768%2C363&amp;ssl=1 768w, https:\/\/i0.wp.com\/politicosaldesnudo.com.mx\/wp-content\/uploads\/2024\/03\/juan-ramon-GANEM.jpeg?w=1200&amp;ssl=1 1200w\" sizes=\"auto, (max-width: 800px) 100vw, 800px\" \/><figcaption id=\"caption-attachment-32730\" class=\"wp-caption-text\">Juan Ram\u00f3n G\u00e1nem<\/figcaption><\/figure>\n<p><span style=\"font-size: 18pt;\"><strong>A Areli Bautista la introduce a la pol\u00edtica un personaje no menos oscuro, el ex alcalde de Tuxpan, el priista, Juan Ram\u00f3n G\u00e1nem, quien hizo del puerto como si fuera de su propiedad y todav\u00eda hay huellas de sus planes frustrados por adue\u00f1arse del boulevard. Areli Bautista ten\u00eda un comedor para empleados de Pemex, pero G\u00e1nem, siempre atento a ver los lugares, y las personas que puede corromper, la present\u00f3 con los l\u00edderes del PRD para que le dieran esa diputaci\u00f3n, y ante la falta de cuadros, imaginaci\u00f3n y decencia, la designaron.<\/strong><\/span><\/p>\n<p><strong><span style=\"font-size: 14pt;\">Aqu\u00ed es donde empieza a ser compleja la selecci\u00f3n de candidatos por los cuales votar, ya que personajes como la candidata de la alianza de oposici\u00f3n por la diputaci\u00f3n federal, a quien le atribuyen haber saltado de un partido a otro, fue s\u00edndica \u00fanica en una administraci\u00f3n del PAN durante el ayuntamiento anterior de Tuxpan, cuando reinaba, Juan Antonio Aguilar Mancha. Por si fuera poco, tienen, ella y su esposo, actual funcionario municipal, una carpeta de investigaci\u00f3n en la fiscal\u00eda federal de Tuxpan por da\u00f1os y despojo contra Pemex, n\u00famero 260\/2023, acusaci\u00f3n que mientras estuvo en Morena estuvo detenida y ahora s\u00ed se agilizar\u00e1. De arrojar la investigaci\u00f3n una orden de aprehensi\u00f3n ser\u00e1 un golpe duro para la alianza.<\/span><\/strong><\/p>\n<figure id=\"attachment_32731\" aria-describedby=\"caption-attachment-32731\" style=\"width: 1024px\" class=\"wp-caption aligncenter\"><img data-recalc-dims=\"1\" loading=\"lazy\" decoding=\"async\" class=\"wp-image-32731 size-full\" src=\"https:\/\/i0.wp.com\/politicosaldesnudo.com.mx\/wp-content\/uploads\/2024\/03\/ADELA-ELIZABETH.jpg?resize=800%2C600&#038;ssl=1\" alt=\"\" width=\"800\" height=\"600\" srcset=\"https:\/\/i0.wp.com\/politicosaldesnudo.com.mx\/wp-content\/uploads\/2024\/03\/ADELA-ELIZABETH.jpg?w=1024&amp;ssl=1 1024w, https:\/\/i0.wp.com\/politicosaldesnudo.com.mx\/wp-content\/uploads\/2024\/03\/ADELA-ELIZABETH.jpg?resize=300%2C225&amp;ssl=1 300w, https:\/\/i0.wp.com\/politicosaldesnudo.com.mx\/wp-content\/uploads\/2024\/03\/ADELA-ELIZABETH.jpg?resize=768%2C576&amp;ssl=1 768w\" sizes=\"auto, (max-width: 800px) 100vw, 800px\" \/><figcaption id=\"caption-attachment-32731\" class=\"wp-caption-text\">Adela Elizabeth Morales M\u00e9ndez<\/figcaption><\/figure>\n<p><span style=\"font-size: 18pt;\"><strong>Pero como toda moneda tiene dos caras, para ese mismo cargo compite con un historial cristalino, con una experiencia en la academia, en la lucha social, en el trabajo con las comunidades Adela Elizabeth Morales M\u00e9ndez, quien cuenta con un nutrido curr\u00edculum, es licenciada en derecho por la Universidad del Golfo de M\u00e9xico, Campus Tuxpan, estudi\u00f3 maestr\u00eda en Ciencias jur\u00eddicas y Sociales, por la Universidad de las Naciones, y un Doctorado en Ciencias Jur\u00eddicas, Administrativas y de la Educaci\u00f3n, en esa misma instituci\u00f3n.<\/strong><\/span><\/p>\n<p><strong><span style=\"font-size: 14pt;\">Cuenta con un Diplomado en Administraci\u00f3n P\u00fablica por la Universidad Santiago de Compostela, Espa\u00f1a.<\/span><\/strong><\/p>\n<p><strong><span style=\"font-size: 14pt;\">Su historial laboral es tambi\u00e9n brillante: fue Docente Universitaria desde 2009 en la Universidad Popular Aut\u00f3noma de Veracruz; la UNID, Instituto de Ciencias y Estudios Superiores de Tamaulipas, en la Universidad de la Huasteca Veracruzana, la Universidad del Golfo, entre otras. Oficial encargada del Registro Civil en Tuxpan. Directora de Cementerios Municipales en el Ayuntamiento de Tuxpan. Auxiliar de la regidur\u00eda 7 en el Ayuntamiento de Tuxpan. Abogada ejecutora y recaudadora en el SAT de Colima. Abogada tributaria en el Departamento de Tr\u00e1mites y Asuntos Legales de la Aduana de Tuxpan. Coordinadora de oficina de enlace y gesti\u00f3n del Distrito 5.<\/span><\/strong><\/p>\n<figure id=\"attachment_32732\" aria-describedby=\"caption-attachment-32732\" style=\"width: 960px\" class=\"wp-caption aligncenter\"><img data-recalc-dims=\"1\" loading=\"lazy\" decoding=\"async\" class=\"wp-image-32732 size-full\" src=\"https:\/\/i0.wp.com\/politicosaldesnudo.com.mx\/wp-content\/uploads\/2024\/03\/Francisco-Javier-Velazquez-Vallejo.jpg?resize=800%2C454&#038;ssl=1\" alt=\"\" width=\"800\" height=\"454\" srcset=\"https:\/\/i0.wp.com\/politicosaldesnudo.com.mx\/wp-content\/uploads\/2024\/03\/Francisco-Javier-Velazquez-Vallejo.jpg?w=960&amp;ssl=1 960w, https:\/\/i0.wp.com\/politicosaldesnudo.com.mx\/wp-content\/uploads\/2024\/03\/Francisco-Javier-Velazquez-Vallejo.jpg?resize=300%2C170&amp;ssl=1 300w, https:\/\/i0.wp.com\/politicosaldesnudo.com.mx\/wp-content\/uploads\/2024\/03\/Francisco-Javier-Velazquez-Vallejo.jpg?resize=768%2C436&amp;ssl=1 768w\" sizes=\"auto, (max-width: 800px) 100vw, 800px\" \/><figcaption id=\"caption-attachment-32732\" class=\"wp-caption-text\">Francisco Javier Vel\u00e1zquez Vallejo<\/figcaption><\/figure>\n<p><span style=\"font-size: 18pt;\"><strong>En esa misma competencia destaca la figura del morenista Francisco Javier Vel\u00e1zquez Vallejo, quien busca la diputaci\u00f3n federal por el distrito V, de Veracruz, con cabecera en Poza Rica, donde fue presidente municipal, momento en el que se ubic\u00f3 en el lugar 38 de los 100 presidentes municipales con mejor aprobaci\u00f3n del pa\u00eds, de acuerdo al Ranking Mitofsky 100 Alcaldes de M\u00e9xico. El funcionario pozarricense obtuvo 50.6% de aprobaci\u00f3n; por otro lado, el 48.9 % de los entrevistados no le dieron el visto bueno a su gobierno; s\u00f3lo 0.5 % no respondi\u00f3 a la pregunta.<\/strong><\/span><\/p>\n<p><strong><span style=\"font-size: 14pt;\">El trabajo de Javier Vel\u00e1zquez lo ech\u00f3 a perder el actual presidente municipal de Poza Rica, el ex beisbolista Fernando Remes, quien se ha dedicado a trabajar s\u00f3lo en beneficio de su persona, utilizando el fuero que le otorga su puesto para consolidar su carrera de delincuente. Mis\u00f3gino de tiempo completo, prepotente, sin conocimiento de sus l\u00edmites ni de los derechos del pueblo. Los pozarricenses ya quieren que se vaya; sin embargo, apenas va a la mitad de su p\u00e9sima gesti\u00f3n.<\/span><\/strong><\/p>\n<figure id=\"attachment_32733\" aria-describedby=\"caption-attachment-32733\" style=\"width: 730px\" class=\"wp-caption aligncenter\"><img data-recalc-dims=\"1\" loading=\"lazy\" decoding=\"async\" class=\"wp-image-32733 size-full\" src=\"https:\/\/i0.wp.com\/politicosaldesnudo.com.mx\/wp-content\/uploads\/2024\/03\/Eleazar-Guerrero-Perez.jpeg?resize=730%2C439&#038;ssl=1\" alt=\"\" width=\"730\" height=\"439\" srcset=\"https:\/\/i0.wp.com\/politicosaldesnudo.com.mx\/wp-content\/uploads\/2024\/03\/Eleazar-Guerrero-Perez.jpeg?w=730&amp;ssl=1 730w, https:\/\/i0.wp.com\/politicosaldesnudo.com.mx\/wp-content\/uploads\/2024\/03\/Eleazar-Guerrero-Perez.jpeg?resize=300%2C180&amp;ssl=1 300w\" sizes=\"auto, (max-width: 730px) 100vw, 730px\" \/><figcaption id=\"caption-attachment-32733\" class=\"wp-caption-text\">Eleazar Guerrero P\u00e9rez<\/figcaption><\/figure>\n<p><span style=\"font-size: 18pt;\"><strong>Quien no se separa del candidato a diputado federal es el primo inc\u00f3modo de Cuitl\u00e1huac, Eleazar Guerrero P\u00e9rez, candidato a diputado plurinominal, que no deja ni a sol ni a sombra a Javier Vel\u00e1zquez, tratando de blindarse bajo su sombra ante las fechor\u00edas que cometi\u00f3 durante su estad\u00eda en la Secretar\u00eda de Finanzas del gobierno del Estado, que dej\u00f3 hace d\u00edas, desde donde su mala fama de opacidad lo acompa\u00f1aron durante toda su gesti\u00f3n, m\u00e1s a\u00fan luego de colocar a sus dos hijos, Nitzia y Eleazar, en puestos clave, una en el DIF, y el otro en Seguridad, como muestra del nepotismo que le permite ser primo del gobernador.<\/strong><\/span><\/p>\n<p><strong><span style=\"font-size: 14pt;\">En realidad, si se hiciera justicia, como dir\u00eda Juan Pueblo, Eleazar Guerrero deber\u00eda estar m\u00e1s cerca de la c\u00e1rcel que de la curul en San L\u00e1zaro.<\/span><\/strong><\/p>\n<figure id=\"attachment_32734\" aria-describedby=\"caption-attachment-32734\" style=\"width: 800px\" class=\"wp-caption aligncenter\"><img data-recalc-dims=\"1\" loading=\"lazy\" decoding=\"async\" class=\"wp-image-32734 size-large\" src=\"https:\/\/i0.wp.com\/politicosaldesnudo.com.mx\/wp-content\/uploads\/2024\/03\/WhatsApp-Image-2021-06-10-at-8.54.44-PM-1024x683.jpeg?resize=800%2C534&#038;ssl=1\" alt=\"\" width=\"800\" height=\"534\" srcset=\"https:\/\/i0.wp.com\/politicosaldesnudo.com.mx\/wp-content\/uploads\/2024\/03\/WhatsApp-Image-2021-06-10-at-8.54.44-PM.jpeg?resize=1024%2C683&amp;ssl=1 1024w, https:\/\/i0.wp.com\/politicosaldesnudo.com.mx\/wp-content\/uploads\/2024\/03\/WhatsApp-Image-2021-06-10-at-8.54.44-PM.jpeg?resize=300%2C200&amp;ssl=1 300w, https:\/\/i0.wp.com\/politicosaldesnudo.com.mx\/wp-content\/uploads\/2024\/03\/WhatsApp-Image-2021-06-10-at-8.54.44-PM.jpeg?resize=768%2C512&amp;ssl=1 768w, https:\/\/i0.wp.com\/politicosaldesnudo.com.mx\/wp-content\/uploads\/2024\/03\/WhatsApp-Image-2021-06-10-at-8.54.44-PM.jpeg?w=1280&amp;ssl=1 1280w\" sizes=\"auto, (max-width: 800px) 100vw, 800px\" \/><figcaption id=\"caption-attachment-32734\" class=\"wp-caption-text\">Fernando E. Guevara y Cecilia Guevara<\/figcaption><\/figure>\n<p><strong><span style=\"font-size: 14pt;\">Otra de las competencias donde es importante diferenciar el voto seg\u00fan el candidato es la diputaci\u00f3n local, por ese mismo distrito, que es disputada por parte de Morena por el junior Fernando E. Guevara, perdedor en la contienda pasada por ese mismo cargo, que compitiera por el PT, quien hasta hace unos d\u00edas era subsecretario de Infraestructura y Obras P\u00fablicas del gobierno del estado, va por Morena con el apoyo de su gran amigo Cuitl\u00e1huac Garc\u00eda Jim\u00e9nez, quien le permite violar todos los reglamentos de la secretar\u00eda, electorales y constitucionales para lograr que su pupilo sea el diputado local que quiere ser el presidente municipal de Poza Rica, con la ayuda de su mami, la diputada morenista Cecilia Guevara, quien cre\u00f3 un frente de guerra para ser la sucesora del ladr\u00f3n de Remes en esa alcald\u00eda, por lo que no esconde sus intenciones, al querer llegar, a como d\u00e9 lugar. Lo cierto es que los veracruzanos no quieren ni al hijo ni a su madre.<\/span><\/strong><\/p>\n<p><strong><span style=\"font-size: 14pt;\">Sin embargo, quien camina en caballo de hacienda para la diputaci\u00f3n local n\u00famero V, es el abogado Juan K. Moreno, conocido tambi\u00e9n como el Rey del Amparo, un talentoso licenciado, reconocido en la entidad, quien se ha unido al impulso de Pepe Yunes, pero con un camino paralelo hacia la diputaci\u00f3n local por la alianza opositora en la diputaci\u00f3n correspondiente a Tuxpan, Poza Rica, Tihuatl\u00e1n, entre otros.<\/span><\/strong><\/p>\n<p><span style=\"font-size: 18pt;\"><strong>La poblaci\u00f3n debe valorar cada boleta, cada voto debe ser producto de la reflexi\u00f3n y la conciencia, pensando siempre en una mejor calidad de vida para las nuevas generaciones.<\/strong><\/span><\/p>\n<p><strong><span style=\"font-size: 14pt;\">PEGA Y CORRE.- La candidata de la derecha pareciera pedir pr\u00f3rroga de un mes para la jornada electoral, porque al finalizar uno de sus m\u00edtines concluy\u00f3 diciendo que todos a votar el 2 de julio, cuando en realidad las elecciones son el domingo 2 de junio y no el martes 2 de julio\u2026Esta columna se publica los lunes, mi\u00e9rcoles y viernes.<\/span><\/strong><\/p>\n<p><img data-recalc-dims=\"1\" loading=\"lazy\" decoding=\"async\" class=\"aligncenter size-full wp-image-32628\" src=\"https:\/\/i0.wp.com\/politicosaldesnudo.com.mx\/wp-content\/uploads\/2024\/03\/FIRMA-EDITORIAL-PD.jpg?resize=800%2C98&#038;ssl=1\" alt=\"\" width=\"800\" height=\"98\" srcset=\"https:\/\/i0.wp.com\/politicosaldesnudo.com.mx\/wp-content\/uploads\/2024\/03\/FIRMA-EDITORIAL-PD.jpg?w=1024&amp;ssl=1 1024w, https:\/\/i0.wp.com\/politicosaldesnudo.com.mx\/wp-content\/uploads\/2024\/03\/FIRMA-EDITORIAL-PD.jpg?resize=300%2C37&amp;ssl=1 300w, https:\/\/i0.wp.com\/politicosaldesnudo.com.mx\/wp-content\/uploads\/2024\/03\/FIRMA-EDITORIAL-PD.jpg?resize=768%2C94&amp;ssl=1 768w\" sizes=\"auto, (max-width: 800px) 100vw, 800px\" \/><\/p>\n","protected":false},"excerpt":{"rendered":"<p>ALMA GRANDE Por \u00c1ngel \u00c1lvaro Pe\u00f1a El Plan C que convoca a la poblaci\u00f3n habla de una disciplina que fue<\/p>\n","protected":false},"author":4,"featured_media":15807,"comment_status":"closed","ping_status":"closed","sticky":false,"template":"","format":"standard","meta":{"colormag_page_container_layout":"default_layout","colormag_page_sidebar_layout":"default_layout","_jetpack_memberships_contains_paid_content":false,"footnotes":"","jetpack_publicize_message":"","jetpack_publicize_feature_enabled":true,"jetpack_social_post_already_shared":false,"jetpack_social_options":{"image_generator_settings":{"template":"highway","default_image_id":0,"font":"","enabled":false},"version":2}},"categories":[26],"tags":[],"class_list":["post-32725","post","type-post","status-publish","format-standard","has-post-thumbnail","hentry","category-columnistas"],"jetpack_publicize_connections":[],"jetpack_featured_media_url":"https:\/\/i0.wp.com\/politicosaldesnudo.com.mx\/wp-content\/uploads\/2023\/02\/ANGEL-ALVARO-PENA1.webp?fit=800%2C445&ssl=1","jetpack-related-posts":[],"jetpack_sharing_enabled":true,"_links":{"self":[{"href":"https:\/\/politicosaldesnudo.com.mx\/index.php\/wp-json\/wp\/v2\/posts\/32725","targetHints":{"allow":["GET"]}}],"collection":[{"href":"https:\/\/politicosaldesnudo.com.mx\/index.php\/wp-json\/wp\/v2\/posts"}],"about":[{"href":"https:\/\/politicosaldesnudo.com.mx\/index.php\/wp-json\/wp\/v2\/types\/post"}],"author":[{"embeddable":true,"href":"https:\/\/politicosaldesnudo.com.mx\/index.php\/wp-json\/wp\/v2\/users\/4"}],"replies":[{"embeddable":true,"href":"https:\/\/politicosaldesnudo.com.mx\/index.php\/wp-json\/wp\/v2\/comments?post=32725"}],"version-history":[{"count":0,"href":"https:\/\/politicosaldesnudo.com.mx\/index.php\/wp-json\/wp\/v2\/posts\/32725\/revisions"}],"wp:featuredmedia":[{"embeddable":true,"href":"https:\/\/politicosaldesnudo.com.mx\/index.php\/wp-json\/wp\/v2\/media\/15807"}],"wp:attachment":[{"href":"https:\/\/politicosaldesnudo.com.mx\/index.php\/wp-json\/wp\/v2\/media?parent=32725"}],"wp:term":[{"taxonomy":"category","embeddable":true,"href":"https:\/\/politicosaldesnudo.com.mx\/index.php\/wp-json\/wp\/v2\/categories?post=32725"},{"taxonomy":"post_tag","embeddable":true,"href":"https:\/\/politicosaldesnudo.com.mx\/index.php\/wp-json\/wp\/v2\/tags?post=32725"}],"curies":[{"name":"wp","href":"https:\/\/api.w.org\/{rel}","templated":true}]}}