{"id":32744,"date":"2024-03-04T08:10:49","date_gmt":"2024-03-04T14:10:49","guid":{"rendered":"https:\/\/politicosaldesnudo.com.mx\/?p=32744"},"modified":"2024-03-04T08:10:49","modified_gmt":"2024-03-04T14:10:49","slug":"urgen-fiscales","status":"publish","type":"post","link":"https:\/\/politicosaldesnudo.com.mx\/index.php\/2024\/03\/04\/urgen-fiscales\/","title":{"rendered":"Urgen Fiscales"},"content":{"rendered":"<p><span style=\"font-size: 14pt;\">Tuxpan.- Con la separaci\u00f3n de su cargo de tres fiscales en este municipio, el rezago en las carpetas de investigaci\u00f3n es inminente, por ello la Barra de Crimin\u00f3logos y Criminalistas de esta regi\u00f3n, esperan que las autoridades estales, pronto env\u00eden a los funcionarios requeridos para dar continuidad a las investigaciones y los asuntos que ya tienen las dependencias.<\/span><\/p>\n<p><span style=\"font-size: 14pt;\">El coordinador regional de la barra; Sa\u00fal Su\u00e1rez Cruz, lament\u00f3 que este problema est\u00e9 afectando los innumerables casos que tienen, retras\u00e1ndolos y no abonando en recibir m\u00e1s denuncias en tiempo y forma, para dar respuesta a los hechos delictivos que se presentan en el d\u00eda a d\u00eda.<\/span><\/p>\n<p><span style=\"font-size: 14pt;\">\u00abLa falta de fiscales tiene un impacto negativo en la justicia penal, los casos pueden tardar m\u00e1s tiempo en resolverse, y las v\u00edctimas pueden tener menos acceso a la justicia, porque ante la falta del fiscal, las capetas se reparten entre los que quedan y obviamente que esto retrasa la procuraci\u00f3n de justicia\u00bb, coment\u00f3.<\/span><\/p>\n<p><span style=\"font-size: 14pt;\">Mencion\u00f3 como organizaci\u00f3n est\u00e1n en pl\u00e1ticas con su dirigente nacional para ver si env\u00edan alguna solicitud por escrito a la Fiscal Estatal, para pedir que se env\u00eden funcionarios a cubrir estas vacantes.<\/span><\/p>\n<p><span style=\"font-size: 14pt;\">Hay varias cosas que se pueden hacer para abordar la necesidad de m\u00e1s fiscales en Tuxpan. Una de ellas es aumentar el presupuesto de la Fiscal\u00eda General del Estado de Veracruz. Esto permitir\u00eda a la fiscal\u00eda contratar m\u00e1s personal y mejorar los recursos disponibles para los fiscales, as\u00ed como impulsar la capacitaci\u00f3n de los fiscales, lo que les ayudar\u00eda a ser m\u00e1s eficientes y eficaces en su trabajo.<\/span><\/p>\n","protected":false},"excerpt":{"rendered":"<p>Tuxpan.- Con la separaci\u00f3n de su cargo de tres fiscales en este municipio, el rezago en las carpetas de investigaci\u00f3n<\/p>\n","protected":false},"author":4,"featured_media":32745,"comment_status":"closed","ping_status":"closed","sticky":false,"template":"","format":"standard","meta":{"colormag_page_container_layout":"default_layout","colormag_page_sidebar_layout":"default_layout","_jetpack_memberships_contains_paid_content":false,"footnotes":"","jetpack_publicize_message":"","jetpack_publicize_feature_enabled":true,"jetpack_social_post_already_shared":false,"jetpack_social_options":{"image_generator_settings":{"template":"highway","default_image_id":0,"font":"","enabled":false},"version":2}},"categories":[1082],"tags":[],"class_list":["post-32744","post","type-post","status-publish","format-standard","has-post-thumbnail","hentry","category-tuxpan"],"jetpack_publicize_connections":[],"jetpack_featured_media_url":"https:\/\/i0.wp.com\/politicosaldesnudo.com.mx\/wp-content\/uploads\/2024\/03\/5a-1.jpg?fit=1280%2C870&ssl=1","jetpack-related-posts":[],"jetpack_sharing_enabled":true,"_links":{"self":[{"href":"https:\/\/politicosaldesnudo.com.mx\/index.php\/wp-json\/wp\/v2\/posts\/32744","targetHints":{"allow":["GET"]}}],"collection":[{"href":"https:\/\/politicosaldesnudo.com.mx\/index.php\/wp-json\/wp\/v2\/posts"}],"about":[{"href":"https:\/\/politicosaldesnudo.com.mx\/index.php\/wp-json\/wp\/v2\/types\/post"}],"author":[{"embeddable":true,"href":"https:\/\/politicosaldesnudo.com.mx\/index.php\/wp-json\/wp\/v2\/users\/4"}],"replies":[{"embeddable":true,"href":"https:\/\/politicosaldesnudo.com.mx\/index.php\/wp-json\/wp\/v2\/comments?post=32744"}],"version-history":[{"count":0,"href":"https:\/\/politicosaldesnudo.com.mx\/index.php\/wp-json\/wp\/v2\/posts\/32744\/revisions"}],"wp:featuredmedia":[{"embeddable":true,"href":"https:\/\/politicosaldesnudo.com.mx\/index.php\/wp-json\/wp\/v2\/media\/32745"}],"wp:attachment":[{"href":"https:\/\/politicosaldesnudo.com.mx\/index.php\/wp-json\/wp\/v2\/media?parent=32744"}],"wp:term":[{"taxonomy":"category","embeddable":true,"href":"https:\/\/politicosaldesnudo.com.mx\/index.php\/wp-json\/wp\/v2\/categories?post=32744"},{"taxonomy":"post_tag","embeddable":true,"href":"https:\/\/politicosaldesnudo.com.mx\/index.php\/wp-json\/wp\/v2\/tags?post=32744"}],"curies":[{"name":"wp","href":"https:\/\/api.w.org\/{rel}","templated":true}]}}