{"id":32755,"date":"2024-03-04T08:16:29","date_gmt":"2024-03-04T14:16:29","guid":{"rendered":"https:\/\/politicosaldesnudo.com.mx\/?p=32755"},"modified":"2024-03-04T08:16:29","modified_gmt":"2024-03-04T14:16:29","slug":"urge-reclasificar-tarifas","status":"publish","type":"post","link":"https:\/\/politicosaldesnudo.com.mx\/index.php\/2024\/03\/04\/urge-reclasificar-tarifas\/","title":{"rendered":"Urge reclasificar tarifas"},"content":{"rendered":"<p><span style=\"font-size: 14pt;\">Veracruz.- Si en otras entidades se reclasificar\u00e1n las tarifas de energ\u00eda el\u00e9ctrica es necesario que esto tambi\u00e9n aplique para el estado de Veracruz, se\u00f1al\u00f3 el secretario general del movimiento de resistencia civil \u201cLa Leyenda de Chucho el Roto\u201d, Jorge Morales Barradas.<\/span><\/p>\n<p><span style=\"font-size: 14pt;\">Record\u00f3 que el presidente Andr\u00e9s Manuel L\u00f3pez Obrador anunci\u00f3 en la \u00faltima semana de febrero que la reclasificaci\u00f3n de las tarifas se aplicar\u00e1 en los estados de Nayarit, Sinaloa, Baja California y Sonora.<\/span><\/p>\n<p><span style=\"font-size: 14pt;\">Esto beneficiar\u00eda a entidades ubicadas en zonas costeras y des\u00e9rticas, lo que deriva en altas temperaturas.<\/span><\/p>\n<p><span style=\"font-size: 14pt;\">Jorge Morales indic\u00f3 que las altas temperaturas provocan que las familias tengan que hacer uso de sistemas de enfriamiento, lo que eleva su consumo de energ\u00eda.<\/span><\/p>\n<p><span style=\"font-size: 14pt;\">Tambi\u00e9n consider\u00f3 que existe la \u201cesperanza\u201d de que en esta ocasi\u00f3n tambi\u00e9n sea contemplada la entidad veracruzana para la reclasificaci\u00f3n de tarifas.<\/span><\/p>\n<p><span style=\"font-size: 14pt;\">\u201cNos llena de \u00e1nimo que otros cuatro estados de la Rep\u00fablica Mexicana: Sonora, Baja California, Nayarit y Sinaloa tengan por decreto presidencial una reclasificaci\u00f3n de tarifas el\u00e9ctricas y esto nos da la certeza que debemos seguir luchando y manifestando, solicitando dentro del estado de Veracruz que esto tambi\u00e9n suceda en nuestro estado\u201d, expres\u00f3.<\/span><\/p>\n<p><span style=\"font-size: 14pt;\">Record\u00f3 que se trata de un tema que han exigido por a\u00f1os las familias veracruzanas, para que disminuyan las tarifas el\u00e9ctricas mediante un subsidio donde el encargado de entregar el dinero ser\u00eda la Secretar\u00eda de Hacienda y Cr\u00e9dito P\u00fablico (SHCP).<\/span><\/p>\n<p><span style=\"font-size: 14pt;\">Enfatiz\u00f3 que cada estado que recibe el apoyo tiene un convenio con la Comisi\u00f3n Federal de Electricidad (CFE).<\/span><\/p>\n<p><span style=\"font-size: 14pt;\">En Veracruz el movimiento de resistencia cumpli\u00f3 17 a\u00f1os en la lucha por la reclasificaci\u00f3n de las tarifas de energ\u00eda el\u00e9ctrica, sobre todo porque en la localidad de Palma Sola, municipio de Alto Lucero, Veracruz se ubica la \u00fanica Central Nucleoel\u00e9ctrica de M\u00e9xico y que lleva por nombre \u201cLaguna Verde\u201d.<\/span><\/p>\n","protected":false},"excerpt":{"rendered":"<p>Veracruz.- Si en otras entidades se reclasificar\u00e1n las tarifas de energ\u00eda el\u00e9ctrica es necesario que esto tambi\u00e9n aplique para el<\/p>\n","protected":false},"author":4,"featured_media":32756,"comment_status":"closed","ping_status":"closed","sticky":false,"template":"","format":"standard","meta":{"colormag_page_container_layout":"default_layout","colormag_page_sidebar_layout":"default_layout","_jetpack_memberships_contains_paid_content":false,"footnotes":"","jetpack_publicize_message":"","jetpack_publicize_feature_enabled":true,"jetpack_social_post_already_shared":false,"jetpack_social_options":{"image_generator_settings":{"template":"highway","default_image_id":0,"font":"","enabled":false},"version":2}},"categories":[30],"tags":[677,3187],"class_list":["post-32755","post","type-post","status-publish","format-standard","has-post-thumbnail","hentry","category-estados","tag-energia-electrica","tag-tarifas"],"jetpack_publicize_connections":[],"jetpack_featured_media_url":"https:\/\/i0.wp.com\/politicosaldesnudo.com.mx\/wp-content\/uploads\/2024\/03\/8a.jpg?fit=1201%2C901&ssl=1","jetpack-related-posts":[],"jetpack_sharing_enabled":true,"_links":{"self":[{"href":"https:\/\/politicosaldesnudo.com.mx\/index.php\/wp-json\/wp\/v2\/posts\/32755","targetHints":{"allow":["GET"]}}],"collection":[{"href":"https:\/\/politicosaldesnudo.com.mx\/index.php\/wp-json\/wp\/v2\/posts"}],"about":[{"href":"https:\/\/politicosaldesnudo.com.mx\/index.php\/wp-json\/wp\/v2\/types\/post"}],"author":[{"embeddable":true,"href":"https:\/\/politicosaldesnudo.com.mx\/index.php\/wp-json\/wp\/v2\/users\/4"}],"replies":[{"embeddable":true,"href":"https:\/\/politicosaldesnudo.com.mx\/index.php\/wp-json\/wp\/v2\/comments?post=32755"}],"version-history":[{"count":0,"href":"https:\/\/politicosaldesnudo.com.mx\/index.php\/wp-json\/wp\/v2\/posts\/32755\/revisions"}],"wp:featuredmedia":[{"embeddable":true,"href":"https:\/\/politicosaldesnudo.com.mx\/index.php\/wp-json\/wp\/v2\/media\/32756"}],"wp:attachment":[{"href":"https:\/\/politicosaldesnudo.com.mx\/index.php\/wp-json\/wp\/v2\/media?parent=32755"}],"wp:term":[{"taxonomy":"category","embeddable":true,"href":"https:\/\/politicosaldesnudo.com.mx\/index.php\/wp-json\/wp\/v2\/categories?post=32755"},{"taxonomy":"post_tag","embeddable":true,"href":"https:\/\/politicosaldesnudo.com.mx\/index.php\/wp-json\/wp\/v2\/tags?post=32755"}],"curies":[{"name":"wp","href":"https:\/\/api.w.org\/{rel}","templated":true}]}}