{"id":32839,"date":"2024-03-05T09:01:32","date_gmt":"2024-03-05T15:01:32","guid":{"rendered":"https:\/\/politicosaldesnudo.com.mx\/?p=32839"},"modified":"2024-03-05T09:01:32","modified_gmt":"2024-03-05T15:01:32","slug":"descartan-en-cordoba-permisos-de-funcionarios-para-participar-en-contiendas","status":"publish","type":"post","link":"https:\/\/politicosaldesnudo.com.mx\/index.php\/2024\/03\/05\/descartan-en-cordoba-permisos-de-funcionarios-para-participar-en-contiendas\/","title":{"rendered":"Descartan en C\u00f3rdoba permisos de funcionarios para participar en contiendas"},"content":{"rendered":"<div class=\"tdb-block-inner td-fix-index\">\n<p><span style=\"font-size: 14pt;\">El alcalde de C\u00f3rdoba, Juan Mart\u00ednez Flores, descart\u00f3 tener conocimiento de que hasta el momento alg\u00fan integrante del Ayuntamiento tenga intenciones de participar en las campa\u00f1as electorales.<\/span><\/p>\n<p><span style=\"font-size: 14pt;\">La \u00fanica renuncia que se ha presentado es la del coordinador de Educaci\u00f3n, \u00c1ngel Etiem Jim\u00e9nez Casta\u00f1eda, a quien este fin de semana ya se le vio al lado del abanderado, Zenyazen Escobar Garc\u00eda.<\/span><\/p>\n<p><span style=\"font-size: 14pt;\">No obstante, s\u00ed hizo un llamado a sus compa\u00f1eros a cuidar su trabajo, especialmente por ser servidores p\u00fablicos y lo que deben evitar es incurrir en actos de proselitismo durante su horario laboral.<\/span><\/p>\n<p><span style=\"font-size: 14pt;\">En lo que respecta a \u00e9l, dijo que como primera autoridad, dejar\u00e1 de estar presente en actos no autorizados y garantiz\u00f3 que se mantendr\u00e1 respetuoso de la ley.<\/span><\/p>\n<\/div>\n","protected":false},"excerpt":{"rendered":"<p>El alcalde de C\u00f3rdoba, Juan Mart\u00ednez Flores, descart\u00f3 tener conocimiento de que hasta el momento alg\u00fan integrante del Ayuntamiento tenga<\/p>\n","protected":false},"author":4,"featured_media":32840,"comment_status":"closed","ping_status":"closed","sticky":false,"template":"","format":"standard","meta":{"colormag_page_container_layout":"default_layout","colormag_page_sidebar_layout":"default_layout","_jetpack_memberships_contains_paid_content":false,"footnotes":"","jetpack_publicize_message":"","jetpack_publicize_feature_enabled":true,"jetpack_social_post_already_shared":false,"jetpack_social_options":{"image_generator_settings":{"template":"highway","default_image_id":0,"font":"","enabled":false},"version":2}},"categories":[30],"tags":[3173,3200,3199],"class_list":["post-32839","post","type-post","status-publish","format-standard","has-post-thumbnail","hentry","category-estados","tag-cordoba","tag-funcionarios","tag-permisos"],"jetpack_publicize_connections":[],"jetpack_featured_media_url":"https:\/\/i0.wp.com\/politicosaldesnudo.com.mx\/wp-content\/uploads\/2024\/03\/juan-martinez-696x392-1.jpeg?fit=696%2C392&ssl=1","jetpack-related-posts":[],"jetpack_sharing_enabled":true,"_links":{"self":[{"href":"https:\/\/politicosaldesnudo.com.mx\/index.php\/wp-json\/wp\/v2\/posts\/32839","targetHints":{"allow":["GET"]}}],"collection":[{"href":"https:\/\/politicosaldesnudo.com.mx\/index.php\/wp-json\/wp\/v2\/posts"}],"about":[{"href":"https:\/\/politicosaldesnudo.com.mx\/index.php\/wp-json\/wp\/v2\/types\/post"}],"author":[{"embeddable":true,"href":"https:\/\/politicosaldesnudo.com.mx\/index.php\/wp-json\/wp\/v2\/users\/4"}],"replies":[{"embeddable":true,"href":"https:\/\/politicosaldesnudo.com.mx\/index.php\/wp-json\/wp\/v2\/comments?post=32839"}],"version-history":[{"count":0,"href":"https:\/\/politicosaldesnudo.com.mx\/index.php\/wp-json\/wp\/v2\/posts\/32839\/revisions"}],"wp:featuredmedia":[{"embeddable":true,"href":"https:\/\/politicosaldesnudo.com.mx\/index.php\/wp-json\/wp\/v2\/media\/32840"}],"wp:attachment":[{"href":"https:\/\/politicosaldesnudo.com.mx\/index.php\/wp-json\/wp\/v2\/media?parent=32839"}],"wp:term":[{"taxonomy":"category","embeddable":true,"href":"https:\/\/politicosaldesnudo.com.mx\/index.php\/wp-json\/wp\/v2\/categories?post=32839"},{"taxonomy":"post_tag","embeddable":true,"href":"https:\/\/politicosaldesnudo.com.mx\/index.php\/wp-json\/wp\/v2\/tags?post=32839"}],"curies":[{"name":"wp","href":"https:\/\/api.w.org\/{rel}","templated":true}]}}