{"id":32842,"date":"2024-03-05T09:16:41","date_gmt":"2024-03-05T15:16:41","guid":{"rendered":"https:\/\/politicosaldesnudo.com.mx\/?p=32842"},"modified":"2024-03-05T09:16:41","modified_gmt":"2024-03-05T15:16:41","slug":"la-mudanza-del-archivo-general-agrario","status":"publish","type":"post","link":"https:\/\/politicosaldesnudo.com.mx\/index.php\/2024\/03\/05\/la-mudanza-del-archivo-general-agrario\/","title":{"rendered":"La mudanza del Archivo General Agrario"},"content":{"rendered":"<p><span style=\"font-size: 14pt;\">El pasado viernes se public\u00f3 en el <em>Diario Oficial de la Federaci\u00f3n<\/em> un acuerdo firmado por el arquitecto Rom\u00e1n Meyer Falc\u00f3n, titular de la Secretar\u00eda de Desarrollo Agrario Territorial y Urbano (Sedatu), en el que se avisa que del 4 de marzo al 14 de julio se suspenden todos los tr\u00e1mites y servicios del Archivo General Agrario (AGA), con motivo de su cambio de domicilio. Para hacerlo, hab\u00eda que dejar resueltos los asuntos pendientes relativos al Tren Maya y otros proyectos estrat\u00e9gicos y dejar de atender temporalmente a los pueblos y comunidades, a las comuneras y ejidatarias, a los tribunales agrarios, los historiadores, los ciudadanos que cotidianamente requieren de sus servicios.<\/span><\/p>\n<p><span style=\"font-size: 14pt;\">El AGA y el Registro Agrario Nacional (RAN) son resultado de la revoluci\u00f3n agraria iniciada en 1910 (https:\/\/acortar.link\/cs7oe3). El RAN es el guardi\u00e1n de la propiedad social de M\u00e9xico y el AGA, el custodio de la documentaci\u00f3n que ampara la propiedad social: los decretos de restituci\u00f3n, dotaci\u00f3n de tierras, ampliaci\u00f3n de ejidos y derechos de agua; los planos y pol\u00edgonos de esas acciones agrarias, la documentaci\u00f3n de la lucha agraria, constituyen el segundo acervo documental m\u00e1s importante del pa\u00eds por la cantidad de material ah\u00ed custodiado: m\u00e1s de 45 mil metros lineales de documentaci\u00f3n y cerca de 400 mil planos.<\/span><\/p>\n<p><span style=\"font-size: 14pt;\">Ese acervo se empez\u00f3 a formar con la documentaci\u00f3n presentada por pueblos y comunidades que buscaban la restituci\u00f3n de las tierras, montes y aguas usurpadas por \u201clos hacendados, cient\u00edficos y caciques a la sombra de la corrupci\u00f3n y la justicia venal\u201d (art\u00edculo 6 del Plan de Ayala, firmado por Emiliano Zapata). El archivo naci\u00f3 con la documentaci\u00f3n hist\u00f3rica entregada por los pueblos para iniciar sus respectivos expedientes agrarios.<\/span><\/p>\n<p><span style=\"font-size: 14pt;\">Hoy, el AGA resguarda los documentos y planos que explican la historia de la propiedad social (51 por ciento de la tierra de M\u00e9xico): los l\u00edmites de la propiedad comunal de los antiguos pueblos de indios, sus bienes de comunidad, su relaci\u00f3n con la corona espa\u00f1ola, as\u00ed como los conflictos por l\u00edmites entre haciendas y comunidades. Tambi\u00e9n, las formas del despojo que sufrieron los pueblos durante el porfiriato (\u201cabusando de la ley de terrenos bald\u00edos, numerosos propietarios, en su mayor\u00eda ind\u00edgenas, han sido despojados de sus terrenos\u201d, dice el art\u00edculo 3 del Plan de San Luis, promulgado por Francisco I. Madero en 1910). Tras la institucionalizaci\u00f3n de la Reforma Agraria en 1915 (y su elevaci\u00f3n a rango constitucional en 1917), en el AGA se pueden documentar las razones por las que los pueblos exig\u00edan la dotaci\u00f3n de tierras, la ampliaci\u00f3n de ejidos, la erecci\u00f3n de nuevos n\u00facleos de poblaci\u00f3n, as\u00ed como sus conflictos con neolatifundistas\u2026 Ello, a trav\u00e9s de 54 grupos documentales, entre los que destacan restituci\u00f3n, dotaci\u00f3n, ampliaci\u00f3n, expropiaci\u00f3n, reconocimiento y titulaci\u00f3n de bienes comunales. Hace unos meses un comunero de la Sierra Ju\u00e1rez me cont\u00f3 que, en su variante de lengua zapoteca, \u201cRegistro Agrario Nacional\u201d se traduce como \u201cla casa donde guardan nuestros papeles\u201d.<\/span><\/p>\n<p><span style=\"font-size: 14pt;\">Este maravilloso material, patrimonio de la naci\u00f3n, ser\u00e1 trasladado desde las tres bodegas en que ahora est\u00e1 repartido, a un edificio dise\u00f1ado <em>ex profeso<\/em> para el RAN y el AGA por la Sedatu. Esas bodegas no cumplen los requisitos indispensables para garantizar la integridad y seguridad del archivo y su personal: adem\u00e1s su dispersi\u00f3n obliga a trasladar todos los d\u00edas la documentaci\u00f3n vital para los pueblos y comunidades en viejas y destartaladas camionetas de una bodega a otra y de ah\u00ed a las oficinas centrales del RAN.<\/span><\/p>\n<p><span style=\"font-size: 14pt;\">El nuevo edificio, en avenida Ju\u00e1rez n\u00famero 92, est\u00e1 f\u00edsica y simb\u00f3licamente en el centro, es decir, saca al RAN y su archivo, guardianes de la propiedad social, del abandono, la marginalidad, la precariedad en que lo arrinconaron los neoliberales. Algunos se quejar\u00e1n del centralismo; nosotros, que trabajamos con los comuneros y ejidatarios, sabemos que, si tienen que viajar, les es mucho m\u00e1s f\u00e1cil acudir a la Ciudad de M\u00e9xico, aunque siempre que es posible les enviamos la documentaci\u00f3n que solicitan (previa asesor\u00eda del personal del AGA) a la delegaci\u00f3n del RAN correspondiente, de las 33 que existen en el pa\u00eds (una por cada estado y otra para una regi\u00f3n particular, de la que ya informar\u00e9).<\/span><\/p>\n<p><span style=\"font-size: 14pt;\">El AGA se traslada. En tres meses se tendr\u00e1n que mover 88 mil 481 cajas acomodadas en 5 mil 50 tarimas, para 421 viajes de cami\u00f3n tipo Torton. Adem\u00e1s de los cerca de 400 mil planos y 120 planeras y muebles especialmente dise\u00f1ados para el AGA. Posteriormente viajar\u00e1n las oficinas del RAN, el <em>site<\/em> de 400 <em>terabytes<\/em> que atiende un AGA ya casi totalmente digitalizado y un RAN que responde de manera cada vez m\u00e1s \u00e1gil v\u00eda electr\u00f3nica. Y en cuatro meses y medio tiene que estar todo acomodado y en su sitio para atender al p\u00fablico.<\/span><\/p>\n<p><span style=\"font-size: 14pt;\">El RAN no s\u00f3lo estar\u00e1 en el centro, sino que deber\u00e1 encarar nuevos desaf\u00edos: convertirse en un centro de investigaci\u00f3n y divulgaci\u00f3n de la historia y la realidad del M\u00e9xico agrario\u2026 e impulsar uno de los pendientes de la #4T: la reforma al art\u00edculo 27 constitucional con sentido humanista, social y comunitario.<\/span><\/p>\n","protected":false},"excerpt":{"rendered":"<p>El pasado viernes se public\u00f3 en el Diario Oficial de la Federaci\u00f3n un acuerdo firmado por el arquitecto Rom\u00e1n Meyer<\/p>\n","protected":false},"author":4,"featured_media":32843,"comment_status":"closed","ping_status":"closed","sticky":false,"template":"","format":"standard","meta":{"colormag_page_container_layout":"default_layout","colormag_page_sidebar_layout":"default_layout","_jetpack_memberships_contains_paid_content":false,"footnotes":"","jetpack_publicize_message":"","jetpack_publicize_feature_enabled":true,"jetpack_social_post_already_shared":false,"jetpack_social_options":{"image_generator_settings":{"template":"highway","default_image_id":0,"font":"","enabled":false},"version":2}},"categories":[33],"tags":[3201,2234],"class_list":["post-32842","post","type-post","status-publish","format-standard","has-post-thumbnail","hentry","category-nacional","tag-archivo-general-agrario","tag-diario-oficial-de-la-federacion"],"jetpack_publicize_connections":[],"jetpack_featured_media_url":"https:\/\/i0.wp.com\/politicosaldesnudo.com.mx\/wp-content\/uploads\/2024\/03\/EoG869uUYAAWbRf.jpg?fit=1650%2C643&ssl=1","jetpack-related-posts":[],"jetpack_sharing_enabled":true,"_links":{"self":[{"href":"https:\/\/politicosaldesnudo.com.mx\/index.php\/wp-json\/wp\/v2\/posts\/32842","targetHints":{"allow":["GET"]}}],"collection":[{"href":"https:\/\/politicosaldesnudo.com.mx\/index.php\/wp-json\/wp\/v2\/posts"}],"about":[{"href":"https:\/\/politicosaldesnudo.com.mx\/index.php\/wp-json\/wp\/v2\/types\/post"}],"author":[{"embeddable":true,"href":"https:\/\/politicosaldesnudo.com.mx\/index.php\/wp-json\/wp\/v2\/users\/4"}],"replies":[{"embeddable":true,"href":"https:\/\/politicosaldesnudo.com.mx\/index.php\/wp-json\/wp\/v2\/comments?post=32842"}],"version-history":[{"count":0,"href":"https:\/\/politicosaldesnudo.com.mx\/index.php\/wp-json\/wp\/v2\/posts\/32842\/revisions"}],"wp:featuredmedia":[{"embeddable":true,"href":"https:\/\/politicosaldesnudo.com.mx\/index.php\/wp-json\/wp\/v2\/media\/32843"}],"wp:attachment":[{"href":"https:\/\/politicosaldesnudo.com.mx\/index.php\/wp-json\/wp\/v2\/media?parent=32842"}],"wp:term":[{"taxonomy":"category","embeddable":true,"href":"https:\/\/politicosaldesnudo.com.mx\/index.php\/wp-json\/wp\/v2\/categories?post=32842"},{"taxonomy":"post_tag","embeddable":true,"href":"https:\/\/politicosaldesnudo.com.mx\/index.php\/wp-json\/wp\/v2\/tags?post=32842"}],"curies":[{"name":"wp","href":"https:\/\/api.w.org\/{rel}","templated":true}]}}