{"id":33136,"date":"2024-03-09T12:06:33","date_gmt":"2024-03-09T18:06:33","guid":{"rendered":"https:\/\/politicosaldesnudo.com.mx\/?p=33136"},"modified":"2024-03-09T12:06:33","modified_gmt":"2024-03-09T18:06:33","slug":"firman-compromisos-en-favor-de-elecciones-libres-de-violencia-contra-mujeres","status":"publish","type":"post","link":"https:\/\/politicosaldesnudo.com.mx\/index.php\/2024\/03\/09\/firman-compromisos-en-favor-de-elecciones-libres-de-violencia-contra-mujeres\/","title":{"rendered":"Firman compromisos en favor de elecciones libres de violencia contra mujeres"},"content":{"rendered":"<p><span style=\"font-size: 14pt;\">Representantes de los siete partidos pol\u00edticos nacionales acudieron este viernes al Instituto Nacional Electoral (INE) para firmar compromisos en favor de elecciones libres de violencia pol\u00edtica contra las mujeres y de estereotipos sexistas.<\/span><\/p>\n<p class=\"western\"><span style=\"font-size: 14pt;\">El acuerdo marca que ser\u00e1n omitidas las postulaciones de candidaturas de personas violentas y, a la vez, se denunciar\u00e1 todo acto de discriminaci\u00f3n, a partir de una estrategia de \u2018cero tolerancia\u2019 y, en su caso, se impondr\u00e1n sanciones para garantizar la reparaci\u00f3n del da\u00f1o.<\/span><\/p>\n<p class=\"western\"><span style=\"font-size: 14pt;\">Tambi\u00e9n se impulsar\u00e1 no solo la participaci\u00f3n de las mujeres sino su competitividad en las candidaturas, con \u201cacceso efectivo e igualitario al financiamiento\u201d para campa\u00f1as, as\u00ed como tiempo en radio y televisi\u00f3n.<\/span><\/p>\n<p class=\"western\"><span style=\"font-size: 14pt;\">Y aunque en los otros compromisos se incluyen acciones para ponderar los derechos de las militantes, los partidos nacionales est\u00e1n dirigidos por hombres, quienes toman las decisiones centrales.<\/span><\/p>\n<p class=\"western\"><span style=\"font-size: 14pt;\">De hecho, para la contienda del 2 de junio, los dirigentes del PAN, PRI y PRD se asignaron lugares preferentes en las listas de puestos de elecci\u00f3n popular y, en el caso del Partido Verde, si bien lo dirige una mujer, ella no fue considerada para los sitios c\u00faspide de las listas de candidatos al Congreso de la Uni\u00f3n.<\/span><\/p>\n<p class=\"western\"><span style=\"font-size: 14pt;\">La presidenta del INE, Guadalupe Taddei escuch\u00f3 los diagn\u00f3sticos de las personas invitadas, mujeres que ocupan distintos cargos en los partidos, pero no la presidencia o la coordinaci\u00f3n nacional.<\/span><\/p>\n<p class=\"western\"><span style=\"font-size: 14pt;\">En ese contexto la consejera dijo que \u201clas mujeres no podemos permanecer en estos momentos sentadas, viendo c\u00f3mo los \u00e9xitos llegan, c\u00f3mo se avanza sin necesidad de nuestra participaci\u00f3n\u201d, sino avanzar \u201chermanadas\u201d.<\/span><\/p>\n<p class=\"western\"><span style=\"font-size: 14pt;\">Tanto en el evento como despu\u00e9s, al inicio de la sesi\u00f3n extraordinaria del consejo general, sostuvo que nadie puede echar campa\u00f1as al vuelo respecto a la realidad cotidiana en materia de igualdad de g\u00e9nero, de ah\u00ed que pidi\u00f3 \u201cno bajar la guardia\u201d frente a las amenazas hacia los derechos de las mujeres.<\/span><\/p>\n<p class=\"western\"><span style=\"font-size: 14pt;\">Subray\u00f3 que el compromiso debe ser con las miles de mujeres candidatas en este proceso electoral, para garantizar que su participaci\u00f3n se d\u00e9 en igualdad de condiciones y libre de violencia pol\u00edtica por raz\u00f3n de g\u00e9nero.<\/span><\/p>\n<p class=\"western\"><span style=\"font-size: 14pt;\">Dijo que gracias a mujeres en puestos de direcci\u00f3n, la voz de la mujer termina por ser escuchada, as\u00ed que celebr\u00f3 la firma de los compromisos avalada \u201cpor las voces de las mujeres que al interior de los partidos tienen peso\u201d.<\/span><\/p>\n<p class=\"western\"><span style=\"font-size: 14pt;\">Tanto en el auditorio y en el sal\u00f3n de sesiones fueron colocadas cartulinas rosas y moradas con las palabras: derechos, paridad, democracia e igualdad.<\/span><\/p>\n","protected":false},"excerpt":{"rendered":"<p>Representantes de los siete partidos pol\u00edticos nacionales acudieron este viernes al Instituto Nacional Electoral (INE) para firmar compromisos en favor [&hellip;]<\/p>\n","protected":false},"author":4,"featured_media":33137,"comment_status":"closed","ping_status":"closed","sticky":false,"template":"","format":"standard","meta":{"site-sidebar-layout":"default","site-content-layout":"","ast-site-content-layout":"default","site-content-style":"default","site-sidebar-style":"default","ast-global-header-display":"","ast-banner-title-visibility":"","ast-main-header-display":"","ast-hfb-above-header-display":"","ast-hfb-below-header-display":"","ast-hfb-mobile-header-display":"","site-post-title":"","ast-breadcrumbs-content":"","ast-featured-img":"","footer-sml-layout":"","ast-disable-related-posts":"","theme-transparent-header-meta":"","adv-header-id-meta":"","stick-header-meta":"","header-above-stick-meta":"","header-main-stick-meta":"","header-below-stick-meta":"","astra-migrate-meta-layouts":"default","ast-page-background-enabled":"default","ast-page-background-meta":{"desktop":{"background-color":"var(--ast-global-color-5)","background-image":"","background-repeat":"repeat","background-position":"center center","background-size":"auto","background-attachment":"scroll","background-type":"","background-media":"","overlay-type":"","overlay-color":"","overlay-opacity":"","overlay-gradient":""},"tablet":{"background-color":"","background-image":"","background-repeat":"repeat","background-position":"center center","background-size":"auto","background-attachment":"scroll","background-type":"","background-media":"","overlay-type":"","overlay-color":"","overlay-opacity":"","overlay-gradient":""},"mobile":{"background-color":"","background-image":"","background-repeat":"repeat","background-position":"center center","background-size":"auto","background-attachment":"scroll","background-type":"","background-media":"","overlay-type":"","overlay-color":"","overlay-opacity":"","overlay-gradient":""}},"ast-content-background-meta":{"desktop":{"background-color":"var(--ast-global-color-4)","background-image":"","background-repeat":"repeat","background-position":"center center","background-size":"auto","background-attachment":"scroll","background-type":"","background-media":"","overlay-type":"","overlay-color":"","overlay-opacity":"","overlay-gradient":""},"tablet":{"background-color":"var(--ast-global-color-4)","background-image":"","background-repeat":"repeat","background-position":"center center","background-size":"auto","background-attachment":"scroll","background-type":"","background-media":"","overlay-type":"","overlay-color":"","overlay-opacity":"","overlay-gradient":""},"mobile":{"background-color":"var(--ast-global-color-4)","background-image":"","background-repeat":"repeat","background-position":"center center","background-size":"auto","background-attachment":"scroll","background-type":"","background-media":"","overlay-type":"","overlay-color":"","overlay-opacity":"","overlay-gradient":""}},"_jetpack_newsletter_access":"","_jetpack_dont_email_post_to_subs":false,"_jetpack_newsletter_tier_id":0,"_jetpack_memberships_contains_paywalled_content":false,"_jetpack_feature_clip_id":0,"_jetpack_memberships_contains_paid_content":false,"footnotes":"","jetpack_publicize_message":"","jetpack_publicize_feature_enabled":true,"jetpack_social_post_already_shared":false,"jetpack_social_options":{"image_generator_settings":{"template":"highway","default_image_id":0,"font":"","enabled":false},"version":2},"jetpack_post_was_ever_published":false},"categories":[33],"tags":[],"class_list":["post-33136","post","type-post","status-publish","format-standard","has-post-thumbnail","hentry","category-nacional"],"yoast_head":"<!-- This site is optimized with the Yoast SEO plugin v28.3 - https:\/\/yoast.com\/product\/yoast-seo-wordpress\/ -->\n<title>Firman compromisos en favor de elecciones libres de violencia contra mujeres - Pol\u00edticos al Desnudo<\/title>\n<meta name=\"robots\" content=\"index, follow, max-snippet:-1, max-image-preview:large, max-video-preview:-1\" \/>\n<link rel=\"canonical\" href=\"https:\/\/politicosaldesnudo.com.mx\/index.php\/2024\/03\/09\/firman-compromisos-en-favor-de-elecciones-libres-de-violencia-contra-mujeres\/\" \/>\n<meta property=\"og:locale\" content=\"es_ES\" \/>\n<meta property=\"og:type\" content=\"article\" \/>\n<meta property=\"og:title\" content=\"Firman compromisos en favor de elecciones libres de violencia contra mujeres - Pol\u00edticos al Desnudo\" \/>\n<meta property=\"og:description\" content=\"Representantes de los siete partidos pol\u00edticos nacionales acudieron este viernes al Instituto Nacional Electoral (INE) para firmar compromisos en favor [&hellip;]\" \/>\n<meta property=\"og:url\" content=\"https:\/\/politicosaldesnudo.com.mx\/index.php\/2024\/03\/09\/firman-compromisos-en-favor-de-elecciones-libres-de-violencia-contra-mujeres\/\" \/>\n<meta property=\"og:site_name\" content=\"Pol\u00edticos al Desnudo\" \/>\n<meta property=\"article:publisher\" content=\"https:\/\/www.facebook.com\/PoliticosAD\" \/>\n<meta property=\"article:published_time\" content=\"2024-03-09T18:06:33+00:00\" \/>\n<meta property=\"og:image\" content=\"https:\/\/i0.wp.com\/politicosaldesnudo.com.mx\/wp-content\/uploads\/2024\/03\/Polish_20240308_182621601.jpg?fit=1125%2C750&ssl=1\" \/>\n\t<meta property=\"og:image:width\" content=\"1125\" \/>\n\t<meta property=\"og:image:height\" content=\"750\" \/>\n\t<meta property=\"og:image:type\" content=\"image\/jpeg\" \/>\n<meta name=\"author\" content=\"Redacci\u00f3n Pol\u00edticos\" \/>\n<meta name=\"twitter:card\" content=\"summary_large_image\" \/>\n<meta name=\"twitter:label1\" content=\"Escrito por\" \/>\n\t<meta name=\"twitter:data1\" content=\"Redacci\u00f3n Pol\u00edticos\" \/>\n\t<meta name=\"twitter:label2\" content=\"Tiempo de lectura\" \/>\n\t<meta name=\"twitter:data2\" content=\"2 minutos\" \/>\n<script type=\"application\/ld+json\" class=\"yoast-schema-graph\">{\"@context\":\"https:\\\/\\\/schema.org\",\"@graph\":[{\"@type\":\"Article\",\"@id\":\"https:\\\/\\\/politicosaldesnudo.com.mx\\\/index.php\\\/2024\\\/03\\\/09\\\/firman-compromisos-en-favor-de-elecciones-libres-de-violencia-contra-mujeres\\\/#article\",\"isPartOf\":{\"@id\":\"https:\\\/\\\/politicosaldesnudo.com.mx\\\/index.php\\\/2024\\\/03\\\/09\\\/firman-compromisos-en-favor-de-elecciones-libres-de-violencia-contra-mujeres\\\/\"},\"author\":{\"name\":\"Redacci\u00f3n Pol\u00edticos\",\"@id\":\"https:\\\/\\\/politicosaldesnudo.com.mx\\\/#\\\/schema\\\/person\\\/ef3a64e561cc3f3f5dc52fab81adde7e\"},\"headline\":\"Firman compromisos en favor de elecciones libres de violencia contra mujeres\",\"datePublished\":\"2024-03-09T18:06:33+00:00\",\"mainEntityOfPage\":{\"@id\":\"https:\\\/\\\/politicosaldesnudo.com.mx\\\/index.php\\\/2024\\\/03\\\/09\\\/firman-compromisos-en-favor-de-elecciones-libres-de-violencia-contra-mujeres\\\/\"},\"wordCount\":450,\"publisher\":{\"@id\":\"https:\\\/\\\/politicosaldesnudo.com.mx\\\/#organization\"},\"image\":{\"@id\":\"https:\\\/\\\/politicosaldesnudo.com.mx\\\/index.php\\\/2024\\\/03\\\/09\\\/firman-compromisos-en-favor-de-elecciones-libres-de-violencia-contra-mujeres\\\/#primaryimage\"},\"thumbnailUrl\":\"https:\\\/\\\/i0.wp.com\\\/politicosaldesnudo.com.mx\\\/wp-content\\\/uploads\\\/2024\\\/03\\\/Polish_20240308_182621601.jpg?fit=1125%2C750&ssl=1\",\"articleSection\":[\"NACIONAL\"],\"inLanguage\":\"es\"},{\"@type\":\"WebPage\",\"@id\":\"https:\\\/\\\/politicosaldesnudo.com.mx\\\/index.php\\\/2024\\\/03\\\/09\\\/firman-compromisos-en-favor-de-elecciones-libres-de-violencia-contra-mujeres\\\/\",\"url\":\"https:\\\/\\\/politicosaldesnudo.com.mx\\\/index.php\\\/2024\\\/03\\\/09\\\/firman-compromisos-en-favor-de-elecciones-libres-de-violencia-contra-mujeres\\\/\",\"name\":\"Firman compromisos en favor de elecciones libres de violencia contra mujeres - Pol\u00edticos al Desnudo\",\"isPartOf\":{\"@id\":\"https:\\\/\\\/politicosaldesnudo.com.mx\\\/#website\"},\"primaryImageOfPage\":{\"@id\":\"https:\\\/\\\/politicosaldesnudo.com.mx\\\/index.php\\\/2024\\\/03\\\/09\\\/firman-compromisos-en-favor-de-elecciones-libres-de-violencia-contra-mujeres\\\/#primaryimage\"},\"image\":{\"@id\":\"https:\\\/\\\/politicosaldesnudo.com.mx\\\/index.php\\\/2024\\\/03\\\/09\\\/firman-compromisos-en-favor-de-elecciones-libres-de-violencia-contra-mujeres\\\/#primaryimage\"},\"thumbnailUrl\":\"https:\\\/\\\/i0.wp.com\\\/politicosaldesnudo.com.mx\\\/wp-content\\\/uploads\\\/2024\\\/03\\\/Polish_20240308_182621601.jpg?fit=1125%2C750&ssl=1\",\"datePublished\":\"2024-03-09T18:06:33+00:00\",\"breadcrumb\":{\"@id\":\"https:\\\/\\\/politicosaldesnudo.com.mx\\\/index.php\\\/2024\\\/03\\\/09\\\/firman-compromisos-en-favor-de-elecciones-libres-de-violencia-contra-mujeres\\\/#breadcrumb\"},\"inLanguage\":\"es\",\"potentialAction\":[{\"@type\":\"ReadAction\",\"target\":[\"https:\\\/\\\/politicosaldesnudo.com.mx\\\/index.php\\\/2024\\\/03\\\/09\\\/firman-compromisos-en-favor-de-elecciones-libres-de-violencia-contra-mujeres\\\/\"]}]},{\"@type\":\"ImageObject\",\"inLanguage\":\"es\",\"@id\":\"https:\\\/\\\/politicosaldesnudo.com.mx\\\/index.php\\\/2024\\\/03\\\/09\\\/firman-compromisos-en-favor-de-elecciones-libres-de-violencia-contra-mujeres\\\/#primaryimage\",\"url\":\"https:\\\/\\\/i0.wp.com\\\/politicosaldesnudo.com.mx\\\/wp-content\\\/uploads\\\/2024\\\/03\\\/Polish_20240308_182621601.jpg?fit=1125%2C750&ssl=1\",\"contentUrl\":\"https:\\\/\\\/i0.wp.com\\\/politicosaldesnudo.com.mx\\\/wp-content\\\/uploads\\\/2024\\\/03\\\/Polish_20240308_182621601.jpg?fit=1125%2C750&ssl=1\",\"width\":1125,\"height\":750},{\"@type\":\"BreadcrumbList\",\"@id\":\"https:\\\/\\\/politicosaldesnudo.com.mx\\\/index.php\\\/2024\\\/03\\\/09\\\/firman-compromisos-en-favor-de-elecciones-libres-de-violencia-contra-mujeres\\\/#breadcrumb\",\"itemListElement\":[{\"@type\":\"ListItem\",\"position\":1,\"name\":\"Portada\",\"item\":\"https:\\\/\\\/politicosaldesnudo.com.mx\\\/\"},{\"@type\":\"ListItem\",\"position\":2,\"name\":\"Firman compromisos en favor de elecciones libres de violencia contra mujeres\"}]},{\"@type\":\"WebSite\",\"@id\":\"https:\\\/\\\/politicosaldesnudo.com.mx\\\/#website\",\"url\":\"https:\\\/\\\/politicosaldesnudo.com.mx\\\/\",\"name\":\"Pol\u00edticos al Desnudo\",\"description\":\"\",\"publisher\":{\"@id\":\"https:\\\/\\\/politicosaldesnudo.com.mx\\\/#organization\"},\"potentialAction\":[{\"@type\":\"SearchAction\",\"target\":{\"@type\":\"EntryPoint\",\"urlTemplate\":\"https:\\\/\\\/politicosaldesnudo.com.mx\\\/?s={search_term_string}\"},\"query-input\":{\"@type\":\"PropertyValueSpecification\",\"valueRequired\":true,\"valueName\":\"search_term_string\"}}],\"inLanguage\":\"es\"},{\"@type\":\"Organization\",\"@id\":\"https:\\\/\\\/politicosaldesnudo.com.mx\\\/#organization\",\"name\":\"Pol\u00edticos al Desnudo\",\"url\":\"https:\\\/\\\/politicosaldesnudo.com.mx\\\/\",\"logo\":{\"@type\":\"ImageObject\",\"inLanguage\":\"es\",\"@id\":\"https:\\\/\\\/politicosaldesnudo.com.mx\\\/#\\\/schema\\\/logo\\\/image\\\/\",\"url\":\"https:\\\/\\\/i0.wp.com\\\/politicosaldesnudo.com.mx\\\/wp-content\\\/uploads\\\/2026\\\/08\\\/cropped-logo.webp?fit=400%2C126&ssl=1\",\"contentUrl\":\"https:\\\/\\\/i0.wp.com\\\/politicosaldesnudo.com.mx\\\/wp-content\\\/uploads\\\/2026\\\/08\\\/cropped-logo.webp?fit=400%2C126&ssl=1\",\"width\":400,\"height\":126,\"caption\":\"Pol\u00edticos al Desnudo\"},\"image\":{\"@id\":\"https:\\\/\\\/politicosaldesnudo.com.mx\\\/#\\\/schema\\\/logo\\\/image\\\/\"},\"sameAs\":[\"https:\\\/\\\/www.facebook.com\\\/PoliticosAD\"]},{\"@type\":\"Person\",\"@id\":\"https:\\\/\\\/politicosaldesnudo.com.mx\\\/#\\\/schema\\\/person\\\/ef3a64e561cc3f3f5dc52fab81adde7e\",\"name\":\"Redacci\u00f3n Pol\u00edticos\",\"url\":\"https:\\\/\\\/politicosaldesnudo.com.mx\\\/index.php\\\/author\\\/redaccion-politicos\\\/\"}]}<\/script>\n<!-- \/ Yoast SEO plugin. -->","yoast_head_json":{"title":"Firman compromisos en favor de elecciones libres de violencia contra mujeres - Pol\u00edticos al Desnudo","robots":{"index":"index","follow":"follow","max-snippet":"max-snippet:-1","max-image-preview":"max-image-preview:large","max-video-preview":"max-video-preview:-1"},"canonical":"https:\/\/politicosaldesnudo.com.mx\/index.php\/2024\/03\/09\/firman-compromisos-en-favor-de-elecciones-libres-de-violencia-contra-mujeres\/","og_locale":"es_ES","og_type":"article","og_title":"Firman compromisos en favor de elecciones libres de violencia contra mujeres - Pol\u00edticos al Desnudo","og_description":"Representantes de los siete partidos pol\u00edticos nacionales acudieron este viernes al Instituto Nacional Electoral (INE) para firmar compromisos en favor [&hellip;]","og_url":"https:\/\/politicosaldesnudo.com.mx\/index.php\/2024\/03\/09\/firman-compromisos-en-favor-de-elecciones-libres-de-violencia-contra-mujeres\/","og_site_name":"Pol\u00edticos al Desnudo","article_publisher":"https:\/\/www.facebook.com\/PoliticosAD","article_published_time":"2024-03-09T18:06:33+00:00","og_image":[{"width":1125,"height":750,"url":"https:\/\/i0.wp.com\/politicosaldesnudo.com.mx\/wp-content\/uploads\/2024\/03\/Polish_20240308_182621601.jpg?fit=1125%2C750&ssl=1","type":"image\/jpeg"}],"author":"Redacci\u00f3n Pol\u00edticos","twitter_card":"summary_large_image","twitter_misc":{"Escrito por":"Redacci\u00f3n Pol\u00edticos","Tiempo de lectura":"2 minutos"},"schema":{"@context":"https:\/\/schema.org","@graph":[{"@type":"Article","@id":"https:\/\/politicosaldesnudo.com.mx\/index.php\/2024\/03\/09\/firman-compromisos-en-favor-de-elecciones-libres-de-violencia-contra-mujeres\/#article","isPartOf":{"@id":"https:\/\/politicosaldesnudo.com.mx\/index.php\/2024\/03\/09\/firman-compromisos-en-favor-de-elecciones-libres-de-violencia-contra-mujeres\/"},"author":{"name":"Redacci\u00f3n Pol\u00edticos","@id":"https:\/\/politicosaldesnudo.com.mx\/#\/schema\/person\/ef3a64e561cc3f3f5dc52fab81adde7e"},"headline":"Firman compromisos en favor de elecciones libres de violencia contra mujeres","datePublished":"2024-03-09T18:06:33+00:00","mainEntityOfPage":{"@id":"https:\/\/politicosaldesnudo.com.mx\/index.php\/2024\/03\/09\/firman-compromisos-en-favor-de-elecciones-libres-de-violencia-contra-mujeres\/"},"wordCount":450,"publisher":{"@id":"https:\/\/politicosaldesnudo.com.mx\/#organization"},"image":{"@id":"https:\/\/politicosaldesnudo.com.mx\/index.php\/2024\/03\/09\/firman-compromisos-en-favor-de-elecciones-libres-de-violencia-contra-mujeres\/#primaryimage"},"thumbnailUrl":"https:\/\/i0.wp.com\/politicosaldesnudo.com.mx\/wp-content\/uploads\/2024\/03\/Polish_20240308_182621601.jpg?fit=1125%2C750&ssl=1","articleSection":["NACIONAL"],"inLanguage":"es"},{"@type":"WebPage","@id":"https:\/\/politicosaldesnudo.com.mx\/index.php\/2024\/03\/09\/firman-compromisos-en-favor-de-elecciones-libres-de-violencia-contra-mujeres\/","url":"https:\/\/politicosaldesnudo.com.mx\/index.php\/2024\/03\/09\/firman-compromisos-en-favor-de-elecciones-libres-de-violencia-contra-mujeres\/","name":"Firman compromisos en favor de elecciones libres de violencia contra mujeres - Pol\u00edticos al Desnudo","isPartOf":{"@id":"https:\/\/politicosaldesnudo.com.mx\/#website"},"primaryImageOfPage":{"@id":"https:\/\/politicosaldesnudo.com.mx\/index.php\/2024\/03\/09\/firman-compromisos-en-favor-de-elecciones-libres-de-violencia-contra-mujeres\/#primaryimage"},"image":{"@id":"https:\/\/politicosaldesnudo.com.mx\/index.php\/2024\/03\/09\/firman-compromisos-en-favor-de-elecciones-libres-de-violencia-contra-mujeres\/#primaryimage"},"thumbnailUrl":"https:\/\/i0.wp.com\/politicosaldesnudo.com.mx\/wp-content\/uploads\/2024\/03\/Polish_20240308_182621601.jpg?fit=1125%2C750&ssl=1","datePublished":"2024-03-09T18:06:33+00:00","breadcrumb":{"@id":"https:\/\/politicosaldesnudo.com.mx\/index.php\/2024\/03\/09\/firman-compromisos-en-favor-de-elecciones-libres-de-violencia-contra-mujeres\/#breadcrumb"},"inLanguage":"es","potentialAction":[{"@type":"ReadAction","target":["https:\/\/politicosaldesnudo.com.mx\/index.php\/2024\/03\/09\/firman-compromisos-en-favor-de-elecciones-libres-de-violencia-contra-mujeres\/"]}]},{"@type":"ImageObject","inLanguage":"es","@id":"https:\/\/politicosaldesnudo.com.mx\/index.php\/2024\/03\/09\/firman-compromisos-en-favor-de-elecciones-libres-de-violencia-contra-mujeres\/#primaryimage","url":"https:\/\/i0.wp.com\/politicosaldesnudo.com.mx\/wp-content\/uploads\/2024\/03\/Polish_20240308_182621601.jpg?fit=1125%2C750&ssl=1","contentUrl":"https:\/\/i0.wp.com\/politicosaldesnudo.com.mx\/wp-content\/uploads\/2024\/03\/Polish_20240308_182621601.jpg?fit=1125%2C750&ssl=1","width":1125,"height":750},{"@type":"BreadcrumbList","@id":"https:\/\/politicosaldesnudo.com.mx\/index.php\/2024\/03\/09\/firman-compromisos-en-favor-de-elecciones-libres-de-violencia-contra-mujeres\/#breadcrumb","itemListElement":[{"@type":"ListItem","position":1,"name":"Portada","item":"https:\/\/politicosaldesnudo.com.mx\/"},{"@type":"ListItem","position":2,"name":"Firman compromisos en favor de elecciones libres de violencia contra mujeres"}]},{"@type":"WebSite","@id":"https:\/\/politicosaldesnudo.com.mx\/#website","url":"https:\/\/politicosaldesnudo.com.mx\/","name":"Pol\u00edticos al Desnudo","description":"","publisher":{"@id":"https:\/\/politicosaldesnudo.com.mx\/#organization"},"potentialAction":[{"@type":"SearchAction","target":{"@type":"EntryPoint","urlTemplate":"https:\/\/politicosaldesnudo.com.mx\/?s={search_term_string}"},"query-input":{"@type":"PropertyValueSpecification","valueRequired":true,"valueName":"search_term_string"}}],"inLanguage":"es"},{"@type":"Organization","@id":"https:\/\/politicosaldesnudo.com.mx\/#organization","name":"Pol\u00edticos al Desnudo","url":"https:\/\/politicosaldesnudo.com.mx\/","logo":{"@type":"ImageObject","inLanguage":"es","@id":"https:\/\/politicosaldesnudo.com.mx\/#\/schema\/logo\/image\/","url":"https:\/\/i0.wp.com\/politicosaldesnudo.com.mx\/wp-content\/uploads\/2026\/08\/cropped-logo.webp?fit=400%2C126&ssl=1","contentUrl":"https:\/\/i0.wp.com\/politicosaldesnudo.com.mx\/wp-content\/uploads\/2026\/08\/cropped-logo.webp?fit=400%2C126&ssl=1","width":400,"height":126,"caption":"Pol\u00edticos al Desnudo"},"image":{"@id":"https:\/\/politicosaldesnudo.com.mx\/#\/schema\/logo\/image\/"},"sameAs":["https:\/\/www.facebook.com\/PoliticosAD"]},{"@type":"Person","@id":"https:\/\/politicosaldesnudo.com.mx\/#\/schema\/person\/ef3a64e561cc3f3f5dc52fab81adde7e","name":"Redacci\u00f3n Pol\u00edticos","url":"https:\/\/politicosaldesnudo.com.mx\/index.php\/author\/redaccion-politicos\/"}]}},"jetpack_publicize_connections":[],"jetpack-related-posts":[{"id":20097,"url":"https:\/\/politicosaldesnudo.com.mx\/index.php\/2023\/05\/22\/inicia-nueva-era-para-egresados-del-ipn\/","url_meta":{"origin":33136,"position":0},"title":"Inicia nueva era para Egresados del Instituto Polit\u00e9cnico Nacional","author":"Redacci\u00f3n Pol\u00edticos","date":"22 de mayo de 2023","format":false,"excerpt":"\u00a0 <<El presidente Marcos Antonio \u00c1vila Cadena hace un llamado: \u201cLas mujeres son primero\u201d desde tribuna invita a sumarse al plan de trabajo Consejo Nacional de Egresados>> \u00a0 CIUDAD DE M\u00c9XICO. Toma protesta Marcos Antonio \u00c1vila Cadena, como presidente del Consejo Nacional de Egresados del Instituto Polit\u00e9cnico Nacional, en el\u2026","rel":"","context":"En \u00abESTADOS\u00bb","block_context":{"text":"ESTADOS","link":"https:\/\/politicosaldesnudo.com.mx\/index.php\/category\/estados\/"},"img":{"alt_text":"","src":"https:\/\/i0.wp.com\/politicosaldesnudo.com.mx\/wp-content\/uploads\/2023\/05\/P-EGRESADOS-TOMA-PROTESTA-1.png?fit=1200%2C671&ssl=1&resize=350%2C200","width":350,"height":200,"srcset":"https:\/\/i0.wp.com\/politicosaldesnudo.com.mx\/wp-content\/uploads\/2023\/05\/P-EGRESADOS-TOMA-PROTESTA-1.png?fit=1200%2C671&ssl=1&resize=350%2C200 1x, https:\/\/i0.wp.com\/politicosaldesnudo.com.mx\/wp-content\/uploads\/2023\/05\/P-EGRESADOS-TOMA-PROTESTA-1.png?fit=1200%2C671&ssl=1&resize=525%2C300 1.5x, https:\/\/i0.wp.com\/politicosaldesnudo.com.mx\/wp-content\/uploads\/2023\/05\/P-EGRESADOS-TOMA-PROTESTA-1.png?fit=1200%2C671&ssl=1&resize=700%2C400 2x, https:\/\/i0.wp.com\/politicosaldesnudo.com.mx\/wp-content\/uploads\/2023\/05\/P-EGRESADOS-TOMA-PROTESTA-1.png?fit=1200%2C671&ssl=1&resize=1050%2C600 3x"},"classes":[]},{"id":88054,"url":"https:\/\/politicosaldesnudo.com.mx\/index.php\/2026\/08\/25\/sinaloa-cambia-de-mando-en-plena-crisis-graciela-dominguez-promete-recuperar-la-paz\/","url_meta":{"origin":33136,"position":1},"title":"Sinaloa cambia de mando en plena crisis: Graciela Dom\u00ednguez promete recuperar la paz","author":"Redacci\u00f3n Pol\u00edticos","date":"25 de agosto de 2026","format":false,"excerpt":"En medio de una profunda crisis pol\u00edtica y de seguridad, Graciela Dom\u00ednguez Nava asumi\u00f3 este martes como gobernadora interina de Sinaloa, luego de que el Congreso estatal aprobara su nombramiento con 31 votos a favor y seis en contra. La nueva mandataria permanecer\u00e1 al frente del Ejecutivo hasta el 31\u2026","rel":"","context":"En \u00abESTADOS\u00bb","block_context":{"text":"ESTADOS","link":"https:\/\/politicosaldesnudo.com.mx\/index.php\/category\/estados\/"},"img":{"alt_text":"","src":"https:\/\/i0.wp.com\/politicosaldesnudo.com.mx\/wp-content\/uploads\/2026\/08\/786944545_1406389748261728_4147593619491061114_n.jpg?fit=1200%2C801&ssl=1&resize=350%2C200","width":350,"height":200,"srcset":"https:\/\/i0.wp.com\/politicosaldesnudo.com.mx\/wp-content\/uploads\/2026\/08\/786944545_1406389748261728_4147593619491061114_n.jpg?fit=1200%2C801&ssl=1&resize=350%2C200 1x, https:\/\/i0.wp.com\/politicosaldesnudo.com.mx\/wp-content\/uploads\/2026\/08\/786944545_1406389748261728_4147593619491061114_n.jpg?fit=1200%2C801&ssl=1&resize=525%2C300 1.5x, https:\/\/i0.wp.com\/politicosaldesnudo.com.mx\/wp-content\/uploads\/2026\/08\/786944545_1406389748261728_4147593619491061114_n.jpg?fit=1200%2C801&ssl=1&resize=700%2C400 2x, https:\/\/i0.wp.com\/politicosaldesnudo.com.mx\/wp-content\/uploads\/2026\/08\/786944545_1406389748261728_4147593619491061114_n.jpg?fit=1200%2C801&ssl=1&resize=1050%2C600 3x"},"classes":[]},{"id":87930,"url":"https:\/\/politicosaldesnudo.com.mx\/index.php\/2026\/08\/21\/pan-busca-dejar-atras-la-influencia-de-los-yunes\/","url_meta":{"origin":33136,"position":2},"title":"PAN busca dejar atr\u00e1s la influencia de los Yunes","author":"Redacci\u00f3n Pol\u00edticos","date":"21 de agosto de 2026","format":false,"excerpt":"ALMA GRANDE POR \u00c1NGEL \u00c1LVARO PE\u00d1A La declaraci\u00f3n de Jorge Romero Herrera sobre Miguel \u00c1ngel Yunes Linares y Miguel \u00c1ngel Yunes M\u00e1rquez coloca nuevamente al PAN frente a una de las rupturas pol\u00edticas que m\u00e1s repercusi\u00f3n han tenido en Veracruz. El dirigente nacional asegur\u00f3 que los Yunes ya no tendr\u00e1n\u2026","rel":"","context":"En \u00abOPINI\u00d3N\u00bb","block_context":{"text":"OPINI\u00d3N","link":"https:\/\/politicosaldesnudo.com.mx\/index.php\/category\/columnistas\/"},"img":{"alt_text":"","src":"https:\/\/i0.wp.com\/politicosaldesnudo.com.mx\/wp-content\/uploads\/2026\/08\/ag-210826.png?fit=1200%2C659&ssl=1&resize=350%2C200","width":350,"height":200,"srcset":"https:\/\/i0.wp.com\/politicosaldesnudo.com.mx\/wp-content\/uploads\/2026\/08\/ag-210826.png?fit=1200%2C659&ssl=1&resize=350%2C200 1x, https:\/\/i0.wp.com\/politicosaldesnudo.com.mx\/wp-content\/uploads\/2026\/08\/ag-210826.png?fit=1200%2C659&ssl=1&resize=525%2C300 1.5x, https:\/\/i0.wp.com\/politicosaldesnudo.com.mx\/wp-content\/uploads\/2026\/08\/ag-210826.png?fit=1200%2C659&ssl=1&resize=700%2C400 2x, https:\/\/i0.wp.com\/politicosaldesnudo.com.mx\/wp-content\/uploads\/2026\/08\/ag-210826.png?fit=1200%2C659&ssl=1&resize=1050%2C600 3x"},"classes":[]},{"id":53553,"url":"https:\/\/politicosaldesnudo.com.mx\/index.php\/2025\/01\/03\/la-encuestitis-por-veracruz\/","url_meta":{"origin":33136,"position":3},"title":"La encuestitis por Veracruz","author":"Redacci\u00f3n Pol\u00edticos","date":"3 de enero de 2025","format":false,"excerpt":"Por: Luis Ram\u00edrez Baqueiro \u201cEl valor, al igual que el amor, necesita alimentarse de esperanza.\u201d \u2013 Napole\u00f3n Bonaparte. \u00a0 Un instrumento infalible para determinar y medir el posicionamiento p\u00fablico de los actores pol\u00edticos que aspiran por un posible cargo de elecci\u00f3n popular es la encuesta. Pero en pol\u00edtica como ciencia,\u2026","rel":"","context":"En \u00abOPINI\u00d3N\u00bb","block_context":{"text":"OPINI\u00d3N","link":"https:\/\/politicosaldesnudo.com.mx\/index.php\/category\/columnistas\/"},"img":{"alt_text":"","src":"https:\/\/i0.wp.com\/politicosaldesnudo.com.mx\/wp-content\/uploads\/2024\/05\/LUIS-RAMIREZ-BAQUEIRO.jpg?fit=800%2C445&ssl=1&resize=350%2C200","width":350,"height":200,"srcset":"https:\/\/i0.wp.com\/politicosaldesnudo.com.mx\/wp-content\/uploads\/2024\/05\/LUIS-RAMIREZ-BAQUEIRO.jpg?fit=800%2C445&ssl=1&resize=350%2C200 1x, https:\/\/i0.wp.com\/politicosaldesnudo.com.mx\/wp-content\/uploads\/2024\/05\/LUIS-RAMIREZ-BAQUEIRO.jpg?fit=800%2C445&ssl=1&resize=525%2C300 1.5x, https:\/\/i0.wp.com\/politicosaldesnudo.com.mx\/wp-content\/uploads\/2024\/05\/LUIS-RAMIREZ-BAQUEIRO.jpg?fit=800%2C445&ssl=1&resize=700%2C400 2x"},"classes":[]},{"id":88214,"url":"https:\/\/politicosaldesnudo.com.mx\/index.php\/2026\/08\/31\/pepe-yunes-el-mil-chaquetas\/","url_meta":{"origin":33136,"position":4},"title":"Pepe Yunes: El mil chaquetas","author":"Redacci\u00f3n Pol\u00edticos","date":"31 de agosto de 2026","format":false,"excerpt":"PRIMICIAS Por Vicente Mart\u00ednez Pepe Yunes volvi\u00f3 a aparecer en la escena pol\u00edtica veracruzana y su presencia en la asamblea de Movimiento Ciudadano, realizada este domingo en el puerto, ya despert\u00f3 lecturas rumbo al 2030. Al priista le han puesto el mote de \u201cel mil chaquetas\u201d por su capacidad para\u2026","rel":"","context":"En \u00abOPINI\u00d3N\u00bb","block_context":{"text":"OPINI\u00d3N","link":"https:\/\/politicosaldesnudo.com.mx\/index.php\/category\/columnistas\/"},"img":{"alt_text":"","src":"https:\/\/i0.wp.com\/politicosaldesnudo.com.mx\/wp-content\/uploads\/2026\/08\/vicente-3108.png?fit=1200%2C658&ssl=1&resize=350%2C200","width":350,"height":200,"srcset":"https:\/\/i0.wp.com\/politicosaldesnudo.com.mx\/wp-content\/uploads\/2026\/08\/vicente-3108.png?fit=1200%2C658&ssl=1&resize=350%2C200 1x, https:\/\/i0.wp.com\/politicosaldesnudo.com.mx\/wp-content\/uploads\/2026\/08\/vicente-3108.png?fit=1200%2C658&ssl=1&resize=525%2C300 1.5x, https:\/\/i0.wp.com\/politicosaldesnudo.com.mx\/wp-content\/uploads\/2026\/08\/vicente-3108.png?fit=1200%2C658&ssl=1&resize=700%2C400 2x, https:\/\/i0.wp.com\/politicosaldesnudo.com.mx\/wp-content\/uploads\/2026\/08\/vicente-3108.png?fit=1200%2C658&ssl=1&resize=1050%2C600 3x"},"classes":[]},{"id":87471,"url":"https:\/\/politicosaldesnudo.com.mx\/index.php\/2026\/08\/03\/las-elecciones-del-2027-seran-el-termometro-politico-y-social-de-la-presidenta-claudia-sheinbaum\/","url_meta":{"origin":33136,"position":5},"title":"Las elecciones del 2027 ser\u00e1n el term\u00f3metro pol\u00edtico y social de la presidenta Claudia Sheinbaum","author":"Redacci\u00f3n Pol\u00edticos","date":"3 de agosto de 2026","format":false,"excerpt":"LEAD POL\u00cdTICO\u2026 Por: Ren\u00e9 Mart\u00ednez Torres Los procesos electorales federales del 2027, la renovaci\u00f3n del Senado de la Rep\u00fablica, el Congreso Federal, 17 estados renovar\u00e1n sus gubernaturas, en algunas entidades solo habr\u00e1 elecci\u00f3n de diputados locales y federales como el caso de Veracruz, ser\u00e1 el term\u00f3metro pol\u00edtico y social de\u2026","rel":"","context":"En \u00abOPINI\u00d3N\u00bb","block_context":{"text":"OPINI\u00d3N","link":"https:\/\/politicosaldesnudo.com.mx\/index.php\/category\/columnistas\/"},"img":{"alt_text":"","src":"https:\/\/i0.wp.com\/politicosaldesnudo.com.mx\/wp-content\/uploads\/2026\/02\/LEAD-POLITICO-AZUL.jpg?fit=800%2C445&ssl=1&resize=350%2C200","width":350,"height":200,"srcset":"https:\/\/i0.wp.com\/politicosaldesnudo.com.mx\/wp-content\/uploads\/2026\/02\/LEAD-POLITICO-AZUL.jpg?fit=800%2C445&ssl=1&resize=350%2C200 1x, https:\/\/i0.wp.com\/politicosaldesnudo.com.mx\/wp-content\/uploads\/2026\/02\/LEAD-POLITICO-AZUL.jpg?fit=800%2C445&ssl=1&resize=525%2C300 1.5x, https:\/\/i0.wp.com\/politicosaldesnudo.com.mx\/wp-content\/uploads\/2026\/02\/LEAD-POLITICO-AZUL.jpg?fit=800%2C445&ssl=1&resize=700%2C400 2x"},"classes":[]}],"jetpack_sharing_enabled":true,"jetpack_featured_media_url":"https:\/\/i0.wp.com\/politicosaldesnudo.com.mx\/wp-content\/uploads\/2024\/03\/Polish_20240308_182621601.jpg?fit=1125%2C750&ssl=1","_links":{"self":[{"href":"https:\/\/politicosaldesnudo.com.mx\/index.php\/wp-json\/wp\/v2\/posts\/33136","targetHints":{"allow":["GET"]}}],"collection":[{"href":"https:\/\/politicosaldesnudo.com.mx\/index.php\/wp-json\/wp\/v2\/posts"}],"about":[{"href":"https:\/\/politicosaldesnudo.com.mx\/index.php\/wp-json\/wp\/v2\/types\/post"}],"author":[{"embeddable":true,"href":"https:\/\/politicosaldesnudo.com.mx\/index.php\/wp-json\/wp\/v2\/users\/4"}],"replies":[{"embeddable":true,"href":"https:\/\/politicosaldesnudo.com.mx\/index.php\/wp-json\/wp\/v2\/comments?post=33136"}],"version-history":[{"count":0,"href":"https:\/\/politicosaldesnudo.com.mx\/index.php\/wp-json\/wp\/v2\/posts\/33136\/revisions"}],"wp:featuredmedia":[{"embeddable":true,"href":"https:\/\/politicosaldesnudo.com.mx\/index.php\/wp-json\/wp\/v2\/media\/33137"}],"wp:attachment":[{"href":"https:\/\/politicosaldesnudo.com.mx\/index.php\/wp-json\/wp\/v2\/media?parent=33136"}],"wp:term":[{"taxonomy":"category","embeddable":true,"href":"https:\/\/politicosaldesnudo.com.mx\/index.php\/wp-json\/wp\/v2\/categories?post=33136"},{"taxonomy":"post_tag","embeddable":true,"href":"https:\/\/politicosaldesnudo.com.mx\/index.php\/wp-json\/wp\/v2\/tags?post=33136"}],"curies":[{"name":"wp","href":"https:\/\/api.w.org\/{rel}","templated":true}]}}