{"id":33191,"date":"2024-03-11T01:28:21","date_gmt":"2024-03-11T07:28:21","guid":{"rendered":"https:\/\/politicosaldesnudo.com.mx\/?p=33191"},"modified":"2024-03-11T01:28:21","modified_gmt":"2024-03-11T07:28:21","slug":"mujeres-en-la-historia-politica","status":"publish","type":"post","link":"https:\/\/politicosaldesnudo.com.mx\/index.php\/2024\/03\/11\/mujeres-en-la-historia-politica\/","title":{"rendered":"Mujeres en la historia pol\u00edtica"},"content":{"rendered":"<p><span style=\"font-size: 18pt; color: #cc99ff;\"><strong>ALMA GRANDE<\/strong><\/span><\/p>\n<p><span style=\"font-size: 18pt; color: #cc99ff;\"><strong>Por \u00c1ngel \u00c1lvaro Pe\u00f1a<\/strong><\/span><\/p>\n<p><span style=\"font-size: 14pt;\">Los cargos no hacen historia por s\u00ed mismos, son las personas quienes enaltecen las responsabilidades p\u00fablicas, entre las que se encuentra en un lugar destacado de nuestra historia la actuaci\u00f3n de la mujer en las diferentes etapas de la administraci\u00f3n.<\/span><\/p>\n<p><span style=\"font-size: 18pt;\">En este concepto las mujeres han luchado hasta donde les es posible, para destacar en el mundo complejo de la pol\u00edtica nacional, que cada d\u00eda es m\u00e1s complejo, pero tambi\u00e9n, m\u00e1s nacional, gracias a las mujeres mexicanas.<\/span><\/p>\n<figure id=\"attachment_33195\" aria-describedby=\"caption-attachment-33195\" style=\"width: 800px\" class=\"wp-caption aligncenter\"><img data-recalc-dims=\"1\" loading=\"lazy\" decoding=\"async\" class=\"wp-image-33195 size-large\" src=\"https:\/\/i0.wp.com\/politicosaldesnudo.com.mx\/wp-content\/uploads\/2024\/03\/Griselda__lvarez_Ponce_de_Le_n_pronuncia_su_Segundo_Informe_de_Gobierno_VI-1024x767.jpg?resize=800%2C599&#038;ssl=1\" alt=\"\" width=\"800\" height=\"599\" srcset=\"https:\/\/i0.wp.com\/politicosaldesnudo.com.mx\/wp-content\/uploads\/2024\/03\/Griselda__lvarez_Ponce_de_Le_n_pronuncia_su_Segundo_Informe_de_Gobierno_VI.jpg?resize=1024%2C767&amp;ssl=1 1024w, https:\/\/i0.wp.com\/politicosaldesnudo.com.mx\/wp-content\/uploads\/2024\/03\/Griselda__lvarez_Ponce_de_Le_n_pronuncia_su_Segundo_Informe_de_Gobierno_VI.jpg?resize=300%2C225&amp;ssl=1 300w, https:\/\/i0.wp.com\/politicosaldesnudo.com.mx\/wp-content\/uploads\/2024\/03\/Griselda__lvarez_Ponce_de_Le_n_pronuncia_su_Segundo_Informe_de_Gobierno_VI.jpg?resize=768%2C575&amp;ssl=1 768w, https:\/\/i0.wp.com\/politicosaldesnudo.com.mx\/wp-content\/uploads\/2024\/03\/Griselda__lvarez_Ponce_de_Le_n_pronuncia_su_Segundo_Informe_de_Gobierno_VI.jpg?w=1200&amp;ssl=1 1200w\" sizes=\"auto, (max-width: 800px) 100vw, 800px\" \/><figcaption id=\"caption-attachment-33195\" class=\"wp-caption-text\">Griselda \u00c1lvarez<\/figcaption><\/figure>\n<p><span style=\"font-size: 14pt;\">Porque desde 1979 que lleg\u00f3 a la gubernatura de Colima, la priista Griselda \u00c1lvarez, como la primera mandataria estatal del M\u00e9xico moderno, ella como primera gobernadora mujer realiz\u00f3 un papel destacado, pero adem\u00e1s hizo historia; sin embargo, no sabemos hasta d\u00f3nde tuvo la libertad de imponer su criterio y preservar lo que se llama el estilo personal de gobernar. Ahora, la capacidad de convocatoria, la expresi\u00f3n de sus ideas, la difusi\u00f3n de sus propuestas irrumpe en la historia, a pesar de que el machismo y la misoginia no se han extinguido.<\/span><\/p>\n<p><span style=\"font-size: 18pt;\">Es tiempo de reflexi\u00f3n sobre la llegada de una mujer a la Presidencia de la Rep\u00fablica y, al mismo tiempo un llamado al respeto a su personalidad y no permitir que se insista en que ellas dependen de fuerzas superiores, que tienen jefes dentro o fuera de la pol\u00edtica o patrones que rigen sus proyectos y promesas de campa\u00f1a.<\/span><\/p>\n<p><span style=\"font-size: 14pt;\">En los gobiernos de los estados la mujer compite por m\u00e1s cargos p\u00fablicos que nunca y han resistido, como esfuerzo adicional, las barreras de quienes, por el simple hecho de ser mujeres, les imponen para impedir avanzar.<\/span><\/p>\n<figure id=\"attachment_33198\" aria-describedby=\"caption-attachment-33198\" style=\"width: 800px\" class=\"wp-caption aligncenter\"><img data-recalc-dims=\"1\" loading=\"lazy\" decoding=\"async\" class=\"wp-image-33198 size-large\" src=\"https:\/\/i0.wp.com\/politicosaldesnudo.com.mx\/wp-content\/uploads\/2024\/03\/ROSA-LUZ-ALEGRIA-863x1024.jpg?resize=800%2C949&#038;ssl=1\" alt=\"\" width=\"800\" height=\"949\" srcset=\"https:\/\/i0.wp.com\/politicosaldesnudo.com.mx\/wp-content\/uploads\/2024\/03\/ROSA-LUZ-ALEGRIA.jpg?resize=863%2C1024&amp;ssl=1 863w, https:\/\/i0.wp.com\/politicosaldesnudo.com.mx\/wp-content\/uploads\/2024\/03\/ROSA-LUZ-ALEGRIA.jpg?resize=253%2C300&amp;ssl=1 253w, https:\/\/i0.wp.com\/politicosaldesnudo.com.mx\/wp-content\/uploads\/2024\/03\/ROSA-LUZ-ALEGRIA.jpg?resize=768%2C911&amp;ssl=1 768w, https:\/\/i0.wp.com\/politicosaldesnudo.com.mx\/wp-content\/uploads\/2024\/03\/ROSA-LUZ-ALEGRIA.jpg?w=930&amp;ssl=1 930w\" sizes=\"auto, (max-width: 800px) 100vw, 800px\" \/><figcaption id=\"caption-attachment-33198\" class=\"wp-caption-text\">Rosa Luz Alegr\u00eda<\/figcaption><\/figure>\n<p><span style=\"font-size: 14pt;\">La primera secretaria de estado, Rosa Luz Alegr\u00eda, atrajo una serie de cr\u00edticas por su nombramiento. La sorpresiva llegada de una mujer al gabinete a cargos de primer nivel afect\u00f3 y tambi\u00e9n insulto a los varones de la pol\u00edtica que consideraban una pr\u00e1ctica propia de hombres, causando l\u00e1stima no por la funcionaria sino por quienes, por el simple hecho de ser mujer, la descalificaban como una secretaria eficiente.<\/span><\/p>\n<p><span style=\"font-size: 18pt;\">La mujer se ha ganado palmo a palmo todos los cargos en la pol\u00edtica y en la iniciativa privada: sin embargo, todav\u00eda no hay igualdad. Hay lugares donde los salarios son diferentes por tareas iguales; en las calles siguen siendo vistas como objetos; en las universidades son objetivos de patolog\u00edas sexuales de los maestros, etc.<\/span><\/p>\n<p><span style=\"font-size: 14pt;\">Tradicionalmente, desde los medios electr\u00f3nicos de informaci\u00f3n, se cre\u00f3 una competencia entre hombres y mujeres, y en algunos casos enfrentamientos. Chistes, declaraciones, comentarios sobre la esposa, desde programas televisivos crearon impunemente una idea discriminadora respecto a las mujeres, sin que hubiera protestas airadas, ni j\u00f3venes encapuchadas dijeran nada.<\/span><\/p>\n<p><span style=\"font-size: 18pt;\">La difusi\u00f3n de los programas emple\u00f3 a crear h\u00e1bitos y se dijo que toda mujer gorda es fea, que la belleza es s\u00f3lo f\u00edsica, que las suegras son malas, que la inteligencia estaba excluida de la conducta cotidiana de las mujeres, lo cual es muy grave y, los j\u00f3venes deber\u00e1n conocer toda una serie de programas televisivos que trataban a la mujer como un objeto indeseable.<\/span><\/p>\n<p><span style=\"font-size: 14pt;\">Por si esto fuera poco, surgieron algunos trogloditas en la pol\u00edtica que dijeron que las mujeres eran lavadoras de dos patas, que llamaba a su pareja con chiflido como si fuera caballo. Las mujeres tuvieron que enfrentarse a este tipo de declaraciones que proven\u00edan desde la tribuna pol\u00edtica m\u00e1s importante del pa\u00eds, declaraciones que contin\u00faan sin castigo, y lo peor es que todav\u00eda, hay quienes no s\u00f3lo se r\u00eden sino que coinciden con estos conceptos que en ning\u00fan momento de la historia debieron suceder.<\/span><\/p>\n<p><span style=\"font-size: 18pt;\">La mujer mexicana ha sabido encontrar en cada obst\u00e1culo un avance a su ponderaci\u00f3n, a exigir el lugar que la historia le neg\u00f3 por muchos a\u00f1os, en nuestro pa\u00eds y en el mundo. Cada logro de la mujer es producto de una lucha, a diferencia del hombre que encontr\u00f3 todos los espacios dispuestos a su perfil de g\u00e9nero aunque no siempre cubrir\u00e1 el perfil de capacidad.<\/span><\/p>\n<figure id=\"attachment_33194\" aria-describedby=\"caption-attachment-33194\" style=\"width: 1000px\" class=\"wp-caption aligncenter\"><img data-recalc-dims=\"1\" loading=\"lazy\" decoding=\"async\" class=\"wp-image-33194 size-full\" src=\"https:\/\/i0.wp.com\/politicosaldesnudo.com.mx\/wp-content\/uploads\/2024\/03\/ELVIA-CARRILLO-PUERTO.png?resize=800%2C450&#038;ssl=1\" alt=\"\" width=\"800\" height=\"450\" srcset=\"https:\/\/i0.wp.com\/politicosaldesnudo.com.mx\/wp-content\/uploads\/2024\/03\/ELVIA-CARRILLO-PUERTO.png?w=1000&amp;ssl=1 1000w, https:\/\/i0.wp.com\/politicosaldesnudo.com.mx\/wp-content\/uploads\/2024\/03\/ELVIA-CARRILLO-PUERTO.png?resize=300%2C169&amp;ssl=1 300w, https:\/\/i0.wp.com\/politicosaldesnudo.com.mx\/wp-content\/uploads\/2024\/03\/ELVIA-CARRILLO-PUERTO.png?resize=768%2C432&amp;ssl=1 768w\" sizes=\"auto, (max-width: 800px) 100vw, 800px\" \/><figcaption id=\"caption-attachment-33194\" class=\"wp-caption-text\">Elvia Carrillo Puerto<\/figcaption><\/figure>\n<p><span style=\"font-size: 14pt;\">En M\u00e9xico hay mujeres cuyo recuerdo han quedo borrar los pol\u00edticos hombres, como Elvia Carrillo Puerto, una de las primeras mujeres mexicanas electas diputadas<strong>,<\/strong> junto con Beatriz Peniche Barrera y Raquel Dzib Cicero, todas postuladas por el Partido Socialista del Sureste.<\/span><\/p>\n<figure id=\"attachment_33192\" aria-describedby=\"caption-attachment-33192\" style=\"width: 182px\" class=\"wp-caption aligncenter\"><img data-recalc-dims=\"1\" loading=\"lazy\" decoding=\"async\" class=\"wp-image-33192 size-full\" src=\"https:\/\/i0.wp.com\/politicosaldesnudo.com.mx\/wp-content\/uploads\/2024\/03\/Beatriz-Peniche-Barrera.jpg?resize=182%2C277&#038;ssl=1\" alt=\"\" width=\"182\" height=\"277\" \/><figcaption id=\"caption-attachment-33192\" class=\"wp-caption-text\">Beatriz Peniche Barrera<\/figcaption><\/figure>\n<figure id=\"attachment_33197\" aria-describedby=\"caption-attachment-33197\" style=\"width: 640px\" class=\"wp-caption aligncenter\"><img data-recalc-dims=\"1\" loading=\"lazy\" decoding=\"async\" class=\"wp-image-33197 size-full\" src=\"https:\/\/i0.wp.com\/politicosaldesnudo.com.mx\/wp-content\/uploads\/2024\/03\/RAQUEL-DZIB-CICERO.png?resize=640%2C433&#038;ssl=1\" alt=\"\" width=\"640\" height=\"433\" srcset=\"https:\/\/i0.wp.com\/politicosaldesnudo.com.mx\/wp-content\/uploads\/2024\/03\/RAQUEL-DZIB-CICERO.png?w=640&amp;ssl=1 640w, https:\/\/i0.wp.com\/politicosaldesnudo.com.mx\/wp-content\/uploads\/2024\/03\/RAQUEL-DZIB-CICERO.png?resize=300%2C203&amp;ssl=1 300w\" sizes=\"auto, (max-width: 640px) 100vw, 640px\" \/><figcaption id=\"caption-attachment-33197\" class=\"wp-caption-text\">Raquel Dzib Cicero<\/figcaption><\/figure>\n<p><span style=\"font-size: 14pt;\">Matilde Montoya, la primera mujer mexicana en obtener el grado de m\u00e9dico, a finales del siglo XIX.<\/span><\/p>\n<figure id=\"attachment_33196\" aria-describedby=\"caption-attachment-33196\" style=\"width: 497px\" class=\"wp-caption aligncenter\"><img data-recalc-dims=\"1\" loading=\"lazy\" decoding=\"async\" class=\"wp-image-33196 size-full\" src=\"https:\/\/i0.wp.com\/politicosaldesnudo.com.mx\/wp-content\/uploads\/2024\/03\/MATILDE-MONTOYA.jpg?resize=497%2C700&#038;ssl=1\" alt=\"\" width=\"497\" height=\"700\" srcset=\"https:\/\/i0.wp.com\/politicosaldesnudo.com.mx\/wp-content\/uploads\/2024\/03\/MATILDE-MONTOYA.jpg?w=497&amp;ssl=1 497w, https:\/\/i0.wp.com\/politicosaldesnudo.com.mx\/wp-content\/uploads\/2024\/03\/MATILDE-MONTOYA.jpg?resize=213%2C300&amp;ssl=1 213w\" sizes=\"auto, (max-width: 497px) 100vw, 497px\" \/><figcaption id=\"caption-attachment-33196\" class=\"wp-caption-text\">Matilde Montoya<\/figcaption><\/figure>\n<p><span style=\"font-size: 14pt;\">Carmen Serd\u00e1n Alatriste, revolucionaria mexicana y primera gobernadora de Puebla de 1857 a 1861. Hermana de Aquiles y M\u00e1ximo Serd\u00e1n.<\/span><\/p>\n<figure id=\"attachment_33193\" aria-describedby=\"caption-attachment-33193\" style=\"width: 390px\" class=\"wp-caption aligncenter\"><img data-recalc-dims=\"1\" loading=\"lazy\" decoding=\"async\" class=\"wp-image-33193 size-full\" src=\"https:\/\/i0.wp.com\/politicosaldesnudo.com.mx\/wp-content\/uploads\/2024\/03\/carmen-serdacc81n.jpg?resize=390%2C399&#038;ssl=1\" alt=\"\" width=\"390\" height=\"399\" srcset=\"https:\/\/i0.wp.com\/politicosaldesnudo.com.mx\/wp-content\/uploads\/2024\/03\/carmen-serdacc81n.jpg?w=390&amp;ssl=1 390w, https:\/\/i0.wp.com\/politicosaldesnudo.com.mx\/wp-content\/uploads\/2024\/03\/carmen-serdacc81n.jpg?resize=293%2C300&amp;ssl=1 293w\" sizes=\"auto, (max-width: 390px) 100vw, 390px\" \/><figcaption id=\"caption-attachment-33193\" class=\"wp-caption-text\">Carmen Serd\u00e1n Alatriste<\/figcaption><\/figure>\n<p><span style=\"font-size: 18pt;\">La historia esconde las victorias de las mujeres, todav\u00eda en pleno siglo XXI, las mujeres son marginadas de la vida en pr\u00e1cticamente todos los aspectos, deben surgir de entre la intolerancia y la discriminaci\u00f3n, es por ello que en unos meses habr\u00e1 mujeres gobernadoras, presidentas municipales y presidenta de la Rep\u00fablica.<\/span><\/p>\n<p><span style=\"font-size: 14pt;\">Es tiempo de que las mujeres tengan todos los reflectores, porque son su tiempo y en \u00e9l deben comprobar que saben, quieren y pueden. Los ojos del mundo est\u00e1n sobre sus actividades y esto las impulsa, seguramente, a destacar, aportar y hacer historia.<\/span><\/p>\n<p><span style=\"font-size: 14pt;\"><strong>PEGA Y CORRE.-<\/strong> El INE cre\u00f3 un \u00e1rea de asesor\u00eda psicol\u00f3gica para las mujeres v\u00edctimas de violencia pol\u00edtica de g\u00e9nero, aunque tambi\u00e9n deber\u00edan endurecerse las sanciones a quienes se le comprueba este delito y no s\u00f3lo con amonestaciones o disculpas pueden resarcir una agresi\u00f3n que traen en sus genes. A\u00f1os de c\u00e1rcel e inhabilitaci\u00f3n permanente en la funci\u00f3n p\u00fablica para esos agresores\u2026Esta columna se publica los lunes, mi\u00e9rcoles y viernes.<\/span><\/p>\n<p><img data-recalc-dims=\"1\" loading=\"lazy\" decoding=\"async\" class=\"aligncenter size-full wp-image-33176\" src=\"https:\/\/i0.wp.com\/politicosaldesnudo.com.mx\/wp-content\/uploads\/2024\/03\/FIRMA-EDITORIAL-PD-2.jpg?resize=800%2C98&#038;ssl=1\" alt=\"\" width=\"800\" height=\"98\" srcset=\"https:\/\/i0.wp.com\/politicosaldesnudo.com.mx\/wp-content\/uploads\/2024\/03\/FIRMA-EDITORIAL-PD-2.jpg?w=1024&amp;ssl=1 1024w, https:\/\/i0.wp.com\/politicosaldesnudo.com.mx\/wp-content\/uploads\/2024\/03\/FIRMA-EDITORIAL-PD-2.jpg?resize=300%2C37&amp;ssl=1 300w, https:\/\/i0.wp.com\/politicosaldesnudo.com.mx\/wp-content\/uploads\/2024\/03\/FIRMA-EDITORIAL-PD-2.jpg?resize=768%2C94&amp;ssl=1 768w\" sizes=\"auto, (max-width: 800px) 100vw, 800px\" \/><\/p>\n","protected":false},"excerpt":{"rendered":"<p>ALMA GRANDE Por \u00c1ngel \u00c1lvaro Pe\u00f1a Los cargos no hacen historia por s\u00ed mismos, son las personas quienes enaltecen las<\/p>\n","protected":false},"author":4,"featured_media":15807,"comment_status":"closed","ping_status":"closed","sticky":false,"template":"","format":"standard","meta":{"colormag_page_container_layout":"default_layout","colormag_page_sidebar_layout":"default_layout","_jetpack_memberships_contains_paid_content":false,"footnotes":"","jetpack_publicize_message":"","jetpack_publicize_feature_enabled":true,"jetpack_social_post_already_shared":false,"jetpack_social_options":{"image_generator_settings":{"template":"highway","default_image_id":0,"font":"","enabled":false},"version":2}},"categories":[26],"tags":[],"class_list":["post-33191","post","type-post","status-publish","format-standard","has-post-thumbnail","hentry","category-columnistas"],"jetpack_publicize_connections":[],"jetpack_featured_media_url":"https:\/\/i0.wp.com\/politicosaldesnudo.com.mx\/wp-content\/uploads\/2023\/02\/ANGEL-ALVARO-PENA1.webp?fit=800%2C445&ssl=1","jetpack-related-posts":[],"jetpack_sharing_enabled":true,"_links":{"self":[{"href":"https:\/\/politicosaldesnudo.com.mx\/index.php\/wp-json\/wp\/v2\/posts\/33191","targetHints":{"allow":["GET"]}}],"collection":[{"href":"https:\/\/politicosaldesnudo.com.mx\/index.php\/wp-json\/wp\/v2\/posts"}],"about":[{"href":"https:\/\/politicosaldesnudo.com.mx\/index.php\/wp-json\/wp\/v2\/types\/post"}],"author":[{"embeddable":true,"href":"https:\/\/politicosaldesnudo.com.mx\/index.php\/wp-json\/wp\/v2\/users\/4"}],"replies":[{"embeddable":true,"href":"https:\/\/politicosaldesnudo.com.mx\/index.php\/wp-json\/wp\/v2\/comments?post=33191"}],"version-history":[{"count":0,"href":"https:\/\/politicosaldesnudo.com.mx\/index.php\/wp-json\/wp\/v2\/posts\/33191\/revisions"}],"wp:featuredmedia":[{"embeddable":true,"href":"https:\/\/politicosaldesnudo.com.mx\/index.php\/wp-json\/wp\/v2\/media\/15807"}],"wp:attachment":[{"href":"https:\/\/politicosaldesnudo.com.mx\/index.php\/wp-json\/wp\/v2\/media?parent=33191"}],"wp:term":[{"taxonomy":"category","embeddable":true,"href":"https:\/\/politicosaldesnudo.com.mx\/index.php\/wp-json\/wp\/v2\/categories?post=33191"},{"taxonomy":"post_tag","embeddable":true,"href":"https:\/\/politicosaldesnudo.com.mx\/index.php\/wp-json\/wp\/v2\/tags?post=33191"}],"curies":[{"name":"wp","href":"https:\/\/api.w.org\/{rel}","templated":true}]}}