{"id":33221,"date":"2024-03-11T08:00:36","date_gmt":"2024-03-11T14:00:36","guid":{"rendered":"https:\/\/politicosaldesnudo.com.mx\/?p=33221"},"modified":"2024-03-11T08:00:36","modified_gmt":"2024-03-11T14:00:36","slug":"seran-3-mil-236-capacitadores","status":"publish","type":"post","link":"https:\/\/politicosaldesnudo.com.mx\/index.php\/2024\/03\/11\/seran-3-mil-236-capacitadores\/","title":{"rendered":"Ser\u00e1n 3 mil 236 capacitadores"},"content":{"rendered":"<p><span style=\"font-size: 14pt;\">Xalapa.- <\/span><span style=\"font-size: 14pt;\">A partir de este 10 de marzo inici\u00f3 la recepci\u00f3n de documentaci\u00f3n para quienes aspiran participar en el proceso electoral local como asistentes, capacitadores y supervisores electorales, inform\u00f3 la consejera presidenta del Organismo P\u00fablico Local Electoral (OPLE), Marisol Alicia Delgadillo Morales.<\/span><\/p>\n<p><span style=\"font-size: 14pt;\">La funcionaria electoral destac\u00f3 que se contratar\u00e1n un total de 3 mil 236 funcionarios de asistencia electoral, es decir, 464 supervisores electorales y 2 mil 772 capacitadores electorales.<\/span><\/p>\n<p><span style=\"font-size: 14pt;\">\u201cDel 10 de marzo al 6 de abril estaremos recibiendo la documentaci\u00f3n correspondiente de la ciudadan\u00eda para poder participar de este proceso. Los d\u00edas 13 y 14 de abril estar\u00edamos desarrollando con la Universidad Veracruzana el examen de conocimientos que se aplicar\u00edan a todos los solicitantes\u201d.<\/span><\/p>\n<p><span style=\"font-size: 14pt;\">La consejera presidenta dijo que el Consejo General har\u00eda las designaciones correspondientes a partir del 27 de abril, pero previo habr\u00e1 un periodo de entrevistas.<\/span><\/p>\n<p><span style=\"font-size: 14pt;\">\u201cSe trata de cargos por los cuales podr\u00e1n recibir una remuneraci\u00f3n mensual que asciende para supervisor electoral 12 mil pesos, para el caso de los capacitadores 9 mil 500 pesos mensuales\u201d, finaliz\u00f3.<\/span><\/p>\n","protected":false},"excerpt":{"rendered":"<p>Xalapa.- A partir de este 10 de marzo inici\u00f3 la recepci\u00f3n de documentaci\u00f3n para quienes aspiran participar en el proceso<\/p>\n","protected":false},"author":4,"featured_media":33222,"comment_status":"closed","ping_status":"closed","sticky":false,"template":"","format":"standard","meta":{"colormag_page_container_layout":"default_layout","colormag_page_sidebar_layout":"default_layout","_jetpack_memberships_contains_paid_content":false,"footnotes":"","jetpack_publicize_message":"","jetpack_publicize_feature_enabled":true,"jetpack_social_post_already_shared":false,"jetpack_social_options":{"image_generator_settings":{"template":"highway","default_image_id":0,"font":"","enabled":false},"version":2}},"categories":[30],"tags":[3207,592],"class_list":["post-33221","post","type-post","status-publish","format-standard","has-post-thumbnail","hentry","category-estados","tag-capacitadores","tag-ople"],"jetpack_publicize_connections":[],"jetpack_featured_media_url":"https:\/\/i0.wp.com\/politicosaldesnudo.com.mx\/wp-content\/uploads\/2024\/03\/2b.jpg?fit=1600%2C1064&ssl=1","jetpack-related-posts":[],"jetpack_sharing_enabled":true,"_links":{"self":[{"href":"https:\/\/politicosaldesnudo.com.mx\/index.php\/wp-json\/wp\/v2\/posts\/33221","targetHints":{"allow":["GET"]}}],"collection":[{"href":"https:\/\/politicosaldesnudo.com.mx\/index.php\/wp-json\/wp\/v2\/posts"}],"about":[{"href":"https:\/\/politicosaldesnudo.com.mx\/index.php\/wp-json\/wp\/v2\/types\/post"}],"author":[{"embeddable":true,"href":"https:\/\/politicosaldesnudo.com.mx\/index.php\/wp-json\/wp\/v2\/users\/4"}],"replies":[{"embeddable":true,"href":"https:\/\/politicosaldesnudo.com.mx\/index.php\/wp-json\/wp\/v2\/comments?post=33221"}],"version-history":[{"count":0,"href":"https:\/\/politicosaldesnudo.com.mx\/index.php\/wp-json\/wp\/v2\/posts\/33221\/revisions"}],"wp:featuredmedia":[{"embeddable":true,"href":"https:\/\/politicosaldesnudo.com.mx\/index.php\/wp-json\/wp\/v2\/media\/33222"}],"wp:attachment":[{"href":"https:\/\/politicosaldesnudo.com.mx\/index.php\/wp-json\/wp\/v2\/media?parent=33221"}],"wp:term":[{"taxonomy":"category","embeddable":true,"href":"https:\/\/politicosaldesnudo.com.mx\/index.php\/wp-json\/wp\/v2\/categories?post=33221"},{"taxonomy":"post_tag","embeddable":true,"href":"https:\/\/politicosaldesnudo.com.mx\/index.php\/wp-json\/wp\/v2\/tags?post=33221"}],"curies":[{"name":"wp","href":"https:\/\/api.w.org\/{rel}","templated":true}]}}