{"id":33225,"date":"2024-03-11T08:02:27","date_gmt":"2024-03-11T14:02:27","guid":{"rendered":"https:\/\/politicosaldesnudo.com.mx\/?p=33225"},"modified":"2024-03-11T08:02:27","modified_gmt":"2024-03-11T14:02:27","slug":"suspenden-obras-carreteras","status":"publish","type":"post","link":"https:\/\/politicosaldesnudo.com.mx\/index.php\/2024\/03\/11\/suspenden-obras-carreteras\/","title":{"rendered":"Suspenden obras carreteras"},"content":{"rendered":"<p><span style=\"font-size: 14pt;\">Veracruz.- De manera hist\u00f3rica en Veracruz, se suspendieron las obras carreteras por falta de presupuesto, se\u00f1al\u00f3 el presidente de la C\u00e1mara Mexicana de la Industria de la Construcci\u00f3n (CMIC) en Veracruz, Rafael Fern\u00e1ndez de Lara S\u00e1nchez.<\/span><\/p>\n<p><span style=\"font-size: 14pt;\">El l\u00edder constructor record\u00f3 que en los \u00faltimos 40 a\u00f1os nunca hab\u00edan recibido una suspensi\u00f3n temporal de obra por razones presupuestales.<\/span><\/p>\n<p><span style=\"font-size: 14pt;\">En la regi\u00f3n capital del estado de Veracruz fueron suspendidas al menos 17 obras carreteras por el motivo mencionado.<\/span><\/p>\n<p><span style=\"font-size: 14pt;\">\u201cNunca hab\u00edamos recibido ninguna suspensi\u00f3n temporal de obra por razones presupuestales de la Secretar\u00eda de Infraestructura, Comunicaciones y Transportes\u201d, reiter\u00f3.<\/span><\/p>\n<p><span style=\"font-size: 14pt;\">Fern\u00e1ndez de Lara S\u00e1nchez enfatiz\u00f3 que varias obras se han suspendido temporalmente por razones t\u00e9cnicas y que a\u00fan no hay una fecha establecida para su reactivaci\u00f3n.<\/span><\/p>\n<p><span style=\"font-size: 14pt;\">Lo anterior afecta gravemente a las empresas constructoras pero sobre todo a los trabajadores y sus familias, que dependen de \u00e9stas.<\/span><\/p>\n<p><span style=\"font-size: 14pt;\">El Presidente de la Delegaci\u00f3n Veracruz-Centro de la CMIC indic\u00f3 que se espera que todas las obras se reactiven durante este mes de marzo.<\/span><\/p>\n<p><span style=\"font-size: 14pt;\">\u201cSupuestamente, en este mes de marzo, todas las obras se van nuevamente a activar. Pero, por el momento, s\u00ed hay varias obras en ese estatus\u201d, remat\u00f3.<\/span><\/p>\n","protected":false},"excerpt":{"rendered":"<p>Veracruz.- De manera hist\u00f3rica en Veracruz, se suspendieron las obras carreteras por falta de presupuesto, se\u00f1al\u00f3 el presidente de la<\/p>\n","protected":false},"author":4,"featured_media":33226,"comment_status":"closed","ping_status":"closed","sticky":false,"template":"","format":"standard","meta":{"colormag_page_container_layout":"default_layout","colormag_page_sidebar_layout":"default_layout","_jetpack_memberships_contains_paid_content":false,"footnotes":"","jetpack_publicize_message":"","jetpack_publicize_feature_enabled":true,"jetpack_social_post_already_shared":false,"jetpack_social_options":{"image_generator_settings":{"template":"highway","default_image_id":0,"font":"","enabled":false},"version":2}},"categories":[30],"tags":[3106,746,3236],"class_list":["post-33225","post","type-post","status-publish","format-standard","has-post-thumbnail","hentry","category-estados","tag-cmic","tag-obras","tag-suspenden"],"jetpack_publicize_connections":[],"jetpack_featured_media_url":"https:\/\/i0.wp.com\/politicosaldesnudo.com.mx\/wp-content\/uploads\/2024\/03\/8c-3.jpg?fit=1280%2C960&ssl=1","jetpack-related-posts":[],"jetpack_sharing_enabled":true,"_links":{"self":[{"href":"https:\/\/politicosaldesnudo.com.mx\/index.php\/wp-json\/wp\/v2\/posts\/33225","targetHints":{"allow":["GET"]}}],"collection":[{"href":"https:\/\/politicosaldesnudo.com.mx\/index.php\/wp-json\/wp\/v2\/posts"}],"about":[{"href":"https:\/\/politicosaldesnudo.com.mx\/index.php\/wp-json\/wp\/v2\/types\/post"}],"author":[{"embeddable":true,"href":"https:\/\/politicosaldesnudo.com.mx\/index.php\/wp-json\/wp\/v2\/users\/4"}],"replies":[{"embeddable":true,"href":"https:\/\/politicosaldesnudo.com.mx\/index.php\/wp-json\/wp\/v2\/comments?post=33225"}],"version-history":[{"count":0,"href":"https:\/\/politicosaldesnudo.com.mx\/index.php\/wp-json\/wp\/v2\/posts\/33225\/revisions"}],"wp:featuredmedia":[{"embeddable":true,"href":"https:\/\/politicosaldesnudo.com.mx\/index.php\/wp-json\/wp\/v2\/media\/33226"}],"wp:attachment":[{"href":"https:\/\/politicosaldesnudo.com.mx\/index.php\/wp-json\/wp\/v2\/media?parent=33225"}],"wp:term":[{"taxonomy":"category","embeddable":true,"href":"https:\/\/politicosaldesnudo.com.mx\/index.php\/wp-json\/wp\/v2\/categories?post=33225"},{"taxonomy":"post_tag","embeddable":true,"href":"https:\/\/politicosaldesnudo.com.mx\/index.php\/wp-json\/wp\/v2\/tags?post=33225"}],"curies":[{"name":"wp","href":"https:\/\/api.w.org\/{rel}","templated":true}]}}