{"id":33236,"date":"2024-03-11T08:24:02","date_gmt":"2024-03-11T14:24:02","guid":{"rendered":"https:\/\/politicosaldesnudo.com.mx\/?p=33236"},"modified":"2024-03-11T08:24:02","modified_gmt":"2024-03-11T14:24:02","slug":"designa-sre-a-gomez-robledo-y-pensado-moreno-como-embajadores-eminentes","status":"publish","type":"post","link":"https:\/\/politicosaldesnudo.com.mx\/index.php\/2024\/03\/11\/designa-sre-a-gomez-robledo-y-pensado-moreno-como-embajadores-eminentes\/","title":{"rendered":"Designa SRE a G\u00f3mez-Robledo y Pensado Moreno como embajadores eminentes"},"content":{"rendered":"<p><span style=\"font-size: 14pt;\">Juan Manuel G\u00f3mez-Robledo, juez de la Corte Internacional de Justicia de La Haya, y Norma Bertha Pensado Moreno, embajadora de M\u00e9xico en Dinamarca, fueron designados como embajadores eminentes por la canciller Alicia B\u00e1rcena como parte de la promoci\u00f3n 2024 del Servicio Exterior Mexicano (SEM).<\/span><\/p>\n<p class=\"western\"><span style=\"font-size: 14pt;\">La Secretar\u00eda de Relaciones Exteriores (SRE) destac\u00f3 la extraordinaria trayectoria profesional de ambos diplom\u00e1ticos como parte del SEM.<\/span><\/p>\n<p class=\"western\"><span style=\"font-size: 14pt;\">G\u00f3mez-Robledo expres\u00f3 en las redes sociales su \u201chonda gratitud\u201d al presidente Andr\u00e9s Manuel L\u00f3pez Obrador por el nombramiento y a B\u00e1rcena \u201cpor su enorme apoyo y confianza\u201d.<\/span><\/p>\n<p class=\"western\"><span style=\"font-size: 14pt;\">\u201cSemejante distinci\u00f3n conlleva la gran responsabilidad para seguir defendiendo el buen nombre de M\u00e9xico\u201d, dijo el juez.<\/span><\/p>\n<p class=\"western\"><span style=\"font-size: 14pt;\">Pensado manifest\u00f3 por su parte su agradecimiento a L\u00f3pez Obrador y a B\u00e1rcena y dijo que recibe la distinci\u00f3n con humildad.<\/span><\/p>\n<p class=\"western\"><span style=\"font-size: 14pt;\">Adem\u00e1s, en esta promoci\u00f3n cuatro ministros obtuvieron ascensos al rango de embajadores: Jennifer Feller Enr\u00edquez, quien actualmente funge como directora general para Europa y sherpa de M\u00e9xico para el G20; Claudia Velasco Osorio, c\u00f3nsul general en Raleigh; Ana Berenice D\u00edaz Ceballos Parada, actualmente embajadora en Rep\u00fablica Checa, y Jonathan Chait Auerbach, director general de Protocolo en la SRE y pr\u00f3ximo encargado de la Direcci\u00f3n Ejecutiva de Diplomacia Cultural y Tur\u00edstica en la SRE.<\/span><\/p>\n","protected":false},"excerpt":{"rendered":"<p>Juan Manuel G\u00f3mez-Robledo, juez de la Corte Internacional de Justicia de La Haya, y Norma Bertha Pensado Moreno, embajadora de<\/p>\n","protected":false},"author":4,"featured_media":33237,"comment_status":"closed","ping_status":"closed","sticky":false,"template":"","format":"standard","meta":{"colormag_page_container_layout":"default_layout","colormag_page_sidebar_layout":"default_layout","_jetpack_memberships_contains_paid_content":false,"footnotes":"","jetpack_publicize_message":"","jetpack_publicize_feature_enabled":true,"jetpack_social_post_already_shared":false,"jetpack_social_options":{"image_generator_settings":{"template":"highway","default_image_id":0,"font":"","enabled":false},"version":2}},"categories":[33],"tags":[1271,1213],"class_list":["post-33236","post","type-post","status-publish","format-standard","has-post-thumbnail","hentry","category-nacional","tag-embajadores","tag-sre"],"jetpack_publicize_connections":[],"jetpack_featured_media_url":"https:\/\/i0.wp.com\/politicosaldesnudo.com.mx\/wp-content\/uploads\/2024\/03\/ALICIABARCENA.jpeg?fit=1218%2C812&ssl=1","jetpack-related-posts":[],"jetpack_sharing_enabled":true,"_links":{"self":[{"href":"https:\/\/politicosaldesnudo.com.mx\/index.php\/wp-json\/wp\/v2\/posts\/33236","targetHints":{"allow":["GET"]}}],"collection":[{"href":"https:\/\/politicosaldesnudo.com.mx\/index.php\/wp-json\/wp\/v2\/posts"}],"about":[{"href":"https:\/\/politicosaldesnudo.com.mx\/index.php\/wp-json\/wp\/v2\/types\/post"}],"author":[{"embeddable":true,"href":"https:\/\/politicosaldesnudo.com.mx\/index.php\/wp-json\/wp\/v2\/users\/4"}],"replies":[{"embeddable":true,"href":"https:\/\/politicosaldesnudo.com.mx\/index.php\/wp-json\/wp\/v2\/comments?post=33236"}],"version-history":[{"count":0,"href":"https:\/\/politicosaldesnudo.com.mx\/index.php\/wp-json\/wp\/v2\/posts\/33236\/revisions"}],"wp:featuredmedia":[{"embeddable":true,"href":"https:\/\/politicosaldesnudo.com.mx\/index.php\/wp-json\/wp\/v2\/media\/33237"}],"wp:attachment":[{"href":"https:\/\/politicosaldesnudo.com.mx\/index.php\/wp-json\/wp\/v2\/media?parent=33236"}],"wp:term":[{"taxonomy":"category","embeddable":true,"href":"https:\/\/politicosaldesnudo.com.mx\/index.php\/wp-json\/wp\/v2\/categories?post=33236"},{"taxonomy":"post_tag","embeddable":true,"href":"https:\/\/politicosaldesnudo.com.mx\/index.php\/wp-json\/wp\/v2\/tags?post=33236"}],"curies":[{"name":"wp","href":"https:\/\/api.w.org\/{rel}","templated":true}]}}