{"id":33252,"date":"2024-03-11T08:39:52","date_gmt":"2024-03-11T14:39:52","guid":{"rendered":"https:\/\/politicosaldesnudo.com.mx\/?p=33252"},"modified":"2024-03-11T08:39:52","modified_gmt":"2024-03-11T14:39:52","slug":"precio-de-luz-en-espana-marca-minimo-en-diez-anos-0-54-euros-mwh","status":"publish","type":"post","link":"https:\/\/politicosaldesnudo.com.mx\/index.php\/2024\/03\/11\/precio-de-luz-en-espana-marca-minimo-en-diez-anos-0-54-euros-mwh\/","title":{"rendered":"Precio de luz en Espa\u00f1a marca m\u00ednimo en diez a\u00f1os: 0.54 euros\/MWh"},"content":{"rendered":"<p><span style=\"font-size: 14pt;\">El precio del mercado mayorista el\u00e9ctrico, el denominado &#8216;pool&#8217;, bajar\u00e1 de nuevo este domingo, hasta una media para la jornada de 0.54 euros por megavatio hora (MWh), con lo que volver\u00e1 a registrar su nivel m\u00e1s bajo en la \u00faltima d\u00e9cada, despu\u00e9s de que el s\u00e1bado ya marcara un precio de 0.59 euros\/MWh.<\/span><\/p>\n<p><span style=\"font-size: 14pt;\">El precio m\u00e1ximo del d\u00eda ser\u00e1 de 3.2 euros\/MWh, entre las 19:00 y las 23:00 horas. Desde medianoche y hasta las 19:00 horas, el precio de la luz ser\u00e1 de cero euros\/MWh, seg\u00fan los datos provisionales del Operador del Mercado Ib\u00e9rico de Energ\u00eda (OMIE) recogidos por Europa Press.<\/span><\/p>\n<p><span style=\"font-size: 14pt;\">No obstante, este precio no se traslada luego al recibo exactamente a esos cero euros, ya que existen unos costes fijos para el consumidor el\u00e9ctrico, por peajes, cargos y ajustes del sistema.<\/span><\/p>\n<p><span style=\"font-size: 14pt;\">El descenso en el &#8216;pool&#8217; se debe, principalmente, a la presencia del frente con abundantes precipitaciones con viento y nieve, impulsando as\u00ed la entrada de las renovables -especialmente e\u00f3lica- en el &#8216;mix&#8217; de generaci\u00f3n. Adem\u00e1s, se une que en los fines de semana se registra una ca\u00edda en la demanda que hace todav\u00eda m\u00e1s barato el precio.<\/span><\/p>\n<p><span style=\"font-size: 14pt;\">En los diez primeros d\u00edas de marzo, la media del &#8216;pool&#8217; se sit\u00faa en 10 euros\/MWh, despu\u00e9s de haber sumado ocho d\u00edas por debajo de la cuota de los 10 euros\/MWh.<\/span><\/p>\n<p><span style=\"font-size: 14pt;\">En febrero, el precio medio diario del mercado mayorista se situ\u00f3 en los 40 euros\/MWh, con un descenso del 46 por ciento frente a enero y del 69.7 por ciento respecto a hace un a\u00f1o -132.06 euros\/MWh-, debido ya a alta participaci\u00f3n de las renovables, especialmente por las borrascas de la \u00faltima semana.<\/span><\/p>\n","protected":false},"excerpt":{"rendered":"<p>El precio del mercado mayorista el\u00e9ctrico, el denominado &#8216;pool&#8217;, bajar\u00e1 de nuevo este domingo, hasta una media para la jornada<\/p>\n","protected":false},"author":4,"featured_media":33253,"comment_status":"closed","ping_status":"closed","sticky":false,"template":"","format":"standard","meta":{"colormag_page_container_layout":"default_layout","colormag_page_sidebar_layout":"default_layout","_jetpack_memberships_contains_paid_content":false,"footnotes":"","jetpack_publicize_message":"","jetpack_publicize_feature_enabled":true,"jetpack_social_post_already_shared":false,"jetpack_social_options":{"image_generator_settings":{"template":"highway","default_image_id":0,"font":"","enabled":false},"version":2}},"categories":[2050],"tags":[],"class_list":["post-33252","post","type-post","status-publish","format-standard","has-post-thumbnail","hentry","category-economia"],"jetpack_publicize_connections":[],"jetpack_featured_media_url":"https:\/\/i0.wp.com\/politicosaldesnudo.com.mx\/wp-content\/uploads\/2024\/03\/image_large.jpg?fit=1117%2C744&ssl=1","jetpack-related-posts":[],"jetpack_sharing_enabled":true,"_links":{"self":[{"href":"https:\/\/politicosaldesnudo.com.mx\/index.php\/wp-json\/wp\/v2\/posts\/33252","targetHints":{"allow":["GET"]}}],"collection":[{"href":"https:\/\/politicosaldesnudo.com.mx\/index.php\/wp-json\/wp\/v2\/posts"}],"about":[{"href":"https:\/\/politicosaldesnudo.com.mx\/index.php\/wp-json\/wp\/v2\/types\/post"}],"author":[{"embeddable":true,"href":"https:\/\/politicosaldesnudo.com.mx\/index.php\/wp-json\/wp\/v2\/users\/4"}],"replies":[{"embeddable":true,"href":"https:\/\/politicosaldesnudo.com.mx\/index.php\/wp-json\/wp\/v2\/comments?post=33252"}],"version-history":[{"count":0,"href":"https:\/\/politicosaldesnudo.com.mx\/index.php\/wp-json\/wp\/v2\/posts\/33252\/revisions"}],"wp:featuredmedia":[{"embeddable":true,"href":"https:\/\/politicosaldesnudo.com.mx\/index.php\/wp-json\/wp\/v2\/media\/33253"}],"wp:attachment":[{"href":"https:\/\/politicosaldesnudo.com.mx\/index.php\/wp-json\/wp\/v2\/media?parent=33252"}],"wp:term":[{"taxonomy":"category","embeddable":true,"href":"https:\/\/politicosaldesnudo.com.mx\/index.php\/wp-json\/wp\/v2\/categories?post=33252"},{"taxonomy":"post_tag","embeddable":true,"href":"https:\/\/politicosaldesnudo.com.mx\/index.php\/wp-json\/wp\/v2\/tags?post=33252"}],"curies":[{"name":"wp","href":"https:\/\/api.w.org\/{rel}","templated":true}]}}