{"id":33295,"date":"2024-03-12T07:59:32","date_gmt":"2024-03-12T13:59:32","guid":{"rendered":"https:\/\/politicosaldesnudo.com.mx\/?p=33295"},"modified":"2024-03-12T07:59:32","modified_gmt":"2024-03-12T13:59:32","slug":"exigen-separacion-de-poderes","status":"publish","type":"post","link":"https:\/\/politicosaldesnudo.com.mx\/index.php\/2024\/03\/12\/exigen-separacion-de-poderes\/","title":{"rendered":"Exigen separaci\u00f3n de poderes"},"content":{"rendered":"<p><span style=\"font-size: 14pt;\">Xalapa.- Pobladores de Lerdo de Tejada recabaron m\u00e1s de mil firmas ciudadanas para exigir al Congreso del Estado la desaparici\u00f3n de poderes en el ayuntamiento ante el escenario de ingobernabilidad que padecen.<\/span><\/p>\n<p><span style=\"font-size: 14pt;\">Los inconformes recordaron que el joven Brandon Arellano Cruz, un vecino muy querido de Lerdo de Tejada, fue v\u00edctima de un \u201cartero\u201d asesinato por parte de polic\u00edas municipales el pasado 19 de enero.<\/span><\/p>\n<p><span style=\"font-size: 14pt;\">Juan Guillermo Hern\u00e1ndez enfatiz\u00f3 la necesidad de que sean separados del cargo los ediles por presuntamente no estar legalmente constituidos.<\/span><\/p>\n<p><span style=\"font-size: 14pt;\">\u201cAdem\u00e1s son omisos, porque sab\u00edan de los abusos policiales y no hicieron algo al respecto en favor de la seguridad del Municipio\u201d, enfatiz\u00f3.<\/span><\/p>\n<p><span style=\"font-size: 14pt;\">Los habitantes reclamaron la Instalaci\u00f3n y constituci\u00f3n de un Concejo Municipal que escuche a la ciudadan\u00eda conformado como lo marca la ley.<\/span><\/p>\n<p><span style=\"font-size: 14pt;\">\u201cAnte la Ingobernabilidad presentada exigimos una respuesta por parte del Congreso con la finalidad de no transgredir la ley, que como ciudadanos veamos garantizada la seguridad como un derecho humano, demandando lo que por ley nos corresponde, un gobierno leg\u00edtimo\u201d, a\u00f1adieron.<\/span><\/p>\n<p><span style=\"font-size: 14pt;\">Cabe recordar que Lerdo de Tejada es gobernado por la s\u00edndica en funciones de alcaldesa, Mar\u00eda Esther Arr\u00f3niz L\u00f3pez, ya que el alcalde electo Fabi\u00e1n \u201cN\u201d enfrenta un proceso penal por el presunto delito de secuestros desde el a\u00f1o 2021.<\/span><\/p>\n<p><span style=\"font-size: 14pt;\">La gente recab\u00f3 mil 106 firmas de vecinos y habitantes, las cuales fueron presentadas al Congreso local el pasado 8 de marzo, para que sean atendidas sus demandas expuestas.<\/span><\/p>\n<p><span style=\"font-size: 14pt;\">En la conferencia de prensa, realizada en el centro de Xalapa, tambi\u00e9n estuvieron otros integrantes de la Comisi\u00f3n de Vecinos de Lerdo de Tejada: \u00c1frica Rodr\u00edguez Reyes, Juan Carvallo Cadena, Carlos Fomperosa Sosa y Fidel Guillermo Ord\u00f3\u00f1ez Solana.<\/span><\/p>\n","protected":false},"excerpt":{"rendered":"<p>Xalapa.- Pobladores de Lerdo de Tejada recabaron m\u00e1s de mil firmas ciudadanas para exigir al Congreso del Estado la desaparici\u00f3n<\/p>\n","protected":false},"author":4,"featured_media":33296,"comment_status":"closed","ping_status":"closed","sticky":false,"template":"","format":"standard","meta":{"colormag_page_container_layout":"default_layout","colormag_page_sidebar_layout":"default_layout","_jetpack_memberships_contains_paid_content":false,"footnotes":"","jetpack_publicize_message":"","jetpack_publicize_feature_enabled":true,"jetpack_social_post_already_shared":false,"jetpack_social_options":{"image_generator_settings":{"template":"highway","default_image_id":0,"font":"","enabled":false},"version":2}},"categories":[30],"tags":[],"class_list":["post-33295","post","type-post","status-publish","format-standard","has-post-thumbnail","hentry","category-estados"],"jetpack_publicize_connections":[],"jetpack_featured_media_url":"https:\/\/i0.wp.com\/politicosaldesnudo.com.mx\/wp-content\/uploads\/2024\/03\/8b-2.jpg?fit=1203%2C902&ssl=1","jetpack-related-posts":[],"jetpack_sharing_enabled":true,"_links":{"self":[{"href":"https:\/\/politicosaldesnudo.com.mx\/index.php\/wp-json\/wp\/v2\/posts\/33295","targetHints":{"allow":["GET"]}}],"collection":[{"href":"https:\/\/politicosaldesnudo.com.mx\/index.php\/wp-json\/wp\/v2\/posts"}],"about":[{"href":"https:\/\/politicosaldesnudo.com.mx\/index.php\/wp-json\/wp\/v2\/types\/post"}],"author":[{"embeddable":true,"href":"https:\/\/politicosaldesnudo.com.mx\/index.php\/wp-json\/wp\/v2\/users\/4"}],"replies":[{"embeddable":true,"href":"https:\/\/politicosaldesnudo.com.mx\/index.php\/wp-json\/wp\/v2\/comments?post=33295"}],"version-history":[{"count":0,"href":"https:\/\/politicosaldesnudo.com.mx\/index.php\/wp-json\/wp\/v2\/posts\/33295\/revisions"}],"wp:featuredmedia":[{"embeddable":true,"href":"https:\/\/politicosaldesnudo.com.mx\/index.php\/wp-json\/wp\/v2\/media\/33296"}],"wp:attachment":[{"href":"https:\/\/politicosaldesnudo.com.mx\/index.php\/wp-json\/wp\/v2\/media?parent=33295"}],"wp:term":[{"taxonomy":"category","embeddable":true,"href":"https:\/\/politicosaldesnudo.com.mx\/index.php\/wp-json\/wp\/v2\/categories?post=33295"},{"taxonomy":"post_tag","embeddable":true,"href":"https:\/\/politicosaldesnudo.com.mx\/index.php\/wp-json\/wp\/v2\/tags?post=33295"}],"curies":[{"name":"wp","href":"https:\/\/api.w.org\/{rel}","templated":true}]}}