{"id":33343,"date":"2024-03-13T00:00:30","date_gmt":"2024-03-13T06:00:30","guid":{"rendered":"https:\/\/politicosaldesnudo.com.mx\/?p=33343"},"modified":"2024-03-13T00:00:30","modified_gmt":"2024-03-13T06:00:30","slug":"desaparece-otro-periodista","status":"publish","type":"post","link":"https:\/\/politicosaldesnudo.com.mx\/index.php\/2024\/03\/13\/desaparece-otro-periodista\/","title":{"rendered":"Desaparece otro periodista"},"content":{"rendered":"<p><span style=\"font-size: 18pt; color: #cc99ff;\"><strong>ALMA GRANDE<\/strong><\/span><\/p>\n<p><span style=\"font-size: 18pt; color: #cc99ff;\"><strong>Por \u00c1ngel \u00c1lvaro Pe\u00f1a<\/strong><\/span><\/p>\n<p><span style=\"font-size: 14pt;\"><strong>Nuevamente las agresiones contra los periodistas contin\u00faan sin que haya reacciones oficiales. El Mecanismo de Protecci\u00f3n para Personas Defensoras de Derechos Humanos y Periodistas, que depende de la Secretar\u00eda de Gobernaci\u00f3n que encabeza Luisa Mar\u00eda Alcalde, adopta coartadas absurdas afirmando que, si no est\u00e1n inscritos en su padr\u00f3n de comunicadores protegidos, no son responsabilidad de ellos los asesinatos.<\/strong><\/span><\/p>\n<p><span style=\"font-size: 18pt;\"><strong>Pero quienes est\u00e1n inscritos en dicho Mecanismo tampoco est\u00e1n a salvo. Se llega a pensar que se est\u00e1 m\u00e1s seguro sin su protecci\u00f3n que bajo su resguardo, porque el Mecanismo env\u00eda a los escoltas del Servicio de Protecci\u00f3n Federal, con el objetivo de infiltrarse en la vida privada de los periodistas, y en lugar de resguardar su integridad, sirven de \u201corejas\u201d para que sus superiores conozcan santo y se\u00f1a de los comunicadores.<\/strong><\/span><\/p>\n<p><img data-recalc-dims=\"1\" loading=\"lazy\" decoding=\"async\" class=\"aligncenter size-full wp-image-33344\" src=\"https:\/\/i0.wp.com\/politicosaldesnudo.com.mx\/wp-content\/uploads\/2024\/03\/WhatsApp-Image-2023-01-04-at-13.10.51.jpeg?resize=492%2C588&#038;ssl=1\" alt=\"\" width=\"492\" height=\"588\" srcset=\"https:\/\/i0.wp.com\/politicosaldesnudo.com.mx\/wp-content\/uploads\/2024\/03\/WhatsApp-Image-2023-01-04-at-13.10.51.jpeg?w=492&amp;ssl=1 492w, https:\/\/i0.wp.com\/politicosaldesnudo.com.mx\/wp-content\/uploads\/2024\/03\/WhatsApp-Image-2023-01-04-at-13.10.51.jpeg?resize=251%2C300&amp;ssl=1 251w\" sizes=\"auto, (max-width: 492px) 100vw, 492px\" \/><\/p>\n<p><span style=\"font-size: 14pt;\"><strong>Estar bajo la protecci\u00f3n del Mecanismo implica un riesgo mayor porque de pronto, sin dar aviso, la protecci\u00f3n concluye, argumentando que la Junta de Gobierno, que encabeza Enrique Irazoque, determin\u00f3 que no la necesitaba.<\/strong><\/span><\/p>\n<p><span style=\"font-size: 14pt;\"><strong>Desde 2018, el Mecanismo endureci\u00f3 su forma de conservar la protecci\u00f3n de los comunicadores, desde la llegada de la Cuarta Transformaci\u00f3n se prefiere en la Segob, ahorrar que evitar la tragedia de decenas de familias que sufren la p\u00e9rdida de un miembro de su familia. Por si fuera poco, los homicidios contra los periodistas son los que arrojan menos resultados en las investigaciones y el Mecanismo carece de datos que pudieran dar una variable concreta a las investigaciones. Porque ni siquiera son capaces de tener promedios, pistas o acciones que sirvan de evidencia para evitar la muerte de tantos compa\u00f1eros. Se olvidan que su labor es preventiva y no un lamento despu\u00e9s del asesinato. Ni siquiera hay disculpa p\u00fablica.<\/strong><\/span><\/p>\n<p><span style=\"font-size: 14pt;\"><strong>El Mecanismo al morir el periodista cierra el caso, lo cual representa un crimen sobre otro.<\/strong><\/span><\/p>\n<p><img data-recalc-dims=\"1\" loading=\"lazy\" decoding=\"async\" class=\"aligncenter size-full wp-image-33345\" src=\"https:\/\/i0.wp.com\/politicosaldesnudo.com.mx\/wp-content\/uploads\/2024\/03\/proteccion-a-periodistas.jpg?resize=800%2C449&#038;ssl=1\" alt=\"\" width=\"800\" height=\"449\" srcset=\"https:\/\/i0.wp.com\/politicosaldesnudo.com.mx\/wp-content\/uploads\/2024\/03\/proteccion-a-periodistas.jpg?w=980&amp;ssl=1 980w, https:\/\/i0.wp.com\/politicosaldesnudo.com.mx\/wp-content\/uploads\/2024\/03\/proteccion-a-periodistas.jpg?resize=300%2C168&amp;ssl=1 300w, https:\/\/i0.wp.com\/politicosaldesnudo.com.mx\/wp-content\/uploads\/2024\/03\/proteccion-a-periodistas.jpg?resize=768%2C431&amp;ssl=1 768w\" sizes=\"auto, (max-width: 800px) 100vw, 800px\" \/><\/p>\n<p><span style=\"font-size: 18pt;\"><strong>Seg\u00fan ellos, dicha decisi\u00f3n se adopta a trav\u00e9s de estudios, pero lo que en realidad sucede es que quieren quedar bien con sus jefes ahorrando dinero en la protecci\u00f3n de los periodistas que tienen por obligaci\u00f3n brindar. Deben ampararse los periodistas para tener protecci\u00f3n de los escoltas, a quienes env\u00edan sin armamento y sin vi\u00e1ticos, como muestra del descontento que les produce haber perdido el amparo. De tal suerte que los comunicadores amparados deben su protecci\u00f3n al Poder Judicial y no al Ejecutivo, y mucho menos a Segob.<\/strong><\/span><\/p>\n<p><span style=\"font-size: 14pt;\"><strong>Ahora, hay un nuevo desaparecido, esta vez en Jalisco, se trata de Jaime Barrera, de 56 a\u00f1os, conductor de radio y televisi\u00f3n de Jalisco, habr\u00eda sido secuestrado, inform\u00f3 este martes la fiscal\u00eda, un d\u00eda despu\u00e9s de que se reportara su desaparici\u00f3n. Seg\u00fan este informe fue privado de la libertad por varias personas.<\/strong><\/span><\/p>\n<figure id=\"attachment_33346\" aria-describedby=\"caption-attachment-33346\" style=\"width: 800px\" class=\"wp-caption aligncenter\"><img data-recalc-dims=\"1\" loading=\"lazy\" decoding=\"async\" class=\"wp-image-33346 size-large\" src=\"https:\/\/i0.wp.com\/politicosaldesnudo.com.mx\/wp-content\/uploads\/2024\/03\/Sin-titulo-1024x718.png?resize=800%2C561&#038;ssl=1\" alt=\"\" width=\"800\" height=\"561\" srcset=\"https:\/\/i0.wp.com\/politicosaldesnudo.com.mx\/wp-content\/uploads\/2024\/03\/Sin-titulo.png?resize=1024%2C718&amp;ssl=1 1024w, https:\/\/i0.wp.com\/politicosaldesnudo.com.mx\/wp-content\/uploads\/2024\/03\/Sin-titulo.png?resize=300%2C210&amp;ssl=1 300w, https:\/\/i0.wp.com\/politicosaldesnudo.com.mx\/wp-content\/uploads\/2024\/03\/Sin-titulo.png?resize=768%2C539&amp;ssl=1 768w, https:\/\/i0.wp.com\/politicosaldesnudo.com.mx\/wp-content\/uploads\/2024\/03\/Sin-titulo.png?resize=1536%2C1077&amp;ssl=1 1536w, https:\/\/i0.wp.com\/politicosaldesnudo.com.mx\/wp-content\/uploads\/2024\/03\/Sin-titulo.png?resize=2048%2C1436&amp;ssl=1 2048w, https:\/\/i0.wp.com\/politicosaldesnudo.com.mx\/wp-content\/uploads\/2024\/03\/Sin-titulo.png?resize=130%2C90&amp;ssl=1 130w, https:\/\/i0.wp.com\/politicosaldesnudo.com.mx\/wp-content\/uploads\/2024\/03\/Sin-titulo.png?w=1600&amp;ssl=1 1600w, https:\/\/i0.wp.com\/politicosaldesnudo.com.mx\/wp-content\/uploads\/2024\/03\/Sin-titulo.png?w=2400&amp;ssl=1 2400w\" sizes=\"auto, (max-width: 800px) 100vw, 800px\" \/><figcaption id=\"caption-attachment-33346\" class=\"wp-caption-text\">Jaime Barrera<\/figcaption><\/figure>\n<p><span style=\"font-size: 14pt;\"><strong>Itzul Barrera, hija del periodista, tampoco refiri\u00f3 intimidaciones por su actividad pol\u00edtica. No ten\u00eda enemigos visibles. M\u00e1s de 200 personas, entre ellos familiares de Barrera y comunicadores, se reunieron la tarde del martes en la Plaza Liberaci\u00f3n de Guadalajara para exigir la localizaci\u00f3n con vida del periodista. Las protestas p\u00fablicas seguir\u00e1n en otros estados.<\/strong><\/span><\/p>\n<p><span style=\"font-size: 18pt;\"><strong>En M\u00e9xico siguen cayendo uno a uno los periodistas, lo cual significa un retroceso en la seguridad y una herida grave a la democracia. M\u00e9xico y su gobierno tienen en la muerte de los periodistas su tal\u00f3n de Aquiles que puede costarle a Morena graves consecuencias en las urnas.<\/strong><\/span><\/p>\n<p><span style=\"font-size: 14pt;\"><strong>PEGA Y CORRE.- El abstencionismo en los procesos electorales se debe a que las personas consideran que no ir a votar no les afecta en sus vidas diarias, sumado a la decepci\u00f3n de los actores pol\u00edticos y partidos, as\u00ed como de la democracia y las campa\u00f1as de quienes buscan un puesto de elecci\u00f3n popular, las cuales por lo regular ahuyentan al electorado. As\u00ed lo concluyeron los polit\u00f3logos Miguel Calder\u00f3n Chelius de la Ibero Puebla y Juan Carlos Espinosa Von Roehrich de la Universidad Popular Aut\u00f3noma de Puebla&#8230;Esta columna se publica los lunes, mi\u00e9rcoles y viernes.<\/strong><\/span><\/p>\n<p><img data-recalc-dims=\"1\" loading=\"lazy\" decoding=\"async\" class=\"aligncenter size-full wp-image-33176\" src=\"https:\/\/i0.wp.com\/politicosaldesnudo.com.mx\/wp-content\/uploads\/2024\/03\/FIRMA-EDITORIAL-PD-2.jpg?resize=800%2C98&#038;ssl=1\" alt=\"\" width=\"800\" height=\"98\" srcset=\"https:\/\/i0.wp.com\/politicosaldesnudo.com.mx\/wp-content\/uploads\/2024\/03\/FIRMA-EDITORIAL-PD-2.jpg?w=1024&amp;ssl=1 1024w, https:\/\/i0.wp.com\/politicosaldesnudo.com.mx\/wp-content\/uploads\/2024\/03\/FIRMA-EDITORIAL-PD-2.jpg?resize=300%2C37&amp;ssl=1 300w, https:\/\/i0.wp.com\/politicosaldesnudo.com.mx\/wp-content\/uploads\/2024\/03\/FIRMA-EDITORIAL-PD-2.jpg?resize=768%2C94&amp;ssl=1 768w\" sizes=\"auto, (max-width: 800px) 100vw, 800px\" \/><\/p>\n","protected":false},"excerpt":{"rendered":"<p>ALMA GRANDE Por \u00c1ngel \u00c1lvaro Pe\u00f1a Nuevamente las agresiones contra los periodistas contin\u00faan sin que haya reacciones oficiales. El Mecanismo<\/p>\n","protected":false},"author":4,"featured_media":15807,"comment_status":"closed","ping_status":"closed","sticky":false,"template":"","format":"standard","meta":{"colormag_page_container_layout":"default_layout","colormag_page_sidebar_layout":"default_layout","_jetpack_memberships_contains_paid_content":false,"footnotes":"","jetpack_publicize_message":"","jetpack_publicize_feature_enabled":true,"jetpack_social_post_already_shared":false,"jetpack_social_options":{"image_generator_settings":{"template":"highway","default_image_id":0,"font":"","enabled":false},"version":2}},"categories":[26],"tags":[323,2715,1880,870,1201],"class_list":["post-33343","post","type-post","status-publish","format-standard","has-post-thumbnail","hentry","category-columnistas","tag-desaparicion","tag-enrique-irazoque","tag-luisa-maria-alcalde","tag-mecanismo","tag-periodista"],"jetpack_publicize_connections":[],"jetpack_featured_media_url":"https:\/\/i0.wp.com\/politicosaldesnudo.com.mx\/wp-content\/uploads\/2023\/02\/ANGEL-ALVARO-PENA1.webp?fit=800%2C445&ssl=1","jetpack-related-posts":[],"jetpack_sharing_enabled":true,"_links":{"self":[{"href":"https:\/\/politicosaldesnudo.com.mx\/index.php\/wp-json\/wp\/v2\/posts\/33343","targetHints":{"allow":["GET"]}}],"collection":[{"href":"https:\/\/politicosaldesnudo.com.mx\/index.php\/wp-json\/wp\/v2\/posts"}],"about":[{"href":"https:\/\/politicosaldesnudo.com.mx\/index.php\/wp-json\/wp\/v2\/types\/post"}],"author":[{"embeddable":true,"href":"https:\/\/politicosaldesnudo.com.mx\/index.php\/wp-json\/wp\/v2\/users\/4"}],"replies":[{"embeddable":true,"href":"https:\/\/politicosaldesnudo.com.mx\/index.php\/wp-json\/wp\/v2\/comments?post=33343"}],"version-history":[{"count":0,"href":"https:\/\/politicosaldesnudo.com.mx\/index.php\/wp-json\/wp\/v2\/posts\/33343\/revisions"}],"wp:featuredmedia":[{"embeddable":true,"href":"https:\/\/politicosaldesnudo.com.mx\/index.php\/wp-json\/wp\/v2\/media\/15807"}],"wp:attachment":[{"href":"https:\/\/politicosaldesnudo.com.mx\/index.php\/wp-json\/wp\/v2\/media?parent=33343"}],"wp:term":[{"taxonomy":"category","embeddable":true,"href":"https:\/\/politicosaldesnudo.com.mx\/index.php\/wp-json\/wp\/v2\/categories?post=33343"},{"taxonomy":"post_tag","embeddable":true,"href":"https:\/\/politicosaldesnudo.com.mx\/index.php\/wp-json\/wp\/v2\/tags?post=33343"}],"curies":[{"name":"wp","href":"https:\/\/api.w.org\/{rel}","templated":true}]}}