{"id":33348,"date":"2024-03-13T08:39:24","date_gmt":"2024-03-13T14:39:24","guid":{"rendered":"https:\/\/politicosaldesnudo.com.mx\/?p=33348"},"modified":"2024-03-13T08:39:24","modified_gmt":"2024-03-13T14:39:24","slug":"sigue-el-cine-en-comunidades","status":"publish","type":"post","link":"https:\/\/politicosaldesnudo.com.mx\/index.php\/2024\/03\/13\/sigue-el-cine-en-comunidades\/","title":{"rendered":"Sigue el cine en comunidades"},"content":{"rendered":"<p><span style=\"font-size: 14pt;\">Tuxpan.- Con el prop\u00f3sito de seguir fomentando la unidad familiar y los valores entre las comunidades, la Direcci\u00f3n de Cultura contin\u00faa llevando actividades a las localidades con una excelente respuesta ciudadana.<\/span><\/p>\n<p><span style=\"font-size: 14pt;\">El comisionado del \u00e1rea; Israel Luna, inform\u00f3 que las actividades har\u00e1n una pausa en el pr\u00f3ximo periodo vacacional, mientras siguen visitando los lugares pendientes.<\/span><\/p>\n<p><span style=\"font-size: 14pt;\">El cine comunitario, lejos de ser una pr\u00e1ctica relegada al pasado, contin\u00faa floreciendo en las comunidades, porque su papel como herramienta de inclusi\u00f3n social, educaci\u00f3n y transformaci\u00f3n cultural, se ha vuelto m\u00e1s importante que nunca en la era digital.<\/span><\/p>\n<p><span style=\"font-size: 14pt;\">Esta pr\u00e1ctica ofrece a las personas de comunidades, sobre todo a los ni\u00f1os, la oportunidad de acceder a pel\u00edculas, disfrutar de una tarde o ma\u00f1ana agradable con sus amigos y fortalecer la convivencia familiar.<\/span><\/p>\n<p><span style=\"font-size: 14pt;\">Con estas actividades fortalecen la identidad cultural de las comunidades, las personas se sienten m\u00e1s conectadas con su comunidad y su patrimonio.<\/span><\/p>\n<p><span style=\"font-size: 14pt;\">Adem\u00e1s, apoyan en la educaci\u00f3n y concienciaci\u00f3n de la comunidad infantil, al utilizarse como una herramienta educativa para abordar temas importantes como la salud, el medio ambiente, los derechos humanos y la justicia social, puesto que las pel\u00edculas pueden generar debates y promover la acci\u00f3n social para mejorar las condiciones de vida en las comunidades.<\/span><\/p>\n","protected":false},"excerpt":{"rendered":"<p>Tuxpan.- Con el prop\u00f3sito de seguir fomentando la unidad familiar y los valores entre las comunidades, la Direcci\u00f3n de Cultura<\/p>\n","protected":false},"author":4,"featured_media":33349,"comment_status":"closed","ping_status":"closed","sticky":false,"template":"","format":"standard","meta":{"colormag_page_container_layout":"default_layout","colormag_page_sidebar_layout":"default_layout","_jetpack_memberships_contains_paid_content":false,"footnotes":"","jetpack_publicize_message":"","jetpack_publicize_feature_enabled":true,"jetpack_social_post_already_shared":false,"jetpack_social_options":{"image_generator_settings":{"template":"highway","default_image_id":0,"font":"","enabled":false},"version":2}},"categories":[1082],"tags":[2303],"class_list":["post-33348","post","type-post","status-publish","format-standard","has-post-thumbnail","hentry","category-tuxpan","tag-cine"],"jetpack_publicize_connections":[],"jetpack_featured_media_url":"https:\/\/i0.wp.com\/politicosaldesnudo.com.mx\/wp-content\/uploads\/2024\/03\/5c-2.jpg?fit=1280%2C960&ssl=1","jetpack-related-posts":[],"jetpack_sharing_enabled":true,"_links":{"self":[{"href":"https:\/\/politicosaldesnudo.com.mx\/index.php\/wp-json\/wp\/v2\/posts\/33348","targetHints":{"allow":["GET"]}}],"collection":[{"href":"https:\/\/politicosaldesnudo.com.mx\/index.php\/wp-json\/wp\/v2\/posts"}],"about":[{"href":"https:\/\/politicosaldesnudo.com.mx\/index.php\/wp-json\/wp\/v2\/types\/post"}],"author":[{"embeddable":true,"href":"https:\/\/politicosaldesnudo.com.mx\/index.php\/wp-json\/wp\/v2\/users\/4"}],"replies":[{"embeddable":true,"href":"https:\/\/politicosaldesnudo.com.mx\/index.php\/wp-json\/wp\/v2\/comments?post=33348"}],"version-history":[{"count":0,"href":"https:\/\/politicosaldesnudo.com.mx\/index.php\/wp-json\/wp\/v2\/posts\/33348\/revisions"}],"wp:featuredmedia":[{"embeddable":true,"href":"https:\/\/politicosaldesnudo.com.mx\/index.php\/wp-json\/wp\/v2\/media\/33349"}],"wp:attachment":[{"href":"https:\/\/politicosaldesnudo.com.mx\/index.php\/wp-json\/wp\/v2\/media?parent=33348"}],"wp:term":[{"taxonomy":"category","embeddable":true,"href":"https:\/\/politicosaldesnudo.com.mx\/index.php\/wp-json\/wp\/v2\/categories?post=33348"},{"taxonomy":"post_tag","embeddable":true,"href":"https:\/\/politicosaldesnudo.com.mx\/index.php\/wp-json\/wp\/v2\/tags?post=33348"}],"curies":[{"name":"wp","href":"https:\/\/api.w.org\/{rel}","templated":true}]}}