{"id":33480,"date":"2024-03-14T10:07:58","date_gmt":"2024-03-14T16:07:58","guid":{"rendered":"https:\/\/politicosaldesnudo.com.mx\/?p=33480"},"modified":"2024-03-14T10:07:58","modified_gmt":"2024-03-14T16:07:58","slug":"lanzan-criticas-contra-javier-milei-por-dichos-contra-funcionarios","status":"publish","type":"post","link":"https:\/\/politicosaldesnudo.com.mx\/index.php\/2024\/03\/14\/lanzan-criticas-contra-javier-milei-por-dichos-contra-funcionarios\/","title":{"rendered":"Lanzan cr\u00edticas contra Javier Milei por dichos contra funcionarios"},"content":{"rendered":"<p><span style=\"font-size: 14pt;\">Fuertes cr\u00edticas de una mayor\u00eda de sectores sobre las frases inolvidables para la memoria de los pueblos tanto del presidente ultraderechista Javier Milei, como sus anuncios de orinar (mear dijo) sobre los gobernadores, de las provincias a los que prometi\u00f3 hundir, amenazando tambi\u00e9n a la ex presidenta Cristina Fern\u00e1ndez de Kirchner o las c\u00e9lebres declaraciones de su canciller, Diana Mondino, en torno a los cr\u00e9ditos para jubilados que suspendi\u00f3 el mandatario, y consider\u00f3: \u201ctodos vamos a morir , pero si sos jubilado, por la edad es seguro que te vas a morir \u00bf Para qu\u00e9 estas haciendo este tipo de cosas?\u201d como darles cr\u00e9ditos.<\/span><\/p>\n<p><span style=\"font-size: 14pt;\">Durante el programa de la ex actriz Mirta Legrand en el que se abord\u00f3 la tragedia e incertidumbre que viven millones de jubilados, Mondino dijo esta frase que evidenci\u00f3 la total falta de sensibilidad, ya que Legrand acaba de cumplir 97 a\u00f1os, y con iron\u00eda le respondi\u00f3 que piensa vivir hasta los 106 a\u00f1os o m\u00e1s.<\/span><\/p>\n<p><span style=\"font-size: 14pt;\">Es una caracter\u00edstica del gobierno de Milei, a cuya crueldad y perversi\u00f3n se han referido analistas y sic\u00f3logos a medida que se va conociendo que sus escasos \u201ccuadros pol\u00edticos\u201d no saben nada de lo que es un Estado, no han tenido funciones anteriormente y s\u00f3lo los que provey\u00f3 su socio pol\u00edtico de Propuesta Republicana, del ex presidente Mauricio Macri, que son los m\u00e1s estrat\u00e9gicos. El mandatario quiere disolver el Estado, con el argumento de que entre \u00e9ste y la mafia se queda con la mafia, \u201cporque tiene m\u00e1s c\u00f3digos\u201d.<\/span><\/p>\n<p><span style=\"font-size: 14pt;\">La vicepresidenta Victoria Villarruel, defensora de las juntas militares de la dictadura (1973-1986), hizo una serie de maniobras para impedir que el Congreso debatiera el caso de los jubilados, que est\u00e1n en uno de sus momentos m\u00e1s graves ya que el presidente quiere golpear a la obra social que los protege e incluso terminar con una moratoria que otorgaba jubilaciones a miles que trabajaron como informales y amas de casa, logrado durante el gobierno de Fern\u00e1ndez de Kirchner.<\/span><\/p>\n<p><span style=\"font-size: 14pt;\">Contando con el apoyo de tres gobernadores un sector de la Uni\u00f3n C\u00edvica Radical cada vez m\u00e1s dividida, logr\u00f3 que no hubiera quorum para evitar debatir el tema de jubilaciones, como pidi\u00f3 buena parte de la oposici\u00f3n especialmente la peronista Uni\u00f3n por la Patria. Sin embargo, la vicepresidenta no logr\u00f3 detener el debate que se dar\u00e1 este jueves en el Senado despu\u00e9s de una larga demora, donde se tomar\u00e1n decisiones sobre el famoso decreto de necesidad y urgencia (DNU) del pasado 20 de diciembre, que acaba con todos los derechos del pueblo, instituciones claves y que se aplica mientras no tenga tratamiento parlamentario.<\/span><\/p>\n<p><span style=\"font-size: 14pt;\">Adem\u00e1s Milei ha firmado acuerdos que comprometen gravemente la soberan\u00eda nacional. Se cierran todas las instituciones de cultura, y de derechos humanos entre otras y poniendo su eje sobre los jubilados, de cuya caja previsional se apropiaron del Fondo de Garant\u00eda Sustentable, que son la protecci\u00f3n que manten\u00eda la Administraci\u00f3n Nacional de Seguridad Social, para miles del sistema previsional. Milei se comprometi\u00f3 con el Fondo Monetario Internacional para aplicar 30 o m\u00e1s por ciento sobre el presupuesto de los millones de pensionados pero el debate no se pudo dar.<\/span><\/p>\n<p><span style=\"font-size: 14pt;\">Ahora tambi\u00e9n Milei utiliz\u00f3 nuevas amenazas ante el hecho de que Villarruel no pudo detener el debate del famoso DNU. Pero Milei tiene miedo de que el DNU no sea votado como \u00e9l quiere para asegurase que el Legislativo le delegue todas sus facultades que son la suma del poder y lanza amenazas para uno y otro lado. .<\/span><\/p>\n<p><span style=\"font-size: 14pt;\">El mandatario hizo serias advertencias en relaci\u00f3n a lo que pueda surgir del Senado y tambi\u00e9n hay advertencias sobre lo de Villarruel, a la que se acus\u00f3 de impulsar \u201cuna agenda propia e inconsulta\u201d. Mientras esto se discute y Milei sigue amenazando a los congresistas, la \u201cmotosierra\u201d avanza sobre instituciones culturales como sucede con el Instituto de Cinematograf\u00eda, que fue dejado sin presupuesto, entre otros organismos que van cerrando. Pero tambi\u00e9n avanza sobre los derechos humanos y los sitios de la memoria..<\/span><\/p>\n<p><span style=\"font-size: 14pt;\">Hoy mismo hubo un nuevo despido en la Secretar\u00eda de Derechos Humanos de la Naci\u00f3n, a cargo de Alberto Ba\u00f1os, en el excentro clandestino de detenci\u00f3n Club Atl\u00e9tico, ubicado en avenida Paseo Col\u00f3n 1266, en esta capital.<\/span><\/p>\n","protected":false},"excerpt":{"rendered":"<p>Fuertes cr\u00edticas de una mayor\u00eda de sectores sobre las frases inolvidables para la memoria de los pueblos tanto del presidente<\/p>\n","protected":false},"author":4,"featured_media":33481,"comment_status":"closed","ping_status":"closed","sticky":false,"template":"","format":"standard","meta":{"colormag_page_container_layout":"default_layout","colormag_page_sidebar_layout":"default_layout","_jetpack_memberships_contains_paid_content":false,"footnotes":"","jetpack_publicize_message":"","jetpack_publicize_feature_enabled":true,"jetpack_social_post_already_shared":false,"jetpack_social_options":{"image_generator_settings":{"template":"highway","default_image_id":0,"font":"","enabled":false},"version":2}},"categories":[28],"tags":[3274,3200,3112],"class_list":["post-33480","post","type-post","status-publish","format-standard","has-post-thumbnail","hentry","category-internacional","tag-criticas","tag-funcionarios","tag-milei"],"jetpack_publicize_connections":[],"jetpack_featured_media_url":"https:\/\/i0.wp.com\/politicosaldesnudo.com.mx\/wp-content\/uploads\/2024\/03\/paran-conductores-en-buenos-focus-0-0-1044-675.jpg?fit=696%2C450&ssl=1","jetpack-related-posts":[],"jetpack_sharing_enabled":true,"_links":{"self":[{"href":"https:\/\/politicosaldesnudo.com.mx\/index.php\/wp-json\/wp\/v2\/posts\/33480","targetHints":{"allow":["GET"]}}],"collection":[{"href":"https:\/\/politicosaldesnudo.com.mx\/index.php\/wp-json\/wp\/v2\/posts"}],"about":[{"href":"https:\/\/politicosaldesnudo.com.mx\/index.php\/wp-json\/wp\/v2\/types\/post"}],"author":[{"embeddable":true,"href":"https:\/\/politicosaldesnudo.com.mx\/index.php\/wp-json\/wp\/v2\/users\/4"}],"replies":[{"embeddable":true,"href":"https:\/\/politicosaldesnudo.com.mx\/index.php\/wp-json\/wp\/v2\/comments?post=33480"}],"version-history":[{"count":0,"href":"https:\/\/politicosaldesnudo.com.mx\/index.php\/wp-json\/wp\/v2\/posts\/33480\/revisions"}],"wp:featuredmedia":[{"embeddable":true,"href":"https:\/\/politicosaldesnudo.com.mx\/index.php\/wp-json\/wp\/v2\/media\/33481"}],"wp:attachment":[{"href":"https:\/\/politicosaldesnudo.com.mx\/index.php\/wp-json\/wp\/v2\/media?parent=33480"}],"wp:term":[{"taxonomy":"category","embeddable":true,"href":"https:\/\/politicosaldesnudo.com.mx\/index.php\/wp-json\/wp\/v2\/categories?post=33480"},{"taxonomy":"post_tag","embeddable":true,"href":"https:\/\/politicosaldesnudo.com.mx\/index.php\/wp-json\/wp\/v2\/tags?post=33480"}],"curies":[{"name":"wp","href":"https:\/\/api.w.org\/{rel}","templated":true}]}}