{"id":33654,"date":"2024-03-18T00:17:10","date_gmt":"2024-03-18T06:17:10","guid":{"rendered":"https:\/\/politicosaldesnudo.com.mx\/?p=33654"},"modified":"2024-03-18T00:17:10","modified_gmt":"2024-03-18T06:17:10","slug":"las-clases-medias-y-el-voto-de-castigo-el-voto-duro","status":"publish","type":"post","link":"https:\/\/politicosaldesnudo.com.mx\/index.php\/2024\/03\/18\/las-clases-medias-y-el-voto-de-castigo-el-voto-duro\/","title":{"rendered":"LAS CLASES MEDIAS Y EL VOTO DE CASTIGO EL VOTO DURO"},"content":{"rendered":"<p><span style=\"font-size: 14pt;\"><strong>Por. Carlos O. Silva Bandala<\/strong><\/span><\/p>\n<p><span style=\"font-size: 14pt;\">El VOTO DE CASTIGO o voto de protesta corresponde a aquel que en elecciones democr\u00e1ticas se le niega al Partido o candidato apoyado con anterioridad, con el fin de castigarlo por su mala gesti\u00f3n. Es uno de los efectos electorales m\u00e1s importantes que obliga a los contendientes a valorarlo, analizarlo y proyectarlo de acuerdo con las circunstancias que se estima pueda suceder por deficiente gesti\u00f3n gubernamental, que inciden tambi\u00e9n, otros factores: autoritarismo, corrupci\u00f3n, impunidad, despotismo. En otras palabras, es un juicio hist\u00f3rico pol\u00edtico y de \u00e9l nadie se escapa. El voto de castigo bien argumentado puede servir para crear un gran movimiento y movilizaci\u00f3n: Los Colectivos Ciudadanos en cuya motivaci\u00f3n est\u00e1 \u201ces tiempo de cambiar\u201d. Hoy vemos como ante la decepcionante campa\u00f1a de X\u00f3chitl G\u00e1lvez, insustancial, de manera oportunista el PAN, PRI y PRD juegan a cachar esos votos. Marko Cort\u00e9s, Alejandro Moreno y Jes\u00fas Zambrano le hacen al T\u00cdO LOLO. Al fin y al cabo, ellos han asegurado su esca\u00f1o en el Congreso, que, sin embargo, X\u00f3chitl G\u00e1lvez, quien arriesga toda su carrera pol\u00edtica, inclusive su seguridad personal, se quedar\u00e1 sin nada. Un absurdo en el sistema pol\u00edtico de Partidos, il\u00f3gico por decir lo menos.<\/span><br \/>\n<span style=\"font-size: 14pt;\">La CDMX y 8 gobiernos estatales ser\u00e1n concurrentes en elecciones el 02 de junio pr\u00f3ximo: por la Presidencia de la Rep\u00fablica y en los estados Chiapas, Guanajuato, Tabasco, Morelos, Puebla, Jalisco, Veracruz y Yucat\u00e1n. En el 2018 la candidatura presidencial de AMLO fue determinante, por su carga pol\u00edtica, en el triunfo en 6 de ellas, pero igualmente fue concomitante el voto de castigo por la mala gesti\u00f3n. Esto es explicable ya que en Guanajuato, Jalisco y Yucat\u00e1n no ayud\u00f3 la corriente l\u00f3pezobradorista para derrocarlos. De alguna manera los ciudadanos estuvieron satisfechos con los gobernantes de esos 3 Estados. Ya hemos analizado las causas y circunstancias que llevan a MORENA a tener focos rojos en Veracruz y Morelos, 2 entidades<\/span><br \/>\n<span style=\"font-size: 14pt;\">federativas en que fue decisivo el liderazgo de AMLO como candidato presidencial para que Cuitl\u00e1huac Garc\u00eda y Cuauht\u00e9moc Blanco hayan sido electos gobernadores.<\/span><br \/>\n<span style=\"font-size: 14pt;\">Es irracional considerar que la elecci\u00f3n o elecciones al caso, del 2018 sean parecidas al 2024. El liderazgo de AMLO es muy diferente, por donde se le pueda o quiera ver al de Claudia Sheinbaum \u00bfEntonces es posible que la candidatura presidencial de Claudia Sheinbaum jale en favor de los otros candidatos de MORENA en los Estados de cambio de gobernador? No parece que pudiese ser as\u00ed. Es decir, o se la rascan con sus propias u\u00f1as y demuestran que poseen liderazgo, o las sorpresas pueden ser sorprendentes. El voto de castigo les est\u00e1 quitando el sue\u00f1o.<\/span><br \/>\n<span style=\"font-size: 14pt;\">Sin deberla ni temerla Claudia Sheinbaum recibir\u00e1 votos de castigo por millones de clasemedieros que se confrontan con el estilo y forma de gobernar del Presidente AMLO. En el 2021, transcurrida la primera mitad del mandato presidencial, se llevaron a cabo las elecciones para Diputados Federales y de las 16 Alcald\u00edas de la CDMX, para centrar el tema. MORENA\/AMLO\/Sheinbaum perdieron la mayor\u00eda calificada en la C\u00e1mara de Diputados y 9 de las 16 Alcald\u00edas. Esos resultados electorales incomodaron al Presidente AMLO, a tal grado que responsabiliz\u00f3 a las clases medias y las estigmatiz\u00f3 de aspiracionistas (que tienen una actitud en la que se reduce a la posici\u00f3n de privilegios). Las clases medias, altas (adineradas) y las pobres, siempre han existido. Si le echamos un vistazo a la historia desde La Colonia hasta nuestros d\u00edas, podemos observar que dicha divisi\u00f3n de clases est\u00e1 ah\u00ed y seguir\u00e1. No existe en pa\u00eds alguno, clase \u00fanica. Es una divisi\u00f3n socioecon\u00f3mica per se.<\/span><br \/>\n<span style=\"font-size: 14pt;\">REP\u00daBLICA. \u2013 Organizaci\u00f3n del Estado cuya m\u00e1xima autoridad es elegida por los ciudadanos. En una Rep\u00fablica la soberan\u00eda es popular, es decir es el pueblo quien elige a sus gobernantes y deben estar al servicio por igual de todos. Si bien, en los ideales del Presidente AMLO \u201cprimero los pobres\u201d es impropio de su mandato no procurar como reto socioecon\u00f3mico constituir m\u00e1s clase media y para el caso, criticarla y, m\u00e1s a\u00fan, no procurar pol\u00edticas p\u00fablicas que impulsen su calidad de vida. Las clases medias son citadinas, y, la mayor\u00eda de las ciudades del pa\u00eds est\u00e1n en p\u00e9simas condiciones urbanas.<\/span><br \/>\n<span style=\"font-size: 14pt;\">EL PRI Y SUS SECTORES. \u2013 5 grandes n\u00facleos de simpatizantes y militantes dieron fuerza y cohesi\u00f3n pol\u00edtica al Instituto: Sector Obrero, Campesino, Popular, J\u00f3venes y Mujeres. Para el tema del an\u00e1lisis, el Sector Popular lo amalgamaban los pobres y clases medias no identificados como obreros y campesinos. Durante los 70 a\u00f1os en que gobern\u00f3 el PRI de manera ininterrumpida m\u00e1s los 6 de Enrique Pe\u00f1a Nieto, la mayor\u00eda de las clases medias y los pobres convivieron y participaron como aliados pol\u00edticos. El Sector Popular fue la estructura socio partidista m\u00e1s numerosa de los otros 4. De Plutarco El\u00edas Calles, como Presidente de M\u00e9xico y fundador del PRI a la fecha han transcurrido casi 100 a\u00f1os y no se tiene registro hist\u00f3rico de que los expresidentes de M\u00e9xico PRI\/PAN hayan hecho una marcada diferencia de clases sociales. En el 2018 AMLO obtuvo 30 millones de votos que lo alzaron al triunfo presidencial. Fueron votantes de clases pobres y clases medias. No existe la posibilidad de argumentar que fueron solo los pobres quienes lo apoyaron. La frase de \u201cprimero los pobres\u201d no exist\u00eda en su lenguaje de campa\u00f1a. El punto es, que las clases medias fueron muy importantes para que AMLO llegase ser Presidente de la Rep\u00fablica.<\/span><br \/>\n<span style=\"font-size: 14pt;\">EL VOTO DURO. \u2013 Suele llamarse as\u00ed al emitido por quienes son militantes y simpatizantes permanentes de un Partido pol\u00edtico, lo apoyan en las urnas independientemente de los candidatos y los programas o planes de gobierno que ofrezcan al electorado. Es la base electoral, el apoyo m\u00e1s importante de los Partidos pol\u00edticos que les proporciona estabilidad. El voto duro es un elemento b\u00e1sico para considerar en cualquier estrategia de campa\u00f1a. La de Claudia Sheinbaum se enfoca en eso; busca que los beneficiarios (m\u00e1s menos 30 millones) de los programas asistencialistas implementados por el Presidente AMLO, ahora constitucionales, se conviertan en voto duro que le asegure el triunfo electoral, de ah\u00ed su preg\u00f3n \u201cprimero los pobres\u201d. Los votantes de las clases medias se van a dividir entre X\u00f3chitl G\u00e1lvez y Jorge \u00c1lvarez M\u00e1ynez. El asunto es, que no parece interesarle a Claudia Sheinbaum las clases medias para atraerlas en su favor electoral. Da la impresi\u00f3n de ser estrat\u00e9gica su indiferencia, pues en la medida que X\u00f3chitl G\u00e1lvez y Jorge \u00c1lvarez se enrolen cada d\u00eda m\u00e1s por conquistarlas, se hace patente la frase \u201cdivide y vencer\u00e1s\u201d.<\/span><br \/>\n<span style=\"font-size: 14pt;\">Siendo Presidenta de M\u00e9xico Claudia Sheinbaum, estar\u00e1 obligada para una gobernanza sin diferenciaci\u00f3n de clases. Las clases medias son fundamentales en el desarrollo econ\u00f3mico y social de la naci\u00f3n. El pa\u00eds no podr\u00e1 continuar de manera pendenciera entre pobres versus clases medias. Sin duda ser\u00e1 legal y constitucional Presidenta de M\u00e9xico, electa en su gran mayor\u00eda por los pobres (pol\u00edtica L\u00f3pezobradorista), sin embargo, requerir\u00e1 legitimarse ante las clases medias. La reconciliaci\u00f3n social se hace imperante. O de lo contrario las manifestaciones callejeras volver\u00e1n. Claudia Sheinbaum habr\u00e1 de tener presente que el liderazgo de AMLO que se impuso multitudinariamente en las confrontaciones sociales callejeras, no lo tiene ella. De continuar la oposici\u00f3n en las calles puede llevar a desestabilizar al pa\u00eds. Las clases medias deben ser escuchadas y atendidas, a\u00fan cuando en est\u00e1 campa\u00f1a presidencial solo sea del inter\u00e9s mayor de la oposici\u00f3n.<\/span><br \/>\n<span style=\"font-size: 14pt;\">En el 2018 votaron 56 millones 611mil personas de una lista nominal de 89 millones 400 mil ciudadanos. A febrero del 2024 la lista nominal es de 99,023,975 ciudadanos, casi 10 millones m\u00e1s que en el 2018. El reto en MORENA es c\u00f3mo hacer que una parte importante de las clases medias voten por Claudia Sheinbaum, cuando en los hechos para \u00e9stas el Presidente AMLO ya no est\u00e1 en su \u00e1nimo y estiman a Claudia Sheinbaum como la candidata no de MORENA, sino del Presidente, la que afirma de manera reiterada, tambi\u00e9n, \u201cprimero los pobres\u201d. OJO, UN PADR\u00d3N CON M\u00c1S DE 10 MILLONES DE NUEVOS POSIBLES VOTANTES, Y UNA CLASE MEDIA OFENDIDA, EMPODERADA, LIBRE Y VALIENTE\u2026 \u00bf\u00bf\u00bf\u00bf?????.<\/span><\/p>\n<p><img data-recalc-dims=\"1\" loading=\"lazy\" decoding=\"async\" class=\"aligncenter size-full wp-image-33637\" src=\"https:\/\/i0.wp.com\/politicosaldesnudo.com.mx\/wp-content\/uploads\/2024\/03\/FIRMA-EDITORIAL-PD-4.jpg?resize=800%2C98&#038;ssl=1\" alt=\"\" width=\"800\" height=\"98\" srcset=\"https:\/\/i0.wp.com\/politicosaldesnudo.com.mx\/wp-content\/uploads\/2024\/03\/FIRMA-EDITORIAL-PD-4.jpg?w=1024&amp;ssl=1 1024w, https:\/\/i0.wp.com\/politicosaldesnudo.com.mx\/wp-content\/uploads\/2024\/03\/FIRMA-EDITORIAL-PD-4.jpg?resize=300%2C37&amp;ssl=1 300w, https:\/\/i0.wp.com\/politicosaldesnudo.com.mx\/wp-content\/uploads\/2024\/03\/FIRMA-EDITORIAL-PD-4.jpg?resize=768%2C94&amp;ssl=1 768w\" sizes=\"auto, (max-width: 800px) 100vw, 800px\" \/><\/p>\n","protected":false},"excerpt":{"rendered":"<p>Por. Carlos O. Silva Bandala El VOTO DE CASTIGO o voto de protesta corresponde a aquel que en elecciones democr\u00e1ticas<\/p>\n","protected":false},"author":4,"featured_media":11705,"comment_status":"closed","ping_status":"closed","sticky":false,"template":"","format":"standard","meta":{"colormag_page_container_layout":"default_layout","colormag_page_sidebar_layout":"default_layout","_jetpack_memberships_contains_paid_content":false,"footnotes":"","jetpack_publicize_message":"","jetpack_publicize_feature_enabled":true,"jetpack_social_post_already_shared":false,"jetpack_social_options":{"image_generator_settings":{"template":"highway","default_image_id":0,"font":"","enabled":false},"version":2}},"categories":[26],"tags":[],"class_list":["post-33654","post","type-post","status-publish","format-standard","has-post-thumbnail","hentry","category-columnistas"],"jetpack_publicize_connections":[],"jetpack_featured_media_url":"https:\/\/i0.wp.com\/politicosaldesnudo.com.mx\/wp-content\/uploads\/2022\/10\/CARLOS-O.-SILVA-BANDALA.png?fit=1816%2C1016&ssl=1","jetpack-related-posts":[],"jetpack_sharing_enabled":true,"_links":{"self":[{"href":"https:\/\/politicosaldesnudo.com.mx\/index.php\/wp-json\/wp\/v2\/posts\/33654","targetHints":{"allow":["GET"]}}],"collection":[{"href":"https:\/\/politicosaldesnudo.com.mx\/index.php\/wp-json\/wp\/v2\/posts"}],"about":[{"href":"https:\/\/politicosaldesnudo.com.mx\/index.php\/wp-json\/wp\/v2\/types\/post"}],"author":[{"embeddable":true,"href":"https:\/\/politicosaldesnudo.com.mx\/index.php\/wp-json\/wp\/v2\/users\/4"}],"replies":[{"embeddable":true,"href":"https:\/\/politicosaldesnudo.com.mx\/index.php\/wp-json\/wp\/v2\/comments?post=33654"}],"version-history":[{"count":0,"href":"https:\/\/politicosaldesnudo.com.mx\/index.php\/wp-json\/wp\/v2\/posts\/33654\/revisions"}],"wp:featuredmedia":[{"embeddable":true,"href":"https:\/\/politicosaldesnudo.com.mx\/index.php\/wp-json\/wp\/v2\/media\/11705"}],"wp:attachment":[{"href":"https:\/\/politicosaldesnudo.com.mx\/index.php\/wp-json\/wp\/v2\/media?parent=33654"}],"wp:term":[{"taxonomy":"category","embeddable":true,"href":"https:\/\/politicosaldesnudo.com.mx\/index.php\/wp-json\/wp\/v2\/categories?post=33654"},{"taxonomy":"post_tag","embeddable":true,"href":"https:\/\/politicosaldesnudo.com.mx\/index.php\/wp-json\/wp\/v2\/tags?post=33654"}],"curies":[{"name":"wp","href":"https:\/\/api.w.org\/{rel}","templated":true}]}}