{"id":33665,"date":"2024-03-18T09:17:58","date_gmt":"2024-03-18T15:17:58","guid":{"rendered":"https:\/\/politicosaldesnudo.com.mx\/?p=33665"},"modified":"2024-03-18T09:17:58","modified_gmt":"2024-03-18T15:17:58","slug":"auguran-incremento-de-ambulantes-en-el-centro","status":"publish","type":"post","link":"https:\/\/politicosaldesnudo.com.mx\/index.php\/2024\/03\/18\/auguran-incremento-de-ambulantes-en-el-centro\/","title":{"rendered":"Auguran incremento de ambulantes en el centro"},"content":{"rendered":"<p><span style=\"font-size: 14pt;\">Tuxpan.- Se espera el retorno de vendedores ambulantes for\u00e1neos para la temporada vacacional de Semana Santa. Esto ocasionado por la gran afluencia de turistas que se espera llegar\u00e1n al puerto por las fechas de vacaciones.<\/span><\/p>\n<p><span style=\"font-size: 14pt;\">\u00abLlegar\u00e1 mucha competencia, pero esperamos tener mejores ventas que en el mes de febrero, porque, aunque s\u00ed se dieron las compras, no fueron las esperadas\u00bb as\u00ed lo explico Luis R., due\u00f1o de un puesto ambulante de frutas y verduras ubicado en conocida y c\u00e9ntrica calle.<\/span><\/p>\n<p><span style=\"font-size: 14pt;\">Asimismo, diversos vendedores locales formales, esperan la llegada de turistas para la mejora de sus ventas, pese a que llegar\u00e1 m\u00e1s competencia en cuanto a venta de diverso tipo de mercanc\u00eda.<\/span><\/p>\n<p><span style=\"font-size: 14pt;\">Aunque ello signifique que la calle se encontrar\u00e1 nuevamente intransitable debido a que las banquetas lucir\u00e1n saturadas de peatones y vendedores.<\/span><\/p>\n<p><span style=\"font-size: 14pt;\">Se espera que esta temporada ayude mucho a la econom\u00eda de diversos vendedores tanto ambulantes como para los formales establecidos.<\/span><\/p>\n","protected":false},"excerpt":{"rendered":"<p>Tuxpan.- Se espera el retorno de vendedores ambulantes for\u00e1neos para la temporada vacacional de Semana Santa. Esto ocasionado por la<\/p>\n","protected":false},"author":4,"featured_media":33666,"comment_status":"closed","ping_status":"closed","sticky":false,"template":"","format":"standard","meta":{"colormag_page_container_layout":"default_layout","colormag_page_sidebar_layout":"default_layout","_jetpack_memberships_contains_paid_content":false,"footnotes":"","jetpack_publicize_message":"","jetpack_publicize_feature_enabled":true,"jetpack_social_post_already_shared":false,"jetpack_social_options":{"image_generator_settings":{"template":"highway","default_image_id":0,"font":"","enabled":false},"version":2}},"categories":[1082],"tags":[],"class_list":["post-33665","post","type-post","status-publish","format-standard","has-post-thumbnail","hentry","category-tuxpan"],"jetpack_publicize_connections":[],"jetpack_featured_media_url":"https:\/\/i0.wp.com\/politicosaldesnudo.com.mx\/wp-content\/uploads\/2024\/03\/5c1-2.jpg?fit=1280%2C960&ssl=1","jetpack-related-posts":[],"jetpack_sharing_enabled":true,"_links":{"self":[{"href":"https:\/\/politicosaldesnudo.com.mx\/index.php\/wp-json\/wp\/v2\/posts\/33665","targetHints":{"allow":["GET"]}}],"collection":[{"href":"https:\/\/politicosaldesnudo.com.mx\/index.php\/wp-json\/wp\/v2\/posts"}],"about":[{"href":"https:\/\/politicosaldesnudo.com.mx\/index.php\/wp-json\/wp\/v2\/types\/post"}],"author":[{"embeddable":true,"href":"https:\/\/politicosaldesnudo.com.mx\/index.php\/wp-json\/wp\/v2\/users\/4"}],"replies":[{"embeddable":true,"href":"https:\/\/politicosaldesnudo.com.mx\/index.php\/wp-json\/wp\/v2\/comments?post=33665"}],"version-history":[{"count":0,"href":"https:\/\/politicosaldesnudo.com.mx\/index.php\/wp-json\/wp\/v2\/posts\/33665\/revisions"}],"wp:featuredmedia":[{"embeddable":true,"href":"https:\/\/politicosaldesnudo.com.mx\/index.php\/wp-json\/wp\/v2\/media\/33666"}],"wp:attachment":[{"href":"https:\/\/politicosaldesnudo.com.mx\/index.php\/wp-json\/wp\/v2\/media?parent=33665"}],"wp:term":[{"taxonomy":"category","embeddable":true,"href":"https:\/\/politicosaldesnudo.com.mx\/index.php\/wp-json\/wp\/v2\/categories?post=33665"},{"taxonomy":"post_tag","embeddable":true,"href":"https:\/\/politicosaldesnudo.com.mx\/index.php\/wp-json\/wp\/v2\/tags?post=33665"}],"curies":[{"name":"wp","href":"https:\/\/api.w.org\/{rel}","templated":true}]}}