{"id":33671,"date":"2024-03-18T09:22:20","date_gmt":"2024-03-18T15:22:20","guid":{"rendered":"https:\/\/politicosaldesnudo.com.mx\/?p=33671"},"modified":"2024-03-18T09:22:20","modified_gmt":"2024-03-18T15:22:20","slug":"cruz-roja-estara-en-playa","status":"publish","type":"post","link":"https:\/\/politicosaldesnudo.com.mx\/index.php\/2024\/03\/18\/cruz-roja-estara-en-playa\/","title":{"rendered":"Cruz Roja estar\u00e1 en playa"},"content":{"rendered":"<p><span style=\"font-size: 14pt;\">Tuxpan.- La Cruz Roja Delegaci\u00f3n Tuxpan, participar\u00e1 activamente durante el per\u00edodo vacacional de Semana Santa, por lo que de acuerdo a lo informado por el presidente del patronato el doctor Miguel Alc\u00e1ntar Rodr\u00edguez, habr\u00e1 personal de la benem\u00e9rita instituci\u00f3n en la zona de playa, con el fin de prestar ayuda lo m\u00e1s pronto posible a quienes as\u00ed lo requieran, y tambi\u00e9n habr\u00e1 voluntarios realizando boteo.<\/span><\/p>\n<p><span style=\"font-size: 14pt;\">Explic\u00f3 que en esa temporada es muy com\u00fan que se soliciten los servicios de param\u00e9dicos, por lo que la Cruz Roja se sumar\u00e1 a las acciones de otras instancias como la Cruz \u00c1mbar, Marina, Protecci\u00f3n Civil y dem\u00e1s, con la finalidad de que la respuesta sea r\u00e1pida en cualquier situaci\u00f3n de emergencia que se registre.<\/span><\/p>\n<p><span style=\"font-size: 14pt;\">Sin embargo, resalt\u00f3 que no habr\u00e1n de descuidarse las otras zonas, por lo que en las instalaciones de la Cruz Roja se contar\u00e1 con personal y con ambulancia para lo que se llegar\u00e1 a necesitar.<\/span><\/p>\n<p><span style=\"font-size: 14pt;\">Alc\u00e1ntar Rodr\u00edguez, reconoci\u00f3 que las ambulancias con las que se cuenta en Cruz Roja, de forma frecuente requieren de mantenimiento, pues ya tienen muchos a\u00f1os en uso, y eso hace que en ocasiones se tarde con los servicios solicitados, aunque asegur\u00f3 se trabaja en todo eso para ir mejorando.<\/span><\/p>\n<p><span style=\"font-size: 14pt;\">Resalt\u00f3 que, en comparaci\u00f3n con el a\u00f1o anterior, los servicios se han incrementado considerablemente, debido a que se les ha dado el mantenimiento a las unidades, y se ha logrado tener el recurso econ\u00f3mico para los insumos, ya que antes no se ten\u00eda en ocasiones ni para gasolina.<\/span><\/p>\n<p><span style=\"font-size: 14pt;\">Alc\u00e1ntar Rodr\u00edguez, invit\u00f3 a la poblaci\u00f3n a participar en la Colecta 2024, ya sea cooperando o realizando boteo, pues se pretende llegar a la meta que nuevamente es la de alcanzar el mill\u00f3n de pesos, lo que les permitir\u00eda mejorar en gran manera las condiciones y los servicios de la Cruz Roja Tuxpan.<\/span><\/p>\n","protected":false},"excerpt":{"rendered":"<p>Tuxpan.- La Cruz Roja Delegaci\u00f3n Tuxpan, participar\u00e1 activamente durante el per\u00edodo vacacional de Semana Santa, por lo que de acuerdo<\/p>\n","protected":false},"author":4,"featured_media":33672,"comment_status":"closed","ping_status":"closed","sticky":false,"template":"","format":"standard","meta":{"colormag_page_container_layout":"default_layout","colormag_page_sidebar_layout":"default_layout","_jetpack_memberships_contains_paid_content":false,"footnotes":"","jetpack_publicize_message":"","jetpack_publicize_feature_enabled":true,"jetpack_social_post_already_shared":false,"jetpack_social_options":{"image_generator_settings":{"template":"highway","default_image_id":0,"font":"","enabled":false},"version":2}},"categories":[1082],"tags":[3254,1334],"class_list":["post-33671","post","type-post","status-publish","format-standard","has-post-thumbnail","hentry","category-tuxpan","tag-cruz-roja","tag-playa"],"jetpack_publicize_connections":[],"jetpack_featured_media_url":"https:\/\/i0.wp.com\/politicosaldesnudo.com.mx\/wp-content\/uploads\/2024\/03\/4b-2.jpg?fit=1080%2C852&ssl=1","jetpack-related-posts":[],"jetpack_sharing_enabled":true,"_links":{"self":[{"href":"https:\/\/politicosaldesnudo.com.mx\/index.php\/wp-json\/wp\/v2\/posts\/33671","targetHints":{"allow":["GET"]}}],"collection":[{"href":"https:\/\/politicosaldesnudo.com.mx\/index.php\/wp-json\/wp\/v2\/posts"}],"about":[{"href":"https:\/\/politicosaldesnudo.com.mx\/index.php\/wp-json\/wp\/v2\/types\/post"}],"author":[{"embeddable":true,"href":"https:\/\/politicosaldesnudo.com.mx\/index.php\/wp-json\/wp\/v2\/users\/4"}],"replies":[{"embeddable":true,"href":"https:\/\/politicosaldesnudo.com.mx\/index.php\/wp-json\/wp\/v2\/comments?post=33671"}],"version-history":[{"count":0,"href":"https:\/\/politicosaldesnudo.com.mx\/index.php\/wp-json\/wp\/v2\/posts\/33671\/revisions"}],"wp:featuredmedia":[{"embeddable":true,"href":"https:\/\/politicosaldesnudo.com.mx\/index.php\/wp-json\/wp\/v2\/media\/33672"}],"wp:attachment":[{"href":"https:\/\/politicosaldesnudo.com.mx\/index.php\/wp-json\/wp\/v2\/media?parent=33671"}],"wp:term":[{"taxonomy":"category","embeddable":true,"href":"https:\/\/politicosaldesnudo.com.mx\/index.php\/wp-json\/wp\/v2\/categories?post=33671"},{"taxonomy":"post_tag","embeddable":true,"href":"https:\/\/politicosaldesnudo.com.mx\/index.php\/wp-json\/wp\/v2\/tags?post=33671"}],"curies":[{"name":"wp","href":"https:\/\/api.w.org\/{rel}","templated":true}]}}