{"id":33719,"date":"2024-03-18T10:54:01","date_gmt":"2024-03-18T16:54:01","guid":{"rendered":"https:\/\/politicosaldesnudo.com.mx\/?p=33719"},"modified":"2024-03-18T10:54:01","modified_gmt":"2024-03-18T16:54:01","slug":"adelanta-trump-confusa-propuesta-para-prohibir-el-aborto","status":"publish","type":"post","link":"https:\/\/politicosaldesnudo.com.mx\/index.php\/2024\/03\/18\/adelanta-trump-confusa-propuesta-para-prohibir-el-aborto\/","title":{"rendered":"Adelanta Trump confusa propuesta para prohibir el aborto"},"content":{"rendered":"<p><span style=\"font-size: 14pt;\">El expresidente estadunidense Donald Trump dijo el domingo que est\u00e1 a favor de una prohibici\u00f3n federal del aborto tras un cierto n\u00famero de semanas de embarazo, sin precisar cu\u00e1ntas, y con excepciones, dejando confusa su postura sobre un importante tema de campa\u00f1a electoral en Estados Unidos.<\/span><\/p>\n<p><span style=\"font-size: 14pt;\">El expresidente declar\u00f3 que \u00abpronto\u00bb formular\u00eda una propuesta sobre el n\u00famero de semanas a partir del cual se deber\u00eda implementar una prohibici\u00f3n, al hablar en el programa televisivo \u2018Fox News Sunday\u2019 despu\u00e9s de convertirse en candidato republicano para la carrera por la Casa Blanca de noviembre.<\/span><\/p>\n<p><span style=\"font-size: 14pt;\">Los periodistas interrogaron a Trump sobre un art\u00edculo de <em>The New York Times <\/em>de febrero seg\u00fan el cual \u00e9l hab\u00eda dicho a sus asesores que le gustaba la idea de una prohibici\u00f3n nacional del aborto despu\u00e9s de las 16 semanas de embarazo, con excepciones por violaci\u00f3n, incesto o salud de la madre, pero que dudaba en abordarlo p\u00fablicamente para no alienarse votos.<\/span><\/p>\n<p><span style=\"font-size: 14pt;\">En Fox no especific\u00f3 en qu\u00e9 momento del embarazo cre\u00eda que deber\u00edan prohibirse los abortos. \u00abEn unas semanas dar\u00e9 una recomendaci\u00f3n\u00bb, se limit\u00f3 a afirmar.<\/span><\/p>\n<p><span style=\"font-size: 14pt;\">\u00abCreo que mi recomendaci\u00f3n ser\u00e1 aceptada\u00bb, a\u00f1adi\u00f3, y se declar\u00f3 orgulloso de que los tres magistrados que \u00e9l design\u00f3 para integrar la Corte Suprema hubieran inclinado a ese organismo hacia la derecha.<\/span><\/p>\n<p><span style=\"font-size: 14pt;\">En 2022, el m\u00e1ximo tribunal de justicia puso fin al derecho al aborto, garantizado a nivel federal desde 1973, dejando en manos de los estados establecer sus propias leyes al respecto.<\/span><\/p>\n<p><span style=\"font-size: 14pt;\">Algunos estados han promulgado prohibiciones casi totales; otros, como Maryland, lo consagraron.<\/span><\/p>\n<p><span style=\"font-size: 14pt;\">Numerosos conservadores esperan que una prohibici\u00f3n nacional pueda anular leyes como la de Maryland.<\/span><\/p>\n<p><span style=\"font-size: 14pt;\">El presidente Joe Biden, que buscar\u00e1 su reelecci\u00f3n en noviembre, y su Partido Dem\u00f3crata, recuerdan peri\u00f3dicamente que seg\u00fan las encuestas la mayor\u00eda de los estadunidenses se oponen a una prohibici\u00f3n federal.<\/span><\/p>\n<p><span style=\"font-size: 14pt;\">Trump dijo el domingo que es consciente de que se trata de un tema espinoso y de que, para ser electo, debe asegurar al menos el derecho al aborto \u00aben las tres excepciones. Si no haces las tres excepciones, creo que es muy, muy dif\u00edcil ser elegido\u00bb.<\/span><\/p>\n<p><span style=\"font-size: 14pt;\">Destac\u00f3 en ese sentido que en las elecciones intermedias de 2022 en el estado de Pensilvania, donde las encuestas a pie de urna mostraban que el aborto era el tema m\u00e1s importante para los electores, un candidato republicano a gobernador que se opon\u00eda firmemente al derecho al aborto fue derrotado.<\/span><\/p>\n","protected":false},"excerpt":{"rendered":"<p>El expresidente estadunidense Donald Trump dijo el domingo que est\u00e1 a favor de una prohibici\u00f3n federal del aborto tras un<\/p>\n","protected":false},"author":4,"featured_media":33720,"comment_status":"closed","ping_status":"closed","sticky":false,"template":"","format":"standard","meta":{"colormag_page_container_layout":"default_layout","colormag_page_sidebar_layout":"default_layout","_jetpack_memberships_contains_paid_content":false,"footnotes":"","jetpack_publicize_message":"","jetpack_publicize_feature_enabled":true,"jetpack_social_post_already_shared":false,"jetpack_social_options":{"image_generator_settings":{"template":"highway","default_image_id":0,"font":"","enabled":false},"version":2}},"categories":[28],"tags":[598,1756],"class_list":["post-33719","post","type-post","status-publish","format-standard","has-post-thumbnail","hentry","category-internacional","tag-aborto","tag-trump"],"jetpack_publicize_connections":[],"jetpack_featured_media_url":"https:\/\/i0.wp.com\/politicosaldesnudo.com.mx\/wp-content\/uploads\/2024\/03\/16018282.jpg?fit=800%2C451&ssl=1","jetpack-related-posts":[],"jetpack_sharing_enabled":true,"_links":{"self":[{"href":"https:\/\/politicosaldesnudo.com.mx\/index.php\/wp-json\/wp\/v2\/posts\/33719","targetHints":{"allow":["GET"]}}],"collection":[{"href":"https:\/\/politicosaldesnudo.com.mx\/index.php\/wp-json\/wp\/v2\/posts"}],"about":[{"href":"https:\/\/politicosaldesnudo.com.mx\/index.php\/wp-json\/wp\/v2\/types\/post"}],"author":[{"embeddable":true,"href":"https:\/\/politicosaldesnudo.com.mx\/index.php\/wp-json\/wp\/v2\/users\/4"}],"replies":[{"embeddable":true,"href":"https:\/\/politicosaldesnudo.com.mx\/index.php\/wp-json\/wp\/v2\/comments?post=33719"}],"version-history":[{"count":0,"href":"https:\/\/politicosaldesnudo.com.mx\/index.php\/wp-json\/wp\/v2\/posts\/33719\/revisions"}],"wp:featuredmedia":[{"embeddable":true,"href":"https:\/\/politicosaldesnudo.com.mx\/index.php\/wp-json\/wp\/v2\/media\/33720"}],"wp:attachment":[{"href":"https:\/\/politicosaldesnudo.com.mx\/index.php\/wp-json\/wp\/v2\/media?parent=33719"}],"wp:term":[{"taxonomy":"category","embeddable":true,"href":"https:\/\/politicosaldesnudo.com.mx\/index.php\/wp-json\/wp\/v2\/categories?post=33719"},{"taxonomy":"post_tag","embeddable":true,"href":"https:\/\/politicosaldesnudo.com.mx\/index.php\/wp-json\/wp\/v2\/tags?post=33719"}],"curies":[{"name":"wp","href":"https:\/\/api.w.org\/{rel}","templated":true}]}}