{"id":33803,"date":"2024-03-20T08:55:59","date_gmt":"2024-03-20T14:55:59","guid":{"rendered":"https:\/\/politicosaldesnudo.com.mx\/?p=33803"},"modified":"2024-03-20T08:55:59","modified_gmt":"2024-03-20T14:55:59","slug":"protestan-xiquenos","status":"publish","type":"post","link":"https:\/\/politicosaldesnudo.com.mx\/index.php\/2024\/03\/20\/protestan-xiquenos\/","title":{"rendered":"Protestan Xique\u00f1os"},"content":{"rendered":"<p><span style=\"font-size: 14pt;\">Xalapa.- Pobladores de Xico protestaron afuera de la Secretar\u00eda del Medio Ambiente y Recursos Naturales (Semarnat), en la ciudad de Xalapa, para denunciar que la dependencia otorg\u00f3 permisos de manera irregular, ocasionando una tala inmoderada en el Cofre de Perote.<\/span><\/p>\n<p><span style=\"font-size: 14pt;\">Los habitantes de la localidad Buenavista Cuatitila comentaron que Semarnat otorga permisos de aprovechamiento forestal sin revisar la legalidad de los documentos de los solicitantes.<\/span><\/p>\n<p><span style=\"font-size: 14pt;\">Acusaron que un grupo de personas, amparados con supuestos permisos otorgados por Semarnat, tala los \u00e1rboles en un predio de 50 hect\u00e1reas, perteneciente a dicha comunidad.<\/span><\/p>\n<p><span style=\"font-size: 14pt;\">Fabiola Cortina, una de los quejosos, se\u00f1al\u00f3 a Jes\u00fas Alarc\u00f3n, encargado de despacho en la delegaci\u00f3n de Semarnat, como responsable de dichas anomal\u00edas.<\/span><\/p>\n<p><span style=\"font-size: 14pt;\">Los due\u00f1os del predio son adultos mayores, est\u00e1n enfermos y sus derechos han sido violentados por dicha situaci\u00f3n.<\/span><\/p>\n<p><span style=\"font-size: 14pt;\">La tala inmoderada inici\u00f3 hace aproximadamente 15 d\u00edas, lo que ha afectado 100 metros cuadrados cada d\u00eda con el derribo de distintas especies de pino.<\/span><\/p>\n<p><span style=\"font-size: 14pt;\">El 13 de noviembre de 2023, los propietarios del predio en cuesti\u00f3n solicitaron permisos de aprovechamiento y a cinco meses de haber realizado el tr\u00e1mite no obtuvieron respuesta.<\/span><\/p>\n<p><span style=\"font-size: 14pt;\">Sin embargo, el otro grupo realiz\u00f3 la gesti\u00f3n a mediados de diciembre y la dependencia federal les otorg\u00f3 las autorizaciones correspondientes.<\/span><\/p>\n<p><span style=\"font-size: 14pt;\">\u201cJes\u00fas Alarc\u00f3n siempre nos da largas y largas y no nos da soluci\u00f3n, pero al otro grupo les ha entregado ya los permisos, sin verificar si son legales o no, pese a tener conocimiento de que el poder ya estaba revocado\u201d, enfatiz\u00f3 la mujer.<\/span><\/p>\n","protected":false},"excerpt":{"rendered":"<p>Xalapa.- Pobladores de Xico protestaron afuera de la Secretar\u00eda del Medio Ambiente y Recursos Naturales (Semarnat), en la ciudad de<\/p>\n","protected":false},"author":4,"featured_media":33804,"comment_status":"closed","ping_status":"closed","sticky":false,"template":"","format":"standard","meta":{"colormag_page_container_layout":"default_layout","colormag_page_sidebar_layout":"default_layout","_jetpack_memberships_contains_paid_content":false,"footnotes":"","jetpack_publicize_message":"","jetpack_publicize_feature_enabled":true,"jetpack_social_post_already_shared":false,"jetpack_social_options":{"image_generator_settings":{"template":"highway","default_image_id":0,"font":"","enabled":false},"version":2}},"categories":[30],"tags":[],"class_list":["post-33803","post","type-post","status-publish","format-standard","has-post-thumbnail","hentry","category-estados"],"jetpack_publicize_connections":[],"jetpack_featured_media_url":"https:\/\/i0.wp.com\/politicosaldesnudo.com.mx\/wp-content\/uploads\/2024\/03\/8a1-1.jpg?fit=1280%2C975&ssl=1","jetpack-related-posts":[],"jetpack_sharing_enabled":true,"_links":{"self":[{"href":"https:\/\/politicosaldesnudo.com.mx\/index.php\/wp-json\/wp\/v2\/posts\/33803","targetHints":{"allow":["GET"]}}],"collection":[{"href":"https:\/\/politicosaldesnudo.com.mx\/index.php\/wp-json\/wp\/v2\/posts"}],"about":[{"href":"https:\/\/politicosaldesnudo.com.mx\/index.php\/wp-json\/wp\/v2\/types\/post"}],"author":[{"embeddable":true,"href":"https:\/\/politicosaldesnudo.com.mx\/index.php\/wp-json\/wp\/v2\/users\/4"}],"replies":[{"embeddable":true,"href":"https:\/\/politicosaldesnudo.com.mx\/index.php\/wp-json\/wp\/v2\/comments?post=33803"}],"version-history":[{"count":0,"href":"https:\/\/politicosaldesnudo.com.mx\/index.php\/wp-json\/wp\/v2\/posts\/33803\/revisions"}],"wp:featuredmedia":[{"embeddable":true,"href":"https:\/\/politicosaldesnudo.com.mx\/index.php\/wp-json\/wp\/v2\/media\/33804"}],"wp:attachment":[{"href":"https:\/\/politicosaldesnudo.com.mx\/index.php\/wp-json\/wp\/v2\/media?parent=33803"}],"wp:term":[{"taxonomy":"category","embeddable":true,"href":"https:\/\/politicosaldesnudo.com.mx\/index.php\/wp-json\/wp\/v2\/categories?post=33803"},{"taxonomy":"post_tag","embeddable":true,"href":"https:\/\/politicosaldesnudo.com.mx\/index.php\/wp-json\/wp\/v2\/tags?post=33803"}],"curies":[{"name":"wp","href":"https:\/\/api.w.org\/{rel}","templated":true}]}}