{"id":33806,"date":"2024-03-20T08:58:22","date_gmt":"2024-03-20T14:58:22","guid":{"rendered":"https:\/\/politicosaldesnudo.com.mx\/?p=33806"},"modified":"2024-03-20T08:58:22","modified_gmt":"2024-03-20T14:58:22","slug":"aumentan-protestas-por-deterioro-de-carreteras","status":"publish","type":"post","link":"https:\/\/politicosaldesnudo.com.mx\/index.php\/2024\/03\/20\/aumentan-protestas-por-deterioro-de-carreteras\/","title":{"rendered":"Aumentan protestas por  deterioro de carreteras"},"content":{"rendered":"<p><span style=\"font-size: 14pt;\">Veracruz.- Durante los \u00faltimos d\u00edas aumentaron las protestas por el deterioro de las carreteras en las distintas regiones del estado de Veracruz. La semana pasada, pobladores, empresarios y transportistas de la zona centro de Veracruz denunciaron que la carretera federal Fort\u00edn-Totutla est\u00e1 deteriorada.<\/span><\/p>\n<p><span style=\"font-size: 14pt;\">Hab\u00edan solicitado apoyo a las autoridades locales pero no recibieron respuesta favorable y, por ello, decidieron\u00a0 manifestarse y bloquear la v\u00eda de comunicaci\u00f3n, durante m\u00e1s de 30 horas.<\/span><\/p>\n<p><span style=\"font-size: 14pt;\">La tarde del lunes 18 de marzo, un grupo de pobladores protest\u00f3 y cerr\u00f3 la carretera Tlachichilco-Zacualpan, en la zona norte del estado de Veracruz, para exigir la rehabilitaci\u00f3n de esta v\u00eda de comunicaci\u00f3n en la regi\u00f3n Huasteca Baja.<\/span><\/p>\n<p><span style=\"font-size: 14pt;\">Desde hace cuatro a\u00f1os han solicitado el mantenimiento para evitar da\u00f1os en los veh\u00edculos y riesgos para quienes transitan por la regi\u00f3n.<\/span><\/p>\n<p><span style=\"font-size: 14pt;\">El bloqueo de la v\u00eda de comunicaci\u00f3n fue en la congregaci\u00f3n Xicot\u00e9ncatl, donde hicieron los reclamos para que sea atendida la infraestructura carretera.<\/span><\/p>\n<p><span style=\"font-size: 14pt;\">Se habla de que la carretera se vuelve m\u00e1s angosta por los deslaves que se presentan en la zona.<\/span><\/p>\n<p><span style=\"font-size: 14pt;\">La gente est\u00e1 preocupada porque dicha situaci\u00f3n podr\u00eda ocasionar accidentes en la zona norte de Veracruz.<\/span><\/p>\n","protected":false},"excerpt":{"rendered":"<p>Veracruz.- Durante los \u00faltimos d\u00edas aumentaron las protestas por el deterioro de las carreteras en las distintas regiones del estado<\/p>\n","protected":false},"author":4,"featured_media":33807,"comment_status":"closed","ping_status":"closed","sticky":false,"template":"","format":"standard","meta":{"colormag_page_container_layout":"default_layout","colormag_page_sidebar_layout":"default_layout","_jetpack_memberships_contains_paid_content":false,"footnotes":"","jetpack_publicize_message":"","jetpack_publicize_feature_enabled":true,"jetpack_social_post_already_shared":false,"jetpack_social_options":{"image_generator_settings":{"template":"highway","default_image_id":0,"font":"","enabled":false},"version":2}},"categories":[30],"tags":[],"class_list":["post-33806","post","type-post","status-publish","format-standard","has-post-thumbnail","hentry","category-estados"],"jetpack_publicize_connections":[],"jetpack_featured_media_url":"https:\/\/i0.wp.com\/politicosaldesnudo.com.mx\/wp-content\/uploads\/2024\/03\/9c1.jpg?fit=540%2C405&ssl=1","jetpack-related-posts":[],"jetpack_sharing_enabled":true,"_links":{"self":[{"href":"https:\/\/politicosaldesnudo.com.mx\/index.php\/wp-json\/wp\/v2\/posts\/33806","targetHints":{"allow":["GET"]}}],"collection":[{"href":"https:\/\/politicosaldesnudo.com.mx\/index.php\/wp-json\/wp\/v2\/posts"}],"about":[{"href":"https:\/\/politicosaldesnudo.com.mx\/index.php\/wp-json\/wp\/v2\/types\/post"}],"author":[{"embeddable":true,"href":"https:\/\/politicosaldesnudo.com.mx\/index.php\/wp-json\/wp\/v2\/users\/4"}],"replies":[{"embeddable":true,"href":"https:\/\/politicosaldesnudo.com.mx\/index.php\/wp-json\/wp\/v2\/comments?post=33806"}],"version-history":[{"count":0,"href":"https:\/\/politicosaldesnudo.com.mx\/index.php\/wp-json\/wp\/v2\/posts\/33806\/revisions"}],"wp:featuredmedia":[{"embeddable":true,"href":"https:\/\/politicosaldesnudo.com.mx\/index.php\/wp-json\/wp\/v2\/media\/33807"}],"wp:attachment":[{"href":"https:\/\/politicosaldesnudo.com.mx\/index.php\/wp-json\/wp\/v2\/media?parent=33806"}],"wp:term":[{"taxonomy":"category","embeddable":true,"href":"https:\/\/politicosaldesnudo.com.mx\/index.php\/wp-json\/wp\/v2\/categories?post=33806"},{"taxonomy":"post_tag","embeddable":true,"href":"https:\/\/politicosaldesnudo.com.mx\/index.php\/wp-json\/wp\/v2\/tags?post=33806"}],"curies":[{"name":"wp","href":"https:\/\/api.w.org\/{rel}","templated":true}]}}