{"id":33846,"date":"2024-03-20T09:46:32","date_gmt":"2024-03-20T15:46:32","guid":{"rendered":"https:\/\/politicosaldesnudo.com.mx\/?p=33846"},"modified":"2024-03-20T09:46:32","modified_gmt":"2024-03-20T15:46:32","slug":"oficina-onu-dh-esta-al-servicio-de-eu-denuncia-venezuela","status":"publish","type":"post","link":"https:\/\/politicosaldesnudo.com.mx\/index.php\/2024\/03\/20\/oficina-onu-dh-esta-al-servicio-de-eu-denuncia-venezuela\/","title":{"rendered":"Oficina ONU DH est\u00e1 al servicio de EU, denuncia Venezuela"},"content":{"rendered":"<p><span style=\"font-size: 14pt;\">El canciller venezolano, Yv\u00e1n Gil, denunci\u00f3 este martes que la Oficina del Alto Comisionado de Naciones Unidas para los Derechos Humanos trabaja para Estados Unidos y sus aliados, luego de que ese organismo pidi\u00f3 a Caracas celebrar elecciones transparentes.<\/span><\/p>\n<p><span style=\"font-size: 14pt;\">\u201cLa oficina del Alto Representante de los Derechos Humanos se comporta como un bufete neocolonial al servicio de los EU y sus sat\u00e9lites, en lugar de defender los derechos del pueblo Palestino, por ejemplo, se abalanzan sobre quienes construimos soberan\u00eda e independencia\u201d, expres\u00f3 Gil a trav\u00e9s de la red social X.<\/span><\/p>\n<p><span style=\"font-size: 14pt;\">Durante un debate, la Oficina de la ONU para los Derechos Humanos pidi\u00f3 al gobierno venezolano que celebre elecciones presidenciales \u00abtransparentes, inclusivas y participativas\u00bb el 28 de julio.<\/span><\/p>\n<p><span style=\"font-size: 14pt;\">De igual manera, solicit\u00f3 el regreso a Caracas del personal de ese organismo expulsado en febrero.<\/span><\/p>\n<p><span style=\"font-size: 14pt;\">En respuesta, durante su intervenci\u00f3n en el debate, el representante permanente de Venezuela en la ONU, Alexander Y\u00e1nez, rechaz\u00f3 las afirmaciones no verificadas contra su pa\u00eds.<\/span><\/p>\n<p><span style=\"font-size: 14pt;\">\u201cRechazamos la prevalencia de afirmaciones hostiles sin fundamento en esta actualizaci\u00f3n oral, no verificadas ni contrastadas con el Estado y que sin duda ser\u00e1n esperados insumos para la narrativa comunicacional contra Venezuela, sobreexpuesta por medios transnacionales de comunicaci\u00f3n financiado por los pa\u00edses que agreden a Venezuela con las medidas coercitivas unilaterales\u00bb, afirm\u00f3.<\/span><\/p>\n<p><span style=\"font-size: 14pt;\">Sobre el retorno a Caracas de los funcionarios de la Oficina del Alto Comisionado de Naciones Unidas para los Derechos Humanos, Y\u00e1nez reiter\u00f3 que su gobierno mantiene conversaciones con ese organismo.<\/span><\/p>\n<p><span style=\"font-size: 14pt;\">\u201cHemos planteado y sostenido un proceso de conversaciones con la oficina del Alto Comisionado con el prop\u00f3sito de vislumbrar en el tiempo y en el momento que sea oportuno, un nuevo proceso de cooperaci\u00f3n t\u00e9cnica en el nivel y la dimensi\u00f3n que corresponde, sin injerencias ni parcializaciones pol\u00edticas\u00bb, coment\u00f3.<\/span><\/p>\n<p><span style=\"font-size: 14pt;\">De igual manera, conden\u00f3 el impacto de las sanciones impuestas por Estados Unidos contra su pa\u00eds.<\/span><\/p>\n<p><span style=\"font-size: 14pt;\">\u00abNo se puede hablar de los derechos humanos en Venezuela sin abordar el terrible impacto de las ilegales medidas coercitivas unilaterales en la vida diaria de nuestro pueblo, impuestas por el gobierno de Estados Unidos y otros pa\u00edses que violan el derecho internacional y que son responsables de un verdadero crimen de lesa humanidad\u00bb, acot\u00f3.<\/span><\/p>\n<p><span style=\"font-size: 14pt;\">El 15 de febrero, el gobierno venezolano suspendi\u00f3 las actividades de la oficina de Naciones Unidas para los Derechos Humanos en Caracas y pidi\u00f3 al personal abandonar el pa\u00eds en 72 horas, luego de que su representante, Volker T\u00fcrk, expresara su preocupaci\u00f3n y calificara como una \u00abdesaparici\u00f3n forzada\u00bb la detenci\u00f3n de la activista Roc\u00edo San Miguel.<\/span><\/p>\n<p><span style=\"font-size: 14pt;\">El memorando de entendimiento firmado entre las partes en 2019 establec\u00eda un marco para las discusiones y la cooperaci\u00f3n en el futuro y permit\u00eda una presencia continua en el pa\u00eds de un equipo de oficiales de derechos humanos de la ONU.<\/span><\/p>\n","protected":false},"excerpt":{"rendered":"<p>El canciller venezolano, Yv\u00e1n Gil, denunci\u00f3 este martes que la Oficina del Alto Comisionado de Naciones Unidas para los Derechos<\/p>\n","protected":false},"author":4,"featured_media":33847,"comment_status":"closed","ping_status":"closed","sticky":false,"template":"","format":"standard","meta":{"colormag_page_container_layout":"default_layout","colormag_page_sidebar_layout":"default_layout","_jetpack_memberships_contains_paid_content":false,"footnotes":"","jetpack_publicize_message":"","jetpack_publicize_feature_enabled":true,"jetpack_social_post_already_shared":false,"jetpack_social_options":{"image_generator_settings":{"template":"highway","default_image_id":0,"font":"","enabled":false},"version":2}},"categories":[28],"tags":[181,3313,603],"class_list":["post-33846","post","type-post","status-publish","format-standard","has-post-thumbnail","hentry","category-internacional","tag-eu","tag-onu-dh","tag-venezuela"],"jetpack_publicize_connections":[],"jetpack_featured_media_url":"https:\/\/i0.wp.com\/politicosaldesnudo.com.mx\/wp-content\/uploads\/2024\/03\/778061066.jpg?fit=800%2C500&ssl=1","jetpack-related-posts":[],"jetpack_sharing_enabled":true,"_links":{"self":[{"href":"https:\/\/politicosaldesnudo.com.mx\/index.php\/wp-json\/wp\/v2\/posts\/33846","targetHints":{"allow":["GET"]}}],"collection":[{"href":"https:\/\/politicosaldesnudo.com.mx\/index.php\/wp-json\/wp\/v2\/posts"}],"about":[{"href":"https:\/\/politicosaldesnudo.com.mx\/index.php\/wp-json\/wp\/v2\/types\/post"}],"author":[{"embeddable":true,"href":"https:\/\/politicosaldesnudo.com.mx\/index.php\/wp-json\/wp\/v2\/users\/4"}],"replies":[{"embeddable":true,"href":"https:\/\/politicosaldesnudo.com.mx\/index.php\/wp-json\/wp\/v2\/comments?post=33846"}],"version-history":[{"count":0,"href":"https:\/\/politicosaldesnudo.com.mx\/index.php\/wp-json\/wp\/v2\/posts\/33846\/revisions"}],"wp:featuredmedia":[{"embeddable":true,"href":"https:\/\/politicosaldesnudo.com.mx\/index.php\/wp-json\/wp\/v2\/media\/33847"}],"wp:attachment":[{"href":"https:\/\/politicosaldesnudo.com.mx\/index.php\/wp-json\/wp\/v2\/media?parent=33846"}],"wp:term":[{"taxonomy":"category","embeddable":true,"href":"https:\/\/politicosaldesnudo.com.mx\/index.php\/wp-json\/wp\/v2\/categories?post=33846"},{"taxonomy":"post_tag","embeddable":true,"href":"https:\/\/politicosaldesnudo.com.mx\/index.php\/wp-json\/wp\/v2\/tags?post=33846"}],"curies":[{"name":"wp","href":"https:\/\/api.w.org\/{rel}","templated":true}]}}