{"id":33858,"date":"2024-03-20T22:42:13","date_gmt":"2024-03-21T04:42:13","guid":{"rendered":"https:\/\/politicosaldesnudo.com.mx\/?p=33858"},"modified":"2024-03-20T22:42:13","modified_gmt":"2024-03-21T04:42:13","slug":"se-realizo-la-presentacion-del-comite-de-carnaval-tuxpan-2024-y-se-publicaron-las-convocatorias","status":"publish","type":"post","link":"https:\/\/politicosaldesnudo.com.mx\/index.php\/2024\/03\/20\/se-realizo-la-presentacion-del-comite-de-carnaval-tuxpan-2024-y-se-publicaron-las-convocatorias\/","title":{"rendered":"Se realiz\u00f3 la presentaci\u00f3n del Comit\u00e9 de Carnaval Tuxpan 2024 y se publicaron las convocatorias"},"content":{"rendered":"<p><span style=\"font-size: 14pt;\">Tuxpan, Ver., 20 de marzo 2024.- De manera oficial, esta tarde fueron presentados los integrantes del Comit\u00e9 del Carnaval Tuxpan 2024: \u201cLa Alegr\u00eda de Nuestra Gente\u201d, que se celebrar\u00e1 del 2 al 6 de mayo de este a\u00f1o.<\/span><\/p>\n<p><img data-recalc-dims=\"1\" loading=\"lazy\" decoding=\"async\" class=\"aligncenter size-large wp-image-33859\" src=\"https:\/\/i0.wp.com\/politicosaldesnudo.com.mx\/wp-content\/uploads\/2024\/03\/WhatsApp-Image-2024-03-20-at-22.00.29-1-1024x681.jpeg?resize=800%2C532&#038;ssl=1\" alt=\"\" width=\"800\" height=\"532\" srcset=\"https:\/\/i0.wp.com\/politicosaldesnudo.com.mx\/wp-content\/uploads\/2024\/03\/WhatsApp-Image-2024-03-20-at-22.00.29-1.jpeg?resize=1024%2C681&amp;ssl=1 1024w, https:\/\/i0.wp.com\/politicosaldesnudo.com.mx\/wp-content\/uploads\/2024\/03\/WhatsApp-Image-2024-03-20-at-22.00.29-1.jpeg?resize=300%2C199&amp;ssl=1 300w, https:\/\/i0.wp.com\/politicosaldesnudo.com.mx\/wp-content\/uploads\/2024\/03\/WhatsApp-Image-2024-03-20-at-22.00.29-1.jpeg?resize=768%2C511&amp;ssl=1 768w, https:\/\/i0.wp.com\/politicosaldesnudo.com.mx\/wp-content\/uploads\/2024\/03\/WhatsApp-Image-2024-03-20-at-22.00.29-1.jpeg?w=1280&amp;ssl=1 1280w\" sizes=\"auto, (max-width: 800px) 100vw, 800px\" \/><\/p>\n<p><span style=\"font-size: 14pt;\">La presentaci\u00f3n estuvo a cargo del alcalde Jos\u00e9 Manuel Pozos Castro; la Lic. Pamela Morales Huesca, presidenta del DIF Tuxpan; la s\u00edndica Mtra. Beatriz Pi\u00f1a Vergara; las regidoras y los regidores Mar\u00eda del Pilar Mart\u00ednez Matesanz, Maryanela Monroy Flores, Juan G\u00f3mez Garc\u00eda, Lucero Res\u00e9ndis Ambrocio, Luis Demetrio L\u00f3pez Mar\u00edn, y Axel Bernal Herrera; y el Lic. Francisco Villanueva M\u00e9ndez, director de Turismo.<\/span><\/p>\n<p><span style=\"font-size: 14pt;\">En su intervenci\u00f3n, el alcalde Jos\u00e9 Manuel Pozos Castro destac\u00f3 que el comit\u00e9 est\u00e1 integrado por personas comprometidas y entusiastas, algunas de las cuales son conocidas por la poblaci\u00f3n tuxpe\u00f1a debido a que durante muchos a\u00f1os han participado en estas fiestas carnestolendas.<\/span><\/p>\n<p><img data-recalc-dims=\"1\" loading=\"lazy\" decoding=\"async\" class=\"aligncenter size-large wp-image-33860\" src=\"https:\/\/i0.wp.com\/politicosaldesnudo.com.mx\/wp-content\/uploads\/2024\/03\/WhatsApp-Image-2024-03-20-at-22.00.29-2-1024x681.jpeg?resize=800%2C532&#038;ssl=1\" alt=\"\" width=\"800\" height=\"532\" srcset=\"https:\/\/i0.wp.com\/politicosaldesnudo.com.mx\/wp-content\/uploads\/2024\/03\/WhatsApp-Image-2024-03-20-at-22.00.29-2.jpeg?resize=1024%2C681&amp;ssl=1 1024w, https:\/\/i0.wp.com\/politicosaldesnudo.com.mx\/wp-content\/uploads\/2024\/03\/WhatsApp-Image-2024-03-20-at-22.00.29-2.jpeg?resize=300%2C199&amp;ssl=1 300w, https:\/\/i0.wp.com\/politicosaldesnudo.com.mx\/wp-content\/uploads\/2024\/03\/WhatsApp-Image-2024-03-20-at-22.00.29-2.jpeg?resize=768%2C511&amp;ssl=1 768w, https:\/\/i0.wp.com\/politicosaldesnudo.com.mx\/wp-content\/uploads\/2024\/03\/WhatsApp-Image-2024-03-20-at-22.00.29-2.jpeg?w=1280&amp;ssl=1 1280w\" sizes=\"auto, (max-width: 800px) 100vw, 800px\" \/><\/p>\n<p><span style=\"font-size: 14pt;\">Bajo ese tenor, les agradeci\u00f3 por participar en la edici\u00f3n 127 de festividad que -dijo- es orgullo y patrimonio cultural de Tuxpan.<\/span><\/p>\n<p><span style=\"font-size: 14pt;\">\u201cSabemos que es el evento m\u00e1s esperado del a\u00f1o, y esto implica superar los logros alcanzados en la pasada edici\u00f3n, que como recordar\u00e1n, fue un \u00e9xito rotundo. Con la participaci\u00f3n de todos, haremos del Carnaval 2024 una celebraci\u00f3n a la vida, a la alegr\u00eda, a la creatividad y a la diversidad\u201d, expres\u00f3.<\/span><\/p>\n<p><span style=\"font-size: 14pt;\">El mandatario invit\u00f3 a la comunidad art\u00edstica, a las comparsas, y a organizaciones p\u00fablicas y privadas, a ser parte de estas fiestas.<\/span><\/p>\n<p><span style=\"font-size: 14pt;\">Pozos Castro inform\u00f3 que la cartelera art\u00edstica se dar\u00e1 a conocer en los pr\u00f3ximos d\u00edas, y que estar\u00e1 a la altura de lo que la ciudadan\u00eda espera.<\/span><\/p>\n<p><span style=\"font-size: 14pt;\">\u201cEstamos listos para seguir demostrando a Veracruz, a M\u00e9xico y al Mundo, que el amor y la alegr\u00eda de Tuxpan, son inigualables\u201d, concluy\u00f3.<\/span><\/p>\n<p><img data-recalc-dims=\"1\" loading=\"lazy\" decoding=\"async\" class=\"aligncenter size-large wp-image-33861\" src=\"https:\/\/i0.wp.com\/politicosaldesnudo.com.mx\/wp-content\/uploads\/2024\/03\/WhatsApp-Image-2024-03-20-at-22.00.29-3-791x1024.jpeg?resize=791%2C1024&#038;ssl=1\" alt=\"\" width=\"791\" height=\"1024\" srcset=\"https:\/\/i0.wp.com\/politicosaldesnudo.com.mx\/wp-content\/uploads\/2024\/03\/WhatsApp-Image-2024-03-20-at-22.00.29-3.jpeg?resize=791%2C1024&amp;ssl=1 791w, https:\/\/i0.wp.com\/politicosaldesnudo.com.mx\/wp-content\/uploads\/2024\/03\/WhatsApp-Image-2024-03-20-at-22.00.29-3.jpeg?resize=232%2C300&amp;ssl=1 232w, https:\/\/i0.wp.com\/politicosaldesnudo.com.mx\/wp-content\/uploads\/2024\/03\/WhatsApp-Image-2024-03-20-at-22.00.29-3.jpeg?resize=768%2C994&amp;ssl=1 768w, https:\/\/i0.wp.com\/politicosaldesnudo.com.mx\/wp-content\/uploads\/2024\/03\/WhatsApp-Image-2024-03-20-at-22.00.29-3.jpeg?resize=1187%2C1536&amp;ssl=1 1187w, https:\/\/i0.wp.com\/politicosaldesnudo.com.mx\/wp-content\/uploads\/2024\/03\/WhatsApp-Image-2024-03-20-at-22.00.29-3.jpeg?w=1236&amp;ssl=1 1236w\" sizes=\"auto, (max-width: 791px) 100vw, 791px\" \/><\/p>\n<p><span style=\"font-size: 14pt;\">El Comit\u00e9 del Carnaval Tuxpan 2024 qued\u00f3 integrado por el Ing. Ra\u00fal Pati\u00f1o Blanco, presidente; Lic. Alma Delia Hern\u00e1ndez Lozano, tesorera; Lic. Gustavo Garamendi \u00c1lvarez, log\u00edstica; Lic. M\u00f3nica Ram\u00edrez S\u00e1nchez, relaciones p\u00fablicas.<\/span><\/p>\n<p><img data-recalc-dims=\"1\" loading=\"lazy\" decoding=\"async\" class=\"aligncenter size-large wp-image-33862\" src=\"https:\/\/i0.wp.com\/politicosaldesnudo.com.mx\/wp-content\/uploads\/2024\/03\/WhatsApp-Image-2024-03-20-at-22.00.29-4-791x1024.jpeg?resize=791%2C1024&#038;ssl=1\" alt=\"\" width=\"791\" height=\"1024\" srcset=\"https:\/\/i0.wp.com\/politicosaldesnudo.com.mx\/wp-content\/uploads\/2024\/03\/WhatsApp-Image-2024-03-20-at-22.00.29-4.jpeg?resize=791%2C1024&amp;ssl=1 791w, https:\/\/i0.wp.com\/politicosaldesnudo.com.mx\/wp-content\/uploads\/2024\/03\/WhatsApp-Image-2024-03-20-at-22.00.29-4.jpeg?resize=232%2C300&amp;ssl=1 232w, https:\/\/i0.wp.com\/politicosaldesnudo.com.mx\/wp-content\/uploads\/2024\/03\/WhatsApp-Image-2024-03-20-at-22.00.29-4.jpeg?resize=768%2C994&amp;ssl=1 768w, https:\/\/i0.wp.com\/politicosaldesnudo.com.mx\/wp-content\/uploads\/2024\/03\/WhatsApp-Image-2024-03-20-at-22.00.29-4.jpeg?resize=1187%2C1536&amp;ssl=1 1187w, https:\/\/i0.wp.com\/politicosaldesnudo.com.mx\/wp-content\/uploads\/2024\/03\/WhatsApp-Image-2024-03-20-at-22.00.29-4.jpeg?w=1236&amp;ssl=1 1236w\" sizes=\"auto, (max-width: 791px) 100vw, 791px\" \/><\/p>\n<p><span style=\"font-size: 14pt;\">El Lic. Fernando Romano Rivera ser\u00e1 el encargado de la difusi\u00f3n y redes; como vocales la Lic. Martha P\u00e9rez Silva y el Lic. Juan Z\u00fa\u00f1iga Mart\u00ednez; y como asesores honorarios Rosita Laso de la Vega y Ra\u00fal Serrallonga Bas\u00e1\u00f1ez.<\/span><\/p>\n<p><img data-recalc-dims=\"1\" loading=\"lazy\" decoding=\"async\" class=\"aligncenter size-large wp-image-33864\" src=\"https:\/\/i0.wp.com\/politicosaldesnudo.com.mx\/wp-content\/uploads\/2024\/03\/WhatsApp-Image-2024-03-20-at-22.00.30-791x1024.jpeg?resize=791%2C1024&#038;ssl=1\" alt=\"\" width=\"791\" height=\"1024\" srcset=\"https:\/\/i0.wp.com\/politicosaldesnudo.com.mx\/wp-content\/uploads\/2024\/03\/WhatsApp-Image-2024-03-20-at-22.00.30.jpeg?resize=791%2C1024&amp;ssl=1 791w, https:\/\/i0.wp.com\/politicosaldesnudo.com.mx\/wp-content\/uploads\/2024\/03\/WhatsApp-Image-2024-03-20-at-22.00.30.jpeg?resize=232%2C300&amp;ssl=1 232w, https:\/\/i0.wp.com\/politicosaldesnudo.com.mx\/wp-content\/uploads\/2024\/03\/WhatsApp-Image-2024-03-20-at-22.00.30.jpeg?resize=768%2C994&amp;ssl=1 768w, https:\/\/i0.wp.com\/politicosaldesnudo.com.mx\/wp-content\/uploads\/2024\/03\/WhatsApp-Image-2024-03-20-at-22.00.30.jpeg?resize=1187%2C1536&amp;ssl=1 1187w, https:\/\/i0.wp.com\/politicosaldesnudo.com.mx\/wp-content\/uploads\/2024\/03\/WhatsApp-Image-2024-03-20-at-22.00.30.jpeg?w=1236&amp;ssl=1 1236w\" sizes=\"auto, (max-width: 791px) 100vw, 791px\" \/><\/p>\n<p><span style=\"font-size: 14pt;\">Durante el evento se dieron a conocer las convocatorias para elegir Reina del Carnaval, Rey de la Alegr\u00eda, Reina y Rey Infantil, Rey y Reina LGBTQ+, para las cuales el registro de candidatas y candidatos inicia este 21 de marzo y termina el 3 de abril.<\/span><\/p>\n<p><img data-recalc-dims=\"1\" loading=\"lazy\" decoding=\"async\" class=\"aligncenter size-large wp-image-33865\" src=\"https:\/\/i0.wp.com\/politicosaldesnudo.com.mx\/wp-content\/uploads\/2024\/03\/WhatsApp-Image-2024-03-20-at-22.00.32-1-791x1024.jpeg?resize=791%2C1024&#038;ssl=1\" alt=\"\" width=\"791\" height=\"1024\" srcset=\"https:\/\/i0.wp.com\/politicosaldesnudo.com.mx\/wp-content\/uploads\/2024\/03\/WhatsApp-Image-2024-03-20-at-22.00.32-1.jpeg?resize=791%2C1024&amp;ssl=1 791w, https:\/\/i0.wp.com\/politicosaldesnudo.com.mx\/wp-content\/uploads\/2024\/03\/WhatsApp-Image-2024-03-20-at-22.00.32-1.jpeg?resize=232%2C300&amp;ssl=1 232w, https:\/\/i0.wp.com\/politicosaldesnudo.com.mx\/wp-content\/uploads\/2024\/03\/WhatsApp-Image-2024-03-20-at-22.00.32-1.jpeg?resize=768%2C994&amp;ssl=1 768w, https:\/\/i0.wp.com\/politicosaldesnudo.com.mx\/wp-content\/uploads\/2024\/03\/WhatsApp-Image-2024-03-20-at-22.00.32-1.jpeg?resize=1187%2C1536&amp;ssl=1 1187w, https:\/\/i0.wp.com\/politicosaldesnudo.com.mx\/wp-content\/uploads\/2024\/03\/WhatsApp-Image-2024-03-20-at-22.00.32-1.jpeg?w=1236&amp;ssl=1 1236w\" sizes=\"auto, (max-width: 791px) 100vw, 791px\" \/><\/p>\n<p><span style=\"font-size: 14pt;\">De la misma manera, se anunciaron los requisitos y bases para participar en los cert\u00e1menes de comparsas y disfraces, a los que se pueden inscribir a partir de la publicaci\u00f3n de la convocatoria y hasta el 19 de abril.<\/span><\/p>\n<p><img data-recalc-dims=\"1\" loading=\"lazy\" decoding=\"async\" class=\"aligncenter size-large wp-image-33866\" src=\"https:\/\/i0.wp.com\/politicosaldesnudo.com.mx\/wp-content\/uploads\/2024\/03\/WhatsApp-Image-2024-03-20-at-22.00.32-791x1024.jpeg?resize=791%2C1024&#038;ssl=1\" alt=\"\" width=\"791\" height=\"1024\" srcset=\"https:\/\/i0.wp.com\/politicosaldesnudo.com.mx\/wp-content\/uploads\/2024\/03\/WhatsApp-Image-2024-03-20-at-22.00.32.jpeg?resize=791%2C1024&amp;ssl=1 791w, https:\/\/i0.wp.com\/politicosaldesnudo.com.mx\/wp-content\/uploads\/2024\/03\/WhatsApp-Image-2024-03-20-at-22.00.32.jpeg?resize=232%2C300&amp;ssl=1 232w, https:\/\/i0.wp.com\/politicosaldesnudo.com.mx\/wp-content\/uploads\/2024\/03\/WhatsApp-Image-2024-03-20-at-22.00.32.jpeg?resize=768%2C994&amp;ssl=1 768w, https:\/\/i0.wp.com\/politicosaldesnudo.com.mx\/wp-content\/uploads\/2024\/03\/WhatsApp-Image-2024-03-20-at-22.00.32.jpeg?resize=1187%2C1536&amp;ssl=1 1187w, https:\/\/i0.wp.com\/politicosaldesnudo.com.mx\/wp-content\/uploads\/2024\/03\/WhatsApp-Image-2024-03-20-at-22.00.32.jpeg?w=1236&amp;ssl=1 1236w\" sizes=\"auto, (max-width: 791px) 100vw, 791px\" \/><\/p>\n<p><span style=\"font-size: 14pt;\">El registro se realizar\u00e1 en las oficinas de la Direcci\u00f3n de Turismo, ubicadas en la planta baja de la biblioteca municipal, en el Parque Reforma, de lunes a viernes, de 9:00 a 16:00 horas.<\/span><\/p>\n<p><img data-recalc-dims=\"1\" loading=\"lazy\" decoding=\"async\" class=\"aligncenter size-large wp-image-33867\" src=\"https:\/\/i0.wp.com\/politicosaldesnudo.com.mx\/wp-content\/uploads\/2024\/03\/WhatsApp-Image-2024-03-20-at-22.00.33-791x1024.jpeg?resize=791%2C1024&#038;ssl=1\" alt=\"\" width=\"791\" height=\"1024\" srcset=\"https:\/\/i0.wp.com\/politicosaldesnudo.com.mx\/wp-content\/uploads\/2024\/03\/WhatsApp-Image-2024-03-20-at-22.00.33.jpeg?resize=791%2C1024&amp;ssl=1 791w, https:\/\/i0.wp.com\/politicosaldesnudo.com.mx\/wp-content\/uploads\/2024\/03\/WhatsApp-Image-2024-03-20-at-22.00.33.jpeg?resize=232%2C300&amp;ssl=1 232w, https:\/\/i0.wp.com\/politicosaldesnudo.com.mx\/wp-content\/uploads\/2024\/03\/WhatsApp-Image-2024-03-20-at-22.00.33.jpeg?resize=768%2C994&amp;ssl=1 768w, https:\/\/i0.wp.com\/politicosaldesnudo.com.mx\/wp-content\/uploads\/2024\/03\/WhatsApp-Image-2024-03-20-at-22.00.33.jpeg?resize=1187%2C1536&amp;ssl=1 1187w, https:\/\/i0.wp.com\/politicosaldesnudo.com.mx\/wp-content\/uploads\/2024\/03\/WhatsApp-Image-2024-03-20-at-22.00.33.jpeg?w=1236&amp;ssl=1 1236w\" sizes=\"auto, (max-width: 791px) 100vw, 791px\" \/><\/p>\n<p><span style=\"font-size: 14pt;\">La presentaci\u00f3n estuvo amenizada por la batucada de la escuela secundaria Gral. N\u00b0 2, \u201cJos\u00e9 Vasconcelos\u201d.<\/span><\/p>\n<p><span style=\"font-size: 14pt;\">*Esta informaci\u00f3n es con fines de transparencia y operatividad de las acciones de gobierno de servicio a la poblaci\u00f3n, no puede usarse ni atribuirse a ning\u00fan partido pol\u00edtico con fines electorales o de promoci\u00f3n.<\/span><\/p>\n","protected":false},"excerpt":{"rendered":"<p>Tuxpan, Ver., 20 de marzo 2024.- De manera oficial, esta tarde fueron presentados los integrantes del Comit\u00e9 del Carnaval Tuxpan<\/p>\n","protected":false},"author":4,"featured_media":33863,"comment_status":"closed","ping_status":"closed","sticky":false,"template":"","format":"standard","meta":{"colormag_page_container_layout":"default_layout","colormag_page_sidebar_layout":"default_layout","_jetpack_memberships_contains_paid_content":false,"footnotes":"","jetpack_publicize_message":"","jetpack_publicize_feature_enabled":true,"jetpack_social_post_already_shared":false,"jetpack_social_options":{"image_generator_settings":{"template":"highway","default_image_id":0,"font":"","enabled":false},"version":2}},"categories":[3205,1082],"tags":[],"class_list":["post-33858","post","type-post","status-publish","format-standard","has-post-thumbnail","hentry","category-gobierno-tuxpan","category-tuxpan"],"jetpack_publicize_connections":[],"jetpack_featured_media_url":"https:\/\/i0.wp.com\/politicosaldesnudo.com.mx\/wp-content\/uploads\/2024\/03\/WhatsApp-Image-2024-03-20-at-22.00.29.jpeg?fit=1280%2C649&ssl=1","jetpack-related-posts":[],"jetpack_sharing_enabled":true,"_links":{"self":[{"href":"https:\/\/politicosaldesnudo.com.mx\/index.php\/wp-json\/wp\/v2\/posts\/33858","targetHints":{"allow":["GET"]}}],"collection":[{"href":"https:\/\/politicosaldesnudo.com.mx\/index.php\/wp-json\/wp\/v2\/posts"}],"about":[{"href":"https:\/\/politicosaldesnudo.com.mx\/index.php\/wp-json\/wp\/v2\/types\/post"}],"author":[{"embeddable":true,"href":"https:\/\/politicosaldesnudo.com.mx\/index.php\/wp-json\/wp\/v2\/users\/4"}],"replies":[{"embeddable":true,"href":"https:\/\/politicosaldesnudo.com.mx\/index.php\/wp-json\/wp\/v2\/comments?post=33858"}],"version-history":[{"count":0,"href":"https:\/\/politicosaldesnudo.com.mx\/index.php\/wp-json\/wp\/v2\/posts\/33858\/revisions"}],"wp:featuredmedia":[{"embeddable":true,"href":"https:\/\/politicosaldesnudo.com.mx\/index.php\/wp-json\/wp\/v2\/media\/33863"}],"wp:attachment":[{"href":"https:\/\/politicosaldesnudo.com.mx\/index.php\/wp-json\/wp\/v2\/media?parent=33858"}],"wp:term":[{"taxonomy":"category","embeddable":true,"href":"https:\/\/politicosaldesnudo.com.mx\/index.php\/wp-json\/wp\/v2\/categories?post=33858"},{"taxonomy":"post_tag","embeddable":true,"href":"https:\/\/politicosaldesnudo.com.mx\/index.php\/wp-json\/wp\/v2\/tags?post=33858"}],"curies":[{"name":"wp","href":"https:\/\/api.w.org\/{rel}","templated":true}]}}