{"id":33898,"date":"2024-03-21T00:45:34","date_gmt":"2024-03-21T06:45:34","guid":{"rendered":"https:\/\/politicosaldesnudo.com.mx\/?p=33898"},"modified":"2024-03-21T00:45:34","modified_gmt":"2024-03-21T06:45:34","slug":"agendados-los-debates-para-candidatos-a-la-gubernatura","status":"publish","type":"post","link":"https:\/\/politicosaldesnudo.com.mx\/index.php\/2024\/03\/21\/agendados-los-debates-para-candidatos-a-la-gubernatura\/","title":{"rendered":"Agendados los debates para candidatos a la Gubernatura"},"content":{"rendered":"<p><span style=\"font-size: 14pt;\">Xalapa.- Ser\u00e1 el 27 de abril cuando se lleve a cabo el primer debate de los aspirantes a la gubernatura del estado de Veracruz, organizado por el Organismo P\u00fablico Local Electoral (OPLE), inform\u00f3 el consejero Roberto L\u00f3pez P\u00e9rez.<\/span><\/p>\n<p><span style=\"font-size: 14pt;\">El integrante del Consejo General del OPLE dijo que la sede de este primer debate ser\u00e1 Xalapa, en las instalaciones del Museo de Antropolog\u00eda a las 18 horas.<\/span><\/p>\n<p><span style=\"font-size: 14pt;\">En la sesi\u00f3n extraordinaria de este mi\u00e9rcoles mencion\u00f3 que durante el desarrollo del Proceso Electoral 2023-2024 se llevar\u00e1n a cabo dos debates pol\u00edticos, a fin de que la ciudadan\u00eda conozca los planes y proyectos de quienes aspiran a gobernar el estado.<\/span><\/p>\n<p><span style=\"font-size: 14pt;\">Se espera que participen Norma Roc\u00edo Nahle Garc\u00eda de la coalici\u00f3n Sigamos Haciendo Historia, Jos\u00e9 Francisco Yunes Zorrila de la coalici\u00f3n Fuerza y Coraz\u00f3n por Veracruz, as\u00ed como Hip\u00f3lito Deschams candidato de Movimiento Ciudadano.<\/span><\/p>\n<p><span style=\"font-size: 14pt;\">El segundo debate ser\u00e1 en el Centro de Convenciones del World Trade Center de Boca del R\u00edo a las 18:00 horas, el d\u00eda 12 de mayo de 2024.<\/span><\/p>\n<p><span style=\"font-size: 14pt;\">El OPLE trabaja en la log\u00edstica para la organizaci\u00f3n de los 30 debates de candidatos a la diputaci\u00f3n local que se realizar\u00e1n en el mismo n\u00famero de distritos electorales. En la sesi\u00f3n se dijo que se buscar\u00e1 que los tres aspirantes a la gubernatura asistan de manera obligatoria a los debates, aunque no impondr\u00e1n sanciones por no hacerlo.<\/span><\/p>\n<p><span style=\"font-size: 14pt;\">Finalmente, L\u00f3pez P\u00e9rez, destac\u00f3 que los debates contribuyen a la transparencia y rendici\u00f3n de cuentas, aunque no habr\u00e1 una sanci\u00f3n por no asistir.<\/span><\/p>\n","protected":false},"excerpt":{"rendered":"<p>Xalapa.- Ser\u00e1 el 27 de abril cuando se lleve a cabo el primer debate de los aspirantes a la gubernatura<\/p>\n","protected":false},"author":4,"featured_media":33899,"comment_status":"closed","ping_status":"closed","sticky":false,"template":"","format":"standard","meta":{"colormag_page_container_layout":"default_layout","colormag_page_sidebar_layout":"default_layout","_jetpack_memberships_contains_paid_content":false,"footnotes":"","jetpack_publicize_message":"","jetpack_publicize_feature_enabled":true,"jetpack_social_post_already_shared":false,"jetpack_social_options":{"image_generator_settings":{"template":"highway","default_image_id":0,"font":"","enabled":false},"version":2}},"categories":[30],"tags":[],"class_list":["post-33898","post","type-post","status-publish","format-standard","has-post-thumbnail","hentry","category-estados"],"jetpack_publicize_connections":[],"jetpack_featured_media_url":"https:\/\/i0.wp.com\/politicosaldesnudo.com.mx\/wp-content\/uploads\/2024\/03\/2b-1.jpg?fit=1140%2C712&ssl=1","jetpack-related-posts":[],"jetpack_sharing_enabled":true,"_links":{"self":[{"href":"https:\/\/politicosaldesnudo.com.mx\/index.php\/wp-json\/wp\/v2\/posts\/33898","targetHints":{"allow":["GET"]}}],"collection":[{"href":"https:\/\/politicosaldesnudo.com.mx\/index.php\/wp-json\/wp\/v2\/posts"}],"about":[{"href":"https:\/\/politicosaldesnudo.com.mx\/index.php\/wp-json\/wp\/v2\/types\/post"}],"author":[{"embeddable":true,"href":"https:\/\/politicosaldesnudo.com.mx\/index.php\/wp-json\/wp\/v2\/users\/4"}],"replies":[{"embeddable":true,"href":"https:\/\/politicosaldesnudo.com.mx\/index.php\/wp-json\/wp\/v2\/comments?post=33898"}],"version-history":[{"count":0,"href":"https:\/\/politicosaldesnudo.com.mx\/index.php\/wp-json\/wp\/v2\/posts\/33898\/revisions"}],"wp:featuredmedia":[{"embeddable":true,"href":"https:\/\/politicosaldesnudo.com.mx\/index.php\/wp-json\/wp\/v2\/media\/33899"}],"wp:attachment":[{"href":"https:\/\/politicosaldesnudo.com.mx\/index.php\/wp-json\/wp\/v2\/media?parent=33898"}],"wp:term":[{"taxonomy":"category","embeddable":true,"href":"https:\/\/politicosaldesnudo.com.mx\/index.php\/wp-json\/wp\/v2\/categories?post=33898"},{"taxonomy":"post_tag","embeddable":true,"href":"https:\/\/politicosaldesnudo.com.mx\/index.php\/wp-json\/wp\/v2\/tags?post=33898"}],"curies":[{"name":"wp","href":"https:\/\/api.w.org\/{rel}","templated":true}]}}