{"id":33964,"date":"2024-03-22T09:19:25","date_gmt":"2024-03-22T15:19:25","guid":{"rendered":"https:\/\/politicosaldesnudo.com.mx\/?p=33964"},"modified":"2024-03-22T09:19:25","modified_gmt":"2024-03-22T15:19:25","slug":"nombran-nuevo-titular-de-penales-en-san-luis-potosi","status":"publish","type":"post","link":"https:\/\/politicosaldesnudo.com.mx\/index.php\/2024\/03\/22\/nombran-nuevo-titular-de-penales-en-san-luis-potosi\/","title":{"rendered":"Nombran nuevo titular de penales en San Luis Potos\u00ed"},"content":{"rendered":"<p><span style=\"font-size: 14pt;\">El abogado Jaime Arturo Guti\u00e9rrez Barrios rindi\u00f3 protesta este jueves como nuevo titular de Prevenci\u00f3n y Reinserci\u00f3n Social en la entidad, mientras que el maestro Arturo Cruz Andrade, como director del Centro Penitenciario Estatal de La Pila, esto derivado de la estrategia de avance y resultados al interior del sistema penitenciario, inform\u00f3 la Secretar\u00eda de Seguridad y Protecci\u00f3n Ciudadana (SSPPC).<\/span><\/p>\n<p><span style=\"font-size: 14pt;\">La dependencia explic\u00f3 en un comunicado que ambos funcionarios se integraron a sus responsabilidades, y dar\u00e1n seguimiento a los planes y programas de trabajo establecidos cumpliendo metas y planeamientos trazados.<\/span><\/p>\n<p><span style=\"font-size: 14pt;\">Guti\u00e9rrez Barrios, sostuvo que se integra a un gabinete consciente de los retos que ello implica, de ah\u00ed que se reforzar\u00e1 la estrategia en favor del sistema penitenciario para seguir avanzando en los procesos de calidad y certificaci\u00f3n internacional que estar\u00e1n buscando los centros de reinserci\u00f3n por parte de la Asociaci\u00f3n de Correcionales de Am\u00e9rica.<\/span><\/p>\n<p><span style=\"font-size: 14pt;\">Por su parte, Cruz Andrade, se\u00f1al\u00f3 que no cesar\u00e1n los esfuerzos para lograr mejores condiciones de orden y gobernabilidad en el penal de La Pila, \u201ccomo autoridades ya hicimos los cimientos, estamos sentando las bases y actuando con firmeza en un tema que por supuesto es prioritario\u201d.<\/span><\/p>\n<p><span style=\"font-size: 14pt;\">El pasado viernes, un mot\u00edn en el penal de La Pila, en la ciudad de San Luis Potos\u00ed dej\u00f3 dos polic\u00edas estatales y un reo muertos, as\u00ed como seis heridos. Esto luego que internos se rebelaron cuando autoridades federales y estatales se dispon\u00edan trasladar a 51 reclusos a otras c\u00e1rceles de la entidad.<\/span><\/p>\n<p><span style=\"font-size: 14pt;\">Los convictos provocaron incendios en distintos puntos de la prisi\u00f3n, indic\u00f3 SSPPC.<\/span><\/p>\n","protected":false},"excerpt":{"rendered":"<p>El abogado Jaime Arturo Guti\u00e9rrez Barrios rindi\u00f3 protesta este jueves como nuevo titular de Prevenci\u00f3n y Reinserci\u00f3n Social en la<\/p>\n","protected":false},"author":4,"featured_media":33965,"comment_status":"closed","ping_status":"closed","sticky":false,"template":"","format":"standard","meta":{"colormag_page_container_layout":"default_layout","colormag_page_sidebar_layout":"default_layout","_jetpack_memberships_contains_paid_content":false,"footnotes":"","jetpack_publicize_message":"","jetpack_publicize_feature_enabled":true,"jetpack_social_post_already_shared":false,"jetpack_social_options":{"image_generator_settings":{"template":"highway","default_image_id":0,"font":"","enabled":false},"version":2}},"categories":[30],"tags":[],"class_list":["post-33964","post","type-post","status-publish","format-standard","has-post-thumbnail","hentry","category-estados"],"jetpack_publicize_connections":[],"jetpack_featured_media_url":"https:\/\/i0.wp.com\/politicosaldesnudo.com.mx\/wp-content\/uploads\/2024\/03\/XPWNZBRTWZC6PGLKEX3ED4EPN4.jpg?fit=1200%2C740&ssl=1","jetpack-related-posts":[],"jetpack_sharing_enabled":true,"_links":{"self":[{"href":"https:\/\/politicosaldesnudo.com.mx\/index.php\/wp-json\/wp\/v2\/posts\/33964","targetHints":{"allow":["GET"]}}],"collection":[{"href":"https:\/\/politicosaldesnudo.com.mx\/index.php\/wp-json\/wp\/v2\/posts"}],"about":[{"href":"https:\/\/politicosaldesnudo.com.mx\/index.php\/wp-json\/wp\/v2\/types\/post"}],"author":[{"embeddable":true,"href":"https:\/\/politicosaldesnudo.com.mx\/index.php\/wp-json\/wp\/v2\/users\/4"}],"replies":[{"embeddable":true,"href":"https:\/\/politicosaldesnudo.com.mx\/index.php\/wp-json\/wp\/v2\/comments?post=33964"}],"version-history":[{"count":0,"href":"https:\/\/politicosaldesnudo.com.mx\/index.php\/wp-json\/wp\/v2\/posts\/33964\/revisions"}],"wp:featuredmedia":[{"embeddable":true,"href":"https:\/\/politicosaldesnudo.com.mx\/index.php\/wp-json\/wp\/v2\/media\/33965"}],"wp:attachment":[{"href":"https:\/\/politicosaldesnudo.com.mx\/index.php\/wp-json\/wp\/v2\/media?parent=33964"}],"wp:term":[{"taxonomy":"category","embeddable":true,"href":"https:\/\/politicosaldesnudo.com.mx\/index.php\/wp-json\/wp\/v2\/categories?post=33964"},{"taxonomy":"post_tag","embeddable":true,"href":"https:\/\/politicosaldesnudo.com.mx\/index.php\/wp-json\/wp\/v2\/tags?post=33964"}],"curies":[{"name":"wp","href":"https:\/\/api.w.org\/{rel}","templated":true}]}}