{"id":33967,"date":"2024-03-22T09:22:33","date_gmt":"2024-03-22T15:22:33","guid":{"rendered":"https:\/\/politicosaldesnudo.com.mx\/?p=33967"},"modified":"2024-03-22T09:22:33","modified_gmt":"2024-03-22T15:22:33","slug":"gobernador-de-zacatecas-decreta-ano-de-la-paz-congreso-lo-rechazo","status":"publish","type":"post","link":"https:\/\/politicosaldesnudo.com.mx\/index.php\/2024\/03\/22\/gobernador-de-zacatecas-decreta-ano-de-la-paz-congreso-lo-rechazo\/","title":{"rendered":"Gobernador de Zacatecas decreta \u2018A\u00f1o de la paz\u2019; Congreso lo rechaz\u00f3"},"content":{"rendered":"<p><span style=\"font-size: 14pt;\">El gobernador David Monreal \u00c1vila hizo publicar el mi\u00e9rcoles 20 de marzo en el Peri\u00f3dico Oficial del gobierno de Zacatecas, el decreto gubernativo con el que se declara al \u201c2024 a\u00f1o de la paz\u201d, para su aprobaci\u00f3n por la Comisi\u00f3n Permanente, pero que luego fue anulado por el pleno de la legislatura.<\/span><\/p>\n<p><span style=\"font-size: 14pt;\">Con esta acci\u00f3n el gobernador morenista estar\u00eda ignorando a los diputados locales, luego de que el pasado 12 de marzo, en sesi\u00f3n del pleno del Congreso del estatal, por mayor\u00eda de votos legisladores de todos los partidos pol\u00edticos -15 votos contra 5-, fue echado abajo ese decreto, dej\u00e1ndolo sin efecto, debido, principalmente, a los hechos de violencia que integrantes de la Polic\u00eda Estatal Preventiva perpetraron contra j\u00f3venes mujeres en la plaza de armas de la capital zacatecana, por la marcha del 8M.<\/span><\/p>\n<p><span style=\"font-size: 14pt;\">En la misma sesi\u00f3n legislativa, donde se anul\u00f3 el decreto del \u201c2024 a\u00f1o de la paz\u201d, tambi\u00e9n se asent\u00f3 en el acta de la propuesta del Partido del Trabajo, \u201chacer responsable al gobernador del estado, David Monreal \u00c1vila, por no actuar de manera inmediata, para instruir a sus funcionarios en el respeto irrestricto a los derechos de reuni\u00f3n, manifestaci\u00f3n y expresi\u00f3n, y exigir al titular de la Secretar\u00eda de Seguridad P\u00fablica, el general Arturo Medina Mayoral, rinda un informe pormenorizado ante esta legislatura, sobre los hechos de brutal represi\u00f3n ocurridos el d\u00eda 08 de marzo de 2024\u201d.<\/span><\/p>\n<p><span style=\"font-size: 14pt;\">En la misma sesi\u00f3n del 12 de marzo el PT propuso un punto de acuerdo donde se exig\u00eda al gobernador, pidiera su renuncia a Rodrigo Reyes Muguerza, y se le destituyera del cargo de Secretario General de Gobierno. El partido Morena rompi\u00f3 el qu\u00f3rum y \u00e9sta propuesta no pudo votarse. Fue hasta el 14 de marzo, cuando se reanud\u00f3 la sesi\u00f3n legislativa, que se someti\u00f3 a votaci\u00f3n la remoci\u00f3n del funcionario, y fue aprobado el dictamen, pidi\u00e9ndole al gobernador David Monreal \u00c1vila el cese de Reyes Muguerza.<\/span><\/p>\n<p><span style=\"font-size: 14pt;\">Adem\u00e1s de los hechos de violencia del viernes 8 de marzo contra las participantes del 8m, M\u00e1s grave a\u00fan, se record\u00f3 en la tribuna del Congreso estatal, que era insostenible el decreto del \u201c2024 a\u00f1o de la paz\u201d, ya que, del a\u00f1o 2021 a la fecha -cuando David Monreal arrib\u00f3 a la gubernatura-, \u201chay miles de v\u00edctimas de desaparici\u00f3n forzada en el estado, que no han sido atendidas\u201d.<\/span><\/p>\n<p><span style=\"font-size: 14pt;\">En \u00e9ste periodo se inform\u00f3, han desaparecido 2 mil 609 personas, y s\u00f3lo en lo que va de este 2024, en Zacatecas hasta el 12 de marzo pasado, hab\u00edan desaparecido 183 personas, \u201ces decir, en promedio aqu\u00ed desaparecen 3 personas diariamente\u201d.<\/span><\/p>\n<p><span style=\"font-size: 14pt;\">Con todo este contexto, este mi\u00e9rcoles 20 de marzo David Monreal \u00c1vila hizo publicar el decreto gubernativo con el que te\u00f3ricamente, por sus efectos legales de publicidad de la ley, \u201centrar\u00eda en vigor\u201d, el decreto del \u201c2024 a\u00f1o de la paz\u201d.<\/span><\/p>\n<p><span style=\"font-size: 14pt;\">En el texto del Peri\u00f3dico Oficial, el gobernador David Monreal \u00c1vila inform\u00f3 que, para este programa, este a\u00f1o se invertir\u00e1 un 11 por ciento m\u00e1s del presupuesto ejercido el a\u00f1o pasado, en acciones de combate a la violencia e inseguridad, aunque no se inform\u00f3 el monto espec\u00edfico de los recursos que se gastaron en la materia en el 2023.<\/span><\/p>\n<p><span style=\"font-size: 14pt;\">\u201cLa Nueva Gobernanza requiere una construcci\u00f3n en la que sociedad y gobierno act\u00faen en comuni\u00f3n. Por lo cual, el incremento del 11 por ciento respecto del presupuesto aprobado 2023 buscar\u00e1 fortalecer la confianza ciudadana, como elemento vital para la corresponsabilidad y la cooperaci\u00f3n\u201d.<\/span><\/p>\n<p><span style=\"font-size: 14pt;\">Con base en ese decreto, se inform\u00f3 adem\u00e1s, que la administraci\u00f3n estatal busca \u201cconstruir una estructura gubernamental que fomente la participaci\u00f3n ciudadana, promueva la transparencia y garantice la paz social. En \u00faltima instancia, estos esfuerzos buscan establecer una base s\u00f3lida para una relaci\u00f3n m\u00e1s colaborativa y efectiva entre el gobierno y la sociedad\u201d.<\/span><\/p>\n<p><span style=\"font-size: 14pt;\">Todas las acciones quedar\u00e1n entonces, enmarcadas en \u201cla Gran Agenda por la Paz\u201d, organizada en cuatro grandes rubros: \u201cSociedad en paz\u201d, cuyo objetivo son acciones que garantizan la seguridad en las calles, los comercios, las carreteras y los hogares zacatecanos; una \u201cSociedad informada y con valores\u201d, cuya finalidad es difundir valores y principios de paz en los distintos segmentos de la sociedad zacatecana.<\/span><\/p>\n<p><span style=\"font-size: 14pt;\">El punto 3, plantea una \u201cSociedad con desarrollo\u201d, que comprende acciones que generara\u0301 n el desarrollo econ\u00f3mico y bienestar en las familias zacatecanas; y finalmente se aspira a tener una \u201cSociedad sostenible\u201d, cuyo fin es promover el progreso de Zacatecas de manera ordenada, equitativa y sostenible (sic)\u201d.<\/span><\/p>\n<p><span style=\"font-size: 14pt;\">\u201cA partir de la entrada en vigor del presente Decreto (con su publicaci\u00f3n en el Peri\u00f3dico Oficial), y durante el a\u00f1o 2024, la administraci\u00f3n p\u00fablica centralizada y descentralizada, insertar\u00e1n en su papeler\u00eda oficial, al rubro o al calce la leyenda la leyenda: \u20182024, A\u00f1o de la Paz\u2019\u201d.<\/span><\/p>\n","protected":false},"excerpt":{"rendered":"<p>El gobernador David Monreal \u00c1vila hizo publicar el mi\u00e9rcoles 20 de marzo en el Peri\u00f3dico Oficial del gobierno de Zacatecas,<\/p>\n","protected":false},"author":4,"featured_media":33968,"comment_status":"closed","ping_status":"closed","sticky":false,"template":"","format":"standard","meta":{"colormag_page_container_layout":"default_layout","colormag_page_sidebar_layout":"default_layout","_jetpack_memberships_contains_paid_content":false,"footnotes":"","jetpack_publicize_message":"","jetpack_publicize_feature_enabled":true,"jetpack_social_post_already_shared":false,"jetpack_social_options":{"image_generator_settings":{"template":"highway","default_image_id":0,"font":"","enabled":false},"version":2}},"categories":[30],"tags":[],"class_list":["post-33967","post","type-post","status-publish","format-standard","has-post-thumbnail","hentry","category-estados"],"jetpack_publicize_connections":[],"jetpack_featured_media_url":"https:\/\/i0.wp.com\/politicosaldesnudo.com.mx\/wp-content\/uploads\/2024\/03\/Z.jpg?fit=474%2C316&ssl=1","jetpack-related-posts":[],"jetpack_sharing_enabled":true,"_links":{"self":[{"href":"https:\/\/politicosaldesnudo.com.mx\/index.php\/wp-json\/wp\/v2\/posts\/33967","targetHints":{"allow":["GET"]}}],"collection":[{"href":"https:\/\/politicosaldesnudo.com.mx\/index.php\/wp-json\/wp\/v2\/posts"}],"about":[{"href":"https:\/\/politicosaldesnudo.com.mx\/index.php\/wp-json\/wp\/v2\/types\/post"}],"author":[{"embeddable":true,"href":"https:\/\/politicosaldesnudo.com.mx\/index.php\/wp-json\/wp\/v2\/users\/4"}],"replies":[{"embeddable":true,"href":"https:\/\/politicosaldesnudo.com.mx\/index.php\/wp-json\/wp\/v2\/comments?post=33967"}],"version-history":[{"count":0,"href":"https:\/\/politicosaldesnudo.com.mx\/index.php\/wp-json\/wp\/v2\/posts\/33967\/revisions"}],"wp:featuredmedia":[{"embeddable":true,"href":"https:\/\/politicosaldesnudo.com.mx\/index.php\/wp-json\/wp\/v2\/media\/33968"}],"wp:attachment":[{"href":"https:\/\/politicosaldesnudo.com.mx\/index.php\/wp-json\/wp\/v2\/media?parent=33967"}],"wp:term":[{"taxonomy":"category","embeddable":true,"href":"https:\/\/politicosaldesnudo.com.mx\/index.php\/wp-json\/wp\/v2\/categories?post=33967"},{"taxonomy":"post_tag","embeddable":true,"href":"https:\/\/politicosaldesnudo.com.mx\/index.php\/wp-json\/wp\/v2\/tags?post=33967"}],"curies":[{"name":"wp","href":"https:\/\/api.w.org\/{rel}","templated":true}]}}