{"id":33970,"date":"2024-03-22T09:26:13","date_gmt":"2024-03-22T15:26:13","guid":{"rendered":"https:\/\/politicosaldesnudo.com.mx\/?p=33970"},"modified":"2024-03-22T09:26:13","modified_gmt":"2024-03-22T15:26:13","slug":"madres-buscadoras-de-acapulco-convocan-a-marcha-nacional-el-10-de-mayo","status":"publish","type":"post","link":"https:\/\/politicosaldesnudo.com.mx\/index.php\/2024\/03\/22\/madres-buscadoras-de-acapulco-convocan-a-marcha-nacional-el-10-de-mayo\/","title":{"rendered":"Madres buscadoras de Acapulco convocan a marcha nacional el 10 de mayo"},"content":{"rendered":"<p><span style=\"font-size: 14pt;\">Agrupaciones de familias buscadoras de personas desaparecidas exigieron que las autoridades cumplan con la funci\u00f3n que le corresponde por ley en materia de desaparici\u00f3n.<\/span><\/p>\n<p><span style=\"font-size: 14pt;\">Tambi\u00e9n mostraron su rechazo a la militarizaci\u00f3n en funciones de procuraci\u00f3n de justicia, pues las familias de personas desaparecidas han sido bloqueadas.<\/span><\/p>\n<p><span style=\"font-size: 14pt;\">En el caso de Acapulco, madres buscadoras leyeron un comunicado conjunto en la iglesia de Costa Azul, mediante el que hicieron un llamado a la unidad nacional para la b\u00fasqueda de personas desaparecidas.<\/span><\/p>\n<p><span style=\"font-size: 14pt;\">Emma Mora Liberato, presidenta de la Asociaci\u00f3n Familias de Acapulco en Busca de sus Desaparecidos, advirti\u00f3 que \u00abel principal planteamiento es que siguen desapareciendo a nuestros desaparecidos\u00bb, y enfatiz\u00f3 que \u00abeste es un llamado a la unidad nacional para la b\u00fasqueda de desaparecidas y desaparecidos\u00bb.<\/span><\/p>\n<p><span style=\"font-size: 14pt;\">Detall\u00f3 que m\u00e1s de 300 buscadoras y buscadores de 250 colectivos, de M\u00e9xico y Centroam\u00e9rica, participan en este llamado conjunto a la unificaci\u00f3n nacional de familiares de personas desaparecidas, primeramente a sumarse a la jornada nacional de b\u00fasqueda, prevista para el 19 y 20 de abril, y a una marcha nacional el pr\u00f3ximo 10 de mayo.<\/span><\/p>\n<p><span style=\"font-size: 14pt;\">Mora Liberato manifest\u00f3 que \u00abnecesitamos y exigimos ya, la identidad forense de todos los cuerpos que est\u00e1n instalaciones de servicios m\u00e9dicos forenses, que nos digan resultados coherentes sobre el registro nacional de personas desaparecidas\u00bb.<\/span><\/p>\n<p><span style=\"font-size: 14pt;\">Agreg\u00f3 que \u00abdesde hace m\u00e1s de tres, cuatro o cinco a\u00f1os, hab\u00edan manejado 4 mil 386 personas desaparecidas en Guerrero, sin embargo, con los cambios que ha habido en la Comisi\u00f3n Nacional de B\u00fasqueda, ahora se tiene el registro de 4 mil 600 personas desaparecidas en Guerrero. En Acapulco est\u00e1n identificadas 536 personas, eso no puede ser, nada m\u00e1s nosotros como asociaci\u00f3n tenemos 532 carpetas de desaparici\u00f3n\u00bb.<\/span><\/p>\n<p><span style=\"font-size: 14pt;\">En tanto, Socorro Gil Guzm\u00e1n, presidenta de la colectiva Memoria, Verdad y Justicia de Acapulco, mencion\u00f3 que \u00abeste proceso que emprendimos hab\u00eda sido en silencio, pero ahora es un llamado a las familias a sumarse a un esfuerzo de unidad\u00bb.<\/span><\/p>\n<p><span style=\"font-size: 14pt;\">Insisti\u00f3 que son las propias familias las que impulsan las brigadas de b\u00fasqueda y las indagatorias, con la esperanza de encontrar a sus seres queridos, pues las jornadas de rastreo emprendidas por la autoridad son simuladas.<\/span><\/p>\n<p><span style=\"font-size: 14pt;\">Otros participantes en el mensaje conjunto, manifestaron que \u00absomos sujetos de derecho que llevamos a\u00f1os tratando de reconstruir este pa\u00eds\u00bb.<\/span><\/p>\n<p><span style=\"font-size: 14pt;\">Subrayaron que \u00abM\u00e9xico se ha convertido en 15 a\u00f1os, en sin\u00f3nimo de desaparici\u00f3n de personas\u00bb, lo cual representa, acusaron, \u00abun mensaje de que este crimen atroz se puede cometer sin mayores consecuencias\u00bb.<\/span><\/p>\n<p><span style=\"font-size: 14pt;\">Asimismo, hicieron un llamado a la sociedad, no solo para ayudar a encontrar, sino tambi\u00e9n para lograr medidas de prevenci\u00f3n, para evitar que m\u00e1s familias sufran la desaparici\u00f3n de un ser querido.<\/span><\/p>\n<p><span style=\"font-size: 14pt;\">Mora Liberato expres\u00f3 que \u00abnosotras cambiamos las ollas por la varilla, palas y picos para buscar a nuestros familiares; cambiamos las zapatillas por botas\u00bb, y puntualiz\u00f3 que \u00abno somos solo madres buscadoras, somos familias buscadoras\u00bb.<\/span><\/p>\n","protected":false},"excerpt":{"rendered":"<p>Agrupaciones de familias buscadoras de personas desaparecidas exigieron que las autoridades cumplan con la funci\u00f3n que le corresponde por ley<\/p>\n","protected":false},"author":4,"featured_media":33971,"comment_status":"closed","ping_status":"closed","sticky":false,"template":"","format":"standard","meta":{"colormag_page_container_layout":"default_layout","colormag_page_sidebar_layout":"default_layout","_jetpack_memberships_contains_paid_content":false,"footnotes":"","jetpack_publicize_message":"","jetpack_publicize_feature_enabled":true,"jetpack_social_post_already_shared":false,"jetpack_social_options":{"image_generator_settings":{"template":"highway","default_image_id":0,"font":"","enabled":false},"version":2}},"categories":[30],"tags":[],"class_list":["post-33970","post","type-post","status-publish","format-standard","has-post-thumbnail","hentry","category-estados"],"jetpack_publicize_connections":[],"jetpack_featured_media_url":"https:\/\/i0.wp.com\/politicosaldesnudo.com.mx\/wp-content\/uploads\/2024\/03\/marcha-de-las-madres-buscadoras-6.jpeg?fit=1200%2C800&ssl=1","jetpack-related-posts":[],"jetpack_sharing_enabled":true,"_links":{"self":[{"href":"https:\/\/politicosaldesnudo.com.mx\/index.php\/wp-json\/wp\/v2\/posts\/33970","targetHints":{"allow":["GET"]}}],"collection":[{"href":"https:\/\/politicosaldesnudo.com.mx\/index.php\/wp-json\/wp\/v2\/posts"}],"about":[{"href":"https:\/\/politicosaldesnudo.com.mx\/index.php\/wp-json\/wp\/v2\/types\/post"}],"author":[{"embeddable":true,"href":"https:\/\/politicosaldesnudo.com.mx\/index.php\/wp-json\/wp\/v2\/users\/4"}],"replies":[{"embeddable":true,"href":"https:\/\/politicosaldesnudo.com.mx\/index.php\/wp-json\/wp\/v2\/comments?post=33970"}],"version-history":[{"count":0,"href":"https:\/\/politicosaldesnudo.com.mx\/index.php\/wp-json\/wp\/v2\/posts\/33970\/revisions"}],"wp:featuredmedia":[{"embeddable":true,"href":"https:\/\/politicosaldesnudo.com.mx\/index.php\/wp-json\/wp\/v2\/media\/33971"}],"wp:attachment":[{"href":"https:\/\/politicosaldesnudo.com.mx\/index.php\/wp-json\/wp\/v2\/media?parent=33970"}],"wp:term":[{"taxonomy":"category","embeddable":true,"href":"https:\/\/politicosaldesnudo.com.mx\/index.php\/wp-json\/wp\/v2\/categories?post=33970"},{"taxonomy":"post_tag","embeddable":true,"href":"https:\/\/politicosaldesnudo.com.mx\/index.php\/wp-json\/wp\/v2\/tags?post=33970"}],"curies":[{"name":"wp","href":"https:\/\/api.w.org\/{rel}","templated":true}]}}