{"id":33981,"date":"2024-03-22T11:37:36","date_gmt":"2024-03-22T17:37:36","guid":{"rendered":"https:\/\/politicosaldesnudo.com.mx\/?p=33981"},"modified":"2024-04-23T04:52:55","modified_gmt":"2024-04-23T09:52:55","slug":"defiende-amlo-a-nahle-por-casa-ubicada-en-lujoso-fraccionamiento","status":"publish","type":"post","link":"https:\/\/politicosaldesnudo.com.mx\/index.php\/2024\/03\/22\/defiende-amlo-a-nahle-por-casa-ubicada-en-lujoso-fraccionamiento\/","title":{"rendered":"Defiende AMLO a Nahle por casa ubicada en lujoso fraccionamiento"},"content":{"rendered":"<p><span style=\"font-size: 14pt;\">Aunque dijo que hablaba de manera \u201cfigurada\u201d, el presidente Andr\u00e9s Manuel L\u00f3pez Obrador sali\u00f3 en defensa de la candidata a gobernadora de la coalici\u00f3n Sigamos Haciendo Historia y ex secretaria de Energ\u00eda, Roc\u00edo Nahle, relacionada con una casa ubicada en un lujoso fraccionamiento en las inmediaciones de Boca del R\u00edo: \u201ces honesta\u201d.<\/span><\/p>\n<p><span style=\"font-size: 14pt;\">Sin mencionarla expresamente pero derivada de una pregunta sobre una propiedad adquirida por una candidata dijo: \u201cesa persona a la que se le quiere hacer mal por la temporada, esta la temporada de la pi\u00f1a, el mango, del chayote, por lo que yo se y me consta, esa persona es honesta. Y como yo soy de aqu\u00ed, no le voy a desear a mi pueblo querido, que vuelva pasar lo que ya sufrieron y valen mas las imagenes, no creo que por eso me vayan a cepillar, porque no tienen nada que ver con la cuesti\u00f3n electoral\u201d.<\/span><\/p>\n<p><span style=\"font-size: 14pt;\">Mostr\u00f3 una fotograf\u00eda en la que aparecen el entonces presidente,Felipe Calder\u00f3n, su secretario de Seguridad P\u00fablica, Genaro Garc\u00eda Luna y el gobernador, Javier Duarte. \u201cSi hablamos de casas, vayan all\u00e1 por Veracruz, por el puerto para que vean lo que son mansiones por Boca del r\u00edo, lo que son los yates, departamentos en el extranjero de los que mal gobernaron Veracruz.\u00bb<\/span><\/p>\n","protected":false},"excerpt":{"rendered":"<p>Aunque dijo que hablaba de manera \u201cfigurada\u201d, el presidente Andr\u00e9s Manuel L\u00f3pez Obrador sali\u00f3 en defensa de la candidata a<\/p>\n","protected":false},"author":4,"featured_media":35724,"comment_status":"closed","ping_status":"closed","sticky":false,"template":"","format":"standard","meta":{"colormag_page_container_layout":"default_layout","colormag_page_sidebar_layout":"default_layout","_jetpack_memberships_contains_paid_content":false,"footnotes":"","jetpack_publicize_message":"","jetpack_publicize_feature_enabled":true,"jetpack_social_post_already_shared":false,"jetpack_social_options":{"image_generator_settings":{"template":"highway","default_image_id":0,"font":"","enabled":false},"version":2}},"categories":[33],"tags":[],"class_list":["post-33981","post","type-post","status-publish","format-standard","has-post-thumbnail","hentry","category-nacional"],"jetpack_publicize_connections":[],"jetpack_featured_media_url":"https:\/\/i0.wp.com\/politicosaldesnudo.com.mx\/wp-content\/uploads\/2024\/03\/18-03-2022-84-ANIVERSARIO-DE-LA-EXPROPIACION-PETROLERA-MINATITLAN-VERACRUZ-FOTO-04.jpg?fit=1502%2C1000&ssl=1","jetpack-related-posts":[],"jetpack_sharing_enabled":true,"_links":{"self":[{"href":"https:\/\/politicosaldesnudo.com.mx\/index.php\/wp-json\/wp\/v2\/posts\/33981","targetHints":{"allow":["GET"]}}],"collection":[{"href":"https:\/\/politicosaldesnudo.com.mx\/index.php\/wp-json\/wp\/v2\/posts"}],"about":[{"href":"https:\/\/politicosaldesnudo.com.mx\/index.php\/wp-json\/wp\/v2\/types\/post"}],"author":[{"embeddable":true,"href":"https:\/\/politicosaldesnudo.com.mx\/index.php\/wp-json\/wp\/v2\/users\/4"}],"replies":[{"embeddable":true,"href":"https:\/\/politicosaldesnudo.com.mx\/index.php\/wp-json\/wp\/v2\/comments?post=33981"}],"version-history":[{"count":0,"href":"https:\/\/politicosaldesnudo.com.mx\/index.php\/wp-json\/wp\/v2\/posts\/33981\/revisions"}],"wp:featuredmedia":[{"embeddable":true,"href":"https:\/\/politicosaldesnudo.com.mx\/index.php\/wp-json\/wp\/v2\/media\/35724"}],"wp:attachment":[{"href":"https:\/\/politicosaldesnudo.com.mx\/index.php\/wp-json\/wp\/v2\/media?parent=33981"}],"wp:term":[{"taxonomy":"category","embeddable":true,"href":"https:\/\/politicosaldesnudo.com.mx\/index.php\/wp-json\/wp\/v2\/categories?post=33981"},{"taxonomy":"post_tag","embeddable":true,"href":"https:\/\/politicosaldesnudo.com.mx\/index.php\/wp-json\/wp\/v2\/tags?post=33981"}],"curies":[{"name":"wp","href":"https:\/\/api.w.org\/{rel}","templated":true}]}}