{"id":33984,"date":"2024-03-22T11:43:34","date_gmt":"2024-03-22T17:43:34","guid":{"rendered":"https:\/\/politicosaldesnudo.com.mx\/?p=33984"},"modified":"2024-04-23T05:09:40","modified_gmt":"2024-04-23T10:09:40","slug":"reunion-de-embajador-salazar-con-ministra-pina-sin-afan-injerencista-amlo","status":"publish","type":"post","link":"https:\/\/politicosaldesnudo.com.mx\/index.php\/2024\/03\/22\/reunion-de-embajador-salazar-con-ministra-pina-sin-afan-injerencista-amlo\/","title":{"rendered":"Reuni\u00f3n de embajador Salazar con ministra Pi\u00f1a, sin af\u00e1n injerencista: AMLO"},"content":{"rendered":"<p><span style=\"font-size: 14pt;\">Para el presidente Andr\u00e9s Manuel L\u00f3pez Obrador la reuni\u00f3n que sostuvo el embajador de Estados Unidos en M\u00e9xico, Ken Salazar, con la ministra presidenta de la Suprema Corte de Justicia de la Naci\u00f3n, Norma Pi\u00f1a, no fue una actitud injerencista, \u201c\u00e9l ha sido muy respetuoso\u201d. Asever\u00f3 que \u00e9l tiene que reunirse con todos y tiene libertad para expresarse, lo cual ha hecho con mucho respeto.<\/span><\/p>\n<p><span style=\"font-size: 14pt;\">\u201cEst\u00e1 en su derecho. Si me hubiera dicho, yo le hubiese advertido que tuviera cuidado, nada m\u00e1s, que cuidara la cartera y otras cosas, pero lo dem\u00e1s no hay ning\u00fan problema y no es injerencismo, le tenemos mucho respeto, \u00e9l ha sido muy respetuoso,de la independencia, la soberan\u00eda de M\u00e9xico. No hay ning\u00fan problema, lo que pasa es que nuestros adversarios andan buscando cualquier cosa, no se que les est\u00e1 pasando, est\u00e1n muy enojados, nerviosos,\u201d.<\/span><\/p>\n<p><span style=\"font-size: 14pt;\">Durante su conferencia que realiz\u00f3 en este puerto, L\u00f3pez Obrador dijo que son p\u00fablicas nuestras diferencias con el Poder Judicial porque consideramos que es una instancia donde hay mucha corrupci\u00f3n y donde la ministra Pi\u00f1a viola la Constituci\u00f3n porque gana 4 veces m\u00e1s que el Presidente de la Rep\u00fablica a pesar de que existe una disposici\u00f3n que expresamente lo proh\u00edbe, pero lo transgreden los ministros con acciones leguleyas<\/span><\/p>\n<p><span style=\"font-size: 14pt;\">Expres\u00f3 su sorpresa porque hasta ayer por fin sancionaron a un juez por haber resuelto a favor del gobernador de Nuevo Le\u00f3n, Samuel Garc\u00eda. \u201cEs el primer caso en los \u00faltimos a\u00f1os y aqu\u00ed les puedo presentar 10 casos graves de jueces , magistrados y de ministros, que gozan de impunidad.<\/span><\/p>\n<p><span style=\"font-size: 14pt;\">Fijense lo tendencioso, de la actitud del Poder Judicial. No pertenezco a ese partido, del gobernador, pero considero que es un abuso, un descaro. Es el Poder Judicial al servicio del bloque conservador, eso lo va a resolver el pueblo. Ya quedan\u201d.<\/span><\/p>\n<p><span style=\"font-size: 14pt;\">En torno a Salazar, reconoci\u00f3 la relaci\u00f3n de respeto que ha tenido con su gobierno, como ha sido con el presidente de Estados Unidos Joe Biden y como en su momento fue con Donald Trump.<\/span><\/p>\n<p><span style=\"font-size: 14pt;\">El embajador de entonces, Chirstopher Landau tambi\u00e9n fue muy respetuoso, \u201chasta que sali\u00f3 dio una declaraci\u00f3n, dijo que en efecto yo hab\u00eda optado por no enfrentar a bandas del narcotr\u00e1fico para darle m\u00e1s atenci\u00f3n a seguridad p\u00fablica, es un criterio y nosotros lo que queremos es la paz, la tranquilidad en el pa\u00eds que no haya asesinatos, o haya secuestros\u00bb..<\/span><\/p>\n<p><span style=\"font-size: 14pt;\">L\u00f3pez Obrador dijo que su gobierno no va a actuar primero como polic\u00edas de ning\u00fan gobierno extranjero. Primero M\u00e9xico, nuestra casa, pero si, tambi\u00e9n ayudamos en el combate a las drogas, sobre todo porque ya se convirti\u00f3 en un asunto muy delicdado, triste, humanitario.<\/span><\/p>\n","protected":false},"excerpt":{"rendered":"<p>Para el presidente Andr\u00e9s Manuel L\u00f3pez Obrador la reuni\u00f3n que sostuvo el embajador de Estados Unidos en M\u00e9xico, Ken Salazar,<\/p>\n","protected":false},"author":4,"featured_media":35726,"comment_status":"closed","ping_status":"closed","sticky":false,"template":"","format":"standard","meta":{"colormag_page_container_layout":"default_layout","colormag_page_sidebar_layout":"default_layout","_jetpack_memberships_contains_paid_content":false,"footnotes":"","jetpack_publicize_message":"","jetpack_publicize_feature_enabled":true,"jetpack_social_post_already_shared":false,"jetpack_social_options":{"image_generator_settings":{"template":"highway","default_image_id":0,"font":"","enabled":false},"version":2}},"categories":[33],"tags":[],"class_list":["post-33984","post","type-post","status-publish","format-standard","has-post-thumbnail","hentry","category-nacional"],"jetpack_publicize_connections":[],"jetpack_featured_media_url":"https:\/\/i0.wp.com\/politicosaldesnudo.com.mx\/wp-content\/uploads\/2024\/03\/no-al-odio-miles-de-voces-condenan-ataques-contra-ministra-norma-pina.jpg?fit=1280%2C720&ssl=1","jetpack-related-posts":[],"jetpack_sharing_enabled":true,"_links":{"self":[{"href":"https:\/\/politicosaldesnudo.com.mx\/index.php\/wp-json\/wp\/v2\/posts\/33984","targetHints":{"allow":["GET"]}}],"collection":[{"href":"https:\/\/politicosaldesnudo.com.mx\/index.php\/wp-json\/wp\/v2\/posts"}],"about":[{"href":"https:\/\/politicosaldesnudo.com.mx\/index.php\/wp-json\/wp\/v2\/types\/post"}],"author":[{"embeddable":true,"href":"https:\/\/politicosaldesnudo.com.mx\/index.php\/wp-json\/wp\/v2\/users\/4"}],"replies":[{"embeddable":true,"href":"https:\/\/politicosaldesnudo.com.mx\/index.php\/wp-json\/wp\/v2\/comments?post=33984"}],"version-history":[{"count":0,"href":"https:\/\/politicosaldesnudo.com.mx\/index.php\/wp-json\/wp\/v2\/posts\/33984\/revisions"}],"wp:featuredmedia":[{"embeddable":true,"href":"https:\/\/politicosaldesnudo.com.mx\/index.php\/wp-json\/wp\/v2\/media\/35726"}],"wp:attachment":[{"href":"https:\/\/politicosaldesnudo.com.mx\/index.php\/wp-json\/wp\/v2\/media?parent=33984"}],"wp:term":[{"taxonomy":"category","embeddable":true,"href":"https:\/\/politicosaldesnudo.com.mx\/index.php\/wp-json\/wp\/v2\/categories?post=33984"},{"taxonomy":"post_tag","embeddable":true,"href":"https:\/\/politicosaldesnudo.com.mx\/index.php\/wp-json\/wp\/v2\/tags?post=33984"}],"curies":[{"name":"wp","href":"https:\/\/api.w.org\/{rel}","templated":true}]}}