{"id":33987,"date":"2024-03-22T11:52:14","date_gmt":"2024-03-22T17:52:14","guid":{"rendered":"https:\/\/politicosaldesnudo.com.mx\/?p=33987"},"modified":"2024-03-22T11:52:14","modified_gmt":"2024-03-22T17:52:14","slug":"cayo-en-febrero-la-industria-manufacturera-bbva","status":"publish","type":"post","link":"https:\/\/politicosaldesnudo.com.mx\/index.php\/2024\/03\/22\/cayo-en-febrero-la-industria-manufacturera-bbva\/","title":{"rendered":"Cay\u00f3 en febrero la industria manufacturera: BBVA"},"content":{"rendered":"<p><span style=\"font-size: 14pt;\">Las bajas ventas que tienen las empresas en Estados Unidos han comenzado a causar efectos en la econom\u00eda nacional. Entre enero y febrero de este a\u00f1o, el sector manufacturero mexicano cay\u00f3 1.2 por ciento, 3.2 puntos porcentuales por debajo de lo registrado en el mismo periodo de 2023, dio a conocer BBVA.<\/span><\/p>\n<p><span style=\"font-size: 14pt;\">Al presentar el Indicador Multidimensional de la Manufactura realizado por el \u00e1rea de estudios econ\u00f3micos, BBVA estim\u00f3 que la desaceleraci\u00f3n de la demanda de bienes duraderos en Estados Unidos se prolongar\u00e1 hacia los siguientes meses, ante el gradual agotamiento del ahorro acumulado en un contexto de mayores tasas de inter\u00e9s, un hecho que provocar\u00e1 una ralentizaci\u00f3n del sector exportador mexicano.<\/span><\/p>\n<p><span style=\"font-size: 14pt;\">BBVA indic\u00f3 que las \u00faltimas cifras de Estados Unidos demuestran que en febrero las ventas minoristas cayeron por segunda vez consecutiva, con disminuciones en los segmentos de ropa, alimentos, art\u00edculos para el cuidado de la salud, muebles, y aparatos electr\u00f3nicos.<\/span><\/p>\n<p><span style=\"font-size: 14pt;\">En tanto, abund\u00f3, datos del Instituto Nacional de Estad\u00edstica y Geograf\u00eda (Inegi) indican que en enero, los subsectores de la manufactura que registraron las mayores ca\u00eddas en producci\u00f3n fueron la industria de la impresi\u00f3n, la fabricaci\u00f3n de aparatos el\u00e9ctricos y la fabricaci\u00f3n de productos met\u00e1licos.<\/span><\/p>\n<p><span style=\"font-size: 14pt;\">Tanto en M\u00e9xico como en Estados Unidos, dijo, el sector automotriz tuvo un modesto avance de 0.8 y 0.7 por ciento, respectivamente.<\/span><\/p>\n<p><span style=\"font-size: 14pt;\">BBVA expuso que, en t\u00e9rminos de capacidad utilizada, ocho de los veinti\u00fan subsectores de la industria manufacturera se ubican en niveles por debajo de su cifra previo a la pandemia<\/span><\/p>\n<p><span style=\"font-size: 14pt;\">\u201cEntre ellos sobresale la fabricaci\u00f3n de prendas de vestir (15.2 por ciento por debajo de su nivel pre-Covid), la industria de la madera (12.3 por ciento), y la fabricaci\u00f3n de productos de piel (10.8 por ciento)\u201d.<\/span><\/p>\n<p><span style=\"font-size: 14pt;\">En sentido contrario, refiri\u00f3, los segmentos de productos derivados del petr\u00f3leo, equipo de c\u00f3mputo y telecomunicaciones, y la industria de las bebidas, sobresalen por superar con amplitud el nivel de capacidad utilizada registrado previo a la crisis econ\u00f3mica y sanitaria de 2020, con avances de 75.6, 15.9 y 15.4 por ciento, respectivamente.<\/span><\/p>\n<p><span style=\"font-size: 14pt;\">\u201cEstimamos que el menor crecimiento de la producci\u00f3n manufacturera se prolongar\u00e1 el resto del a\u00f1o, en un entorno de ralentizaci\u00f3n de la demanda externa, ante la reducci\u00f3n del consumo de bienes duraderos en Estados Unidos.<\/span><\/p>\n<p><span style=\"font-size: 14pt;\">\u201cEn el mediano plazo, el segmento industrial ganar\u00e1 impulso a medida que se materialice el proceso de relocalizaci\u00f3n de la producci\u00f3n. La estimaci\u00f3n de crecimiento para este a\u00f1o es de 2.5 por ciento\u201d, concluy\u00f3 BBVA.<\/span><\/p>\n","protected":false},"excerpt":{"rendered":"<p>Las bajas ventas que tienen las empresas en Estados Unidos han comenzado a causar efectos en la econom\u00eda nacional. Entre<\/p>\n","protected":false},"author":4,"featured_media":33988,"comment_status":"closed","ping_status":"closed","sticky":false,"template":"","format":"standard","meta":{"colormag_page_container_layout":"default_layout","colormag_page_sidebar_layout":"default_layout","_jetpack_memberships_contains_paid_content":false,"footnotes":"","jetpack_publicize_message":"","jetpack_publicize_feature_enabled":true,"jetpack_social_post_already_shared":false,"jetpack_social_options":{"image_generator_settings":{"template":"highway","default_image_id":0,"font":"","enabled":false},"version":2}},"categories":[2050],"tags":[],"class_list":["post-33987","post","type-post","status-publish","format-standard","has-post-thumbnail","hentry","category-economia"],"jetpack_publicize_connections":[],"jetpack_featured_media_url":"https:\/\/i0.wp.com\/politicosaldesnudo.com.mx\/wp-content\/uploads\/2024\/03\/Captura-web_18-8-2023_83411_www.google.com_.mx_.jpeg?fit=621%2C447&ssl=1","jetpack-related-posts":[],"jetpack_sharing_enabled":true,"_links":{"self":[{"href":"https:\/\/politicosaldesnudo.com.mx\/index.php\/wp-json\/wp\/v2\/posts\/33987","targetHints":{"allow":["GET"]}}],"collection":[{"href":"https:\/\/politicosaldesnudo.com.mx\/index.php\/wp-json\/wp\/v2\/posts"}],"about":[{"href":"https:\/\/politicosaldesnudo.com.mx\/index.php\/wp-json\/wp\/v2\/types\/post"}],"author":[{"embeddable":true,"href":"https:\/\/politicosaldesnudo.com.mx\/index.php\/wp-json\/wp\/v2\/users\/4"}],"replies":[{"embeddable":true,"href":"https:\/\/politicosaldesnudo.com.mx\/index.php\/wp-json\/wp\/v2\/comments?post=33987"}],"version-history":[{"count":0,"href":"https:\/\/politicosaldesnudo.com.mx\/index.php\/wp-json\/wp\/v2\/posts\/33987\/revisions"}],"wp:featuredmedia":[{"embeddable":true,"href":"https:\/\/politicosaldesnudo.com.mx\/index.php\/wp-json\/wp\/v2\/media\/33988"}],"wp:attachment":[{"href":"https:\/\/politicosaldesnudo.com.mx\/index.php\/wp-json\/wp\/v2\/media?parent=33987"}],"wp:term":[{"taxonomy":"category","embeddable":true,"href":"https:\/\/politicosaldesnudo.com.mx\/index.php\/wp-json\/wp\/v2\/categories?post=33987"},{"taxonomy":"post_tag","embeddable":true,"href":"https:\/\/politicosaldesnudo.com.mx\/index.php\/wp-json\/wp\/v2\/tags?post=33987"}],"curies":[{"name":"wp","href":"https:\/\/api.w.org\/{rel}","templated":true}]}}