{"id":34147,"date":"2024-03-25T13:04:26","date_gmt":"2024-03-25T19:04:26","guid":{"rendered":"https:\/\/politicosaldesnudo.com.mx\/?p=34147"},"modified":"2024-03-25T13:04:26","modified_gmt":"2024-03-25T19:04:26","slug":"impunidad-en-asesinatos-de-mujeres-periodistas","status":"publish","type":"post","link":"https:\/\/politicosaldesnudo.com.mx\/index.php\/2024\/03\/25\/impunidad-en-asesinatos-de-mujeres-periodistas\/","title":{"rendered":"Impunidad en asesinatos de mujeres periodistas"},"content":{"rendered":"<p><span style=\"font-size: 18pt; color: #cc99ff;\"><strong>ALMA GRANDE<\/strong><\/span><\/p>\n<p><span style=\"font-size: 18pt; color: #cc99ff;\"><strong>Por \u00c1ngel \u00c1lvaro Pe\u00f1a<\/strong><\/span><\/p>\n<p><strong><span style=\"font-size: 14pt;\">Miroslava Breach fue asesinada un 23 de marzo de 2017. Siete a\u00f1os despu\u00e9s, los asesinos est\u00e1n identificados, pero pr\u00f3fugos, se sabe qui\u00e9nes son, pero no se act\u00faa contra ellos, se tienen pruebas pero est\u00e1n libres.<\/span><\/strong><\/p>\n<p><strong><span style=\"font-size: 14pt;\">Durante el juicio en el cual se sentenci\u00f3 a 50 a\u00f1os de prisi\u00f3n a Juan Carlos Moreno Ochoa, <em>El Larry, <\/em><em>estratega en la organizaci\u00f3n<\/em> <em>del operativo para asesinar a<\/em> Miroslava Breach. Se les mencion\u00f3.<\/span><\/strong><\/p>\n<figure id=\"attachment_34148\" aria-describedby=\"caption-attachment-34148\" style=\"width: 474px\" class=\"wp-caption aligncenter\"><img data-recalc-dims=\"1\" loading=\"lazy\" decoding=\"async\" class=\"wp-image-34148 size-full\" src=\"https:\/\/i0.wp.com\/politicosaldesnudo.com.mx\/wp-content\/uploads\/2024\/03\/OIP.jpg?resize=474%2C474&#038;ssl=1\" alt=\"\" width=\"474\" height=\"474\" srcset=\"https:\/\/i0.wp.com\/politicosaldesnudo.com.mx\/wp-content\/uploads\/2024\/03\/OIP.jpg?w=474&amp;ssl=1 474w, https:\/\/i0.wp.com\/politicosaldesnudo.com.mx\/wp-content\/uploads\/2024\/03\/OIP.jpg?resize=300%2C300&amp;ssl=1 300w, https:\/\/i0.wp.com\/politicosaldesnudo.com.mx\/wp-content\/uploads\/2024\/03\/OIP.jpg?resize=150%2C150&amp;ssl=1 150w\" sizes=\"auto, (max-width: 474px) 100vw, 474px\" \/><figcaption id=\"caption-attachment-34148\" class=\"wp-caption-text\">Miroslava Breach<\/figcaption><\/figure>\n<p><span style=\"font-size: 18pt;\"><strong>En este caso no se actu\u00f3 jur\u00eddicamente contra Alberto Lu\u00e9vano Rodr\u00edguez, quien en marzo de 2017 era secretario general del PAN, en Chihuahua, quien diera informaci\u00f3n sobre la vida cotidiana de la periodista, y despu\u00e9s se convirti\u00f3 en secretario particular del entonces gobernador de esa entidad, Javier Corral Jurado, ni contra Alfredo Pi\u00f1era, quien era vocero panista. Corral Jurado acaba de ser designado candidato plurinominal por Morena. Sabemos que los plurinominales no tienen compromiso con el pueblo, ni con el partido, ni con el pa\u00eds.<\/strong><\/span><\/p>\n<p><strong><span style=\"font-size: 14pt;\">De acuerdo con un reporte presentado hace un a\u00f1o, por el subsecretario Alejandro Encinas y el titular de la Unidad para la Defensa de los Derechos Humanos, Enrique Irazoque Palazuelos, seis entidades concentran el 61 por ciento de los asesinatos de periodistas: Sonora, Guerrero, Veracruz, Michoac\u00e1n, Estado de M\u00e9xico y Oaxaca, todos gobernados por Morena.<\/span><\/strong><\/p>\n<p><strong><span style=\"font-size: 14pt;\">En el s\u00e9ptimo aniversario del asesinato impune, la periodista, Olga Arag\u00f3n enfatiz\u00f3 que Miroslava fue no s\u00f3lo la periodista que mataron, tambi\u00e9n fue una p\u00e9rdida para su familia y una p\u00e9rdida tremenda para el gremio; fue como tapar la boca a los periodistas e impedir que se oiga la voz de los sin voz, a los que ella daba cobertura. A\u00f1adi\u00f3: \u201cLa asesinaron por lo que escribi\u00f3, por lo que estaba escribiendo y por lo que iba a escribir\u201d.<\/span><\/strong><\/p>\n<p><span style=\"font-size: 18pt;\"><strong>Miroslava Breach Velducea estaba inscrita en el Mecanismo de Protecci\u00f3n de Personas Defensoras de Derechos Humanos y Periodistas, de la Secretar\u00eda de Gobernaci\u00f3n, el cual no pudo hacer nada para impedirlo, como sucede en muchos casos. Los integrantes de la junta de gobierno del Mecanismo, creado en 2012, encabezado ahora por Enrique Irazoque, se preocupan m\u00e1s por ahorrar recursos restringiendo el n\u00famero de inscritos, que la protecci\u00f3n de la integridad de los comunicadores.<\/strong><\/span><\/p>\n<p><strong><span style=\"font-size: 14pt;\">Cuando se llega a otorgar la protecci\u00f3n se escatima el n\u00famero de escoltas, se limitan las armas de protecci\u00f3n, se restringen los vi\u00e1ticos, de tal manera que las personas encargadas de la seguridad del periodista est\u00e1n m\u00e1s preocupadas por tener recursos para sobrevivir que proteger al periodista.<\/span><\/strong><\/p>\n<p><strong><span style=\"font-size: 14pt;\">Otra de las periodistas asesinadas y que estaba integrada a la protecci\u00f3n del Mecanismo, fue Regina Mart\u00ednez P\u00e9rez, sucedido cinco a\u00f1os antes, el 28 de abril de 2012, dedicada a denunciar la corrupci\u00f3n estatal y nacional de los diferentes niveles de gobierno, tambi\u00e9n est\u00e1 impune.<\/span><\/strong><\/p>\n<figure id=\"attachment_34149\" aria-describedby=\"caption-attachment-34149\" style=\"width: 474px\" class=\"wp-caption aligncenter\"><img data-recalc-dims=\"1\" loading=\"lazy\" decoding=\"async\" class=\"wp-image-34149 size-full\" src=\"https:\/\/i0.wp.com\/politicosaldesnudo.com.mx\/wp-content\/uploads\/2024\/03\/OIP-2.jpg?resize=474%2C316&#038;ssl=1\" alt=\"\" width=\"474\" height=\"316\" srcset=\"https:\/\/i0.wp.com\/politicosaldesnudo.com.mx\/wp-content\/uploads\/2024\/03\/OIP-2.jpg?w=474&amp;ssl=1 474w, https:\/\/i0.wp.com\/politicosaldesnudo.com.mx\/wp-content\/uploads\/2024\/03\/OIP-2.jpg?resize=300%2C200&amp;ssl=1 300w\" sizes=\"auto, (max-width: 474px) 100vw, 474px\" \/><figcaption id=\"caption-attachment-34149\" class=\"wp-caption-text\">Regina Mart\u00ednez P\u00e9rez<\/figcaption><\/figure>\n<p><span style=\"font-size: 18pt;\"><strong>La responsabilidad del Mecanismo pareciera no afectar su desarrollo burocratizado, su cinismo autorizado y sigue trabajando sin sanciones. Cada asesinato de los periodistas deber\u00eda provocar que caigan cabezas de esa junta de gobierno. O, por lo menos, se aplique una transformaci\u00f3n profunda de sus rutinas que a nadie protegen. Mientras no haya sanciones por el descuido de los empleados del Mecanismo seguir\u00e1n asesinando periodistas.<\/strong><\/span><\/p>\n<p><strong><span style=\"font-size: 14pt;\">Hace siete a\u00f1os fue asesinada Miroslava Breach, en un mes se conmemorar\u00e1 un a\u00f1o m\u00e1s del homicidio de Regina Mart\u00ednez. Dos mujeres periodistas asesinadas. Ambas valientes, cr\u00edticas y profesionales. Las dos inscritas en el Mecanismo de Protecci\u00f3n que tiene como cabeza F\u00e9lix Arturo Medina Padilla, presidente de la Junta de gobierno del Mecanismo, jefe de Enrique Irazoque, quien encabeza el Mecanismo.<\/span><\/strong><\/p>\n<p><strong><span style=\"font-size: 14pt;\">Debe revisarse la estructura del Mecanismo, para que se vea de d\u00f3nde proviene el enga\u00f1o hacia el Presidente, la secretaria de Gobernaci\u00f3n, Luisa Mar\u00eda Alcalde, el subsecretario F\u00e9lix Arturo Medina, y tengan conciencia de la realidad.<\/span><\/strong><\/p>\n<p><span style=\"font-size: 18pt;\"><strong>El Poder Judicial, donde todav\u00eda hay jueces decentes, empieza a ganarle terreno al Mecanismo, que pertenece al Poder Ejecutivo, en materia de protecci\u00f3n a los comunicadores, porque s\u00f3lo a trav\u00e9s de amparos concedidos por jueces, es as\u00ed como pierde responsabilidades el Mecanismo, pr\u00e1cticamente pasan a manos de los tribunales la tarea de la Segob. As\u00ed, son los jueces y no los funcionarios p\u00fablicos de Gobernaci\u00f3n, quienes otorgan la seguridad y protecci\u00f3n de los periodistas, otorgan tambi\u00e9n armas \u00fatiles a los escoltas, imponen pagos puntuales de vi\u00e1ticos, etc. Una a una de las responsabilidades del Mecanismo son asumidas, poco a poco, \u00a0por el Poder Judicial a trav\u00e9s de los amparos de los inscritos, quienes no quieren ser v\u00edctimas de asesinato.<\/strong><\/span><\/p>\n<p><strong><span style=\"font-size: 14pt;\">En este sexenio han muerto 47 periodistas de forma violenta y el Mecanismo sigue de mal en peor desde diciembre de 2018. Ning\u00fan sancionado, a pesar de que son parte del problema, su labor de prevenci\u00f3n simplemente no existe y pareciera ser condici\u00f3n el estar inscritos en dicho organismo para colocarse en el blanco de los asesinos.<\/span><\/strong><\/p>\n<p><strong><span style=\"font-size: 14pt;\">La impunidad impera en los asesinatos de periodistas mexicanos.<\/span><\/strong><\/p>\n<p><strong><span style=\"font-size: 14pt;\">PEGA Y CORRE.- El PAN sigue intentando abrir las puertas a las corporaciones estadounidenses al promover, a trav\u00e9s de su l\u00edder nacional, Marko Cort\u00e9s, asistencia internacional para enfrentar a los grupos del crimen organizado, luego de los acontecimientos en Culiac\u00e1n, donde 66 personas fueron secuestradas, de las cuales 58 han sido liberadas\u2026Esta columna se publica los lunes, mi\u00e9rcoles y viernes.<\/span><\/strong><\/p>\n<p><img data-recalc-dims=\"1\" loading=\"lazy\" decoding=\"async\" class=\"aligncenter size-full wp-image-34083\" src=\"https:\/\/i0.wp.com\/politicosaldesnudo.com.mx\/wp-content\/uploads\/2024\/03\/FIRMA-EDITORIAL-PD-5.jpg?resize=800%2C98&#038;ssl=1\" alt=\"\" width=\"800\" height=\"98\" srcset=\"https:\/\/i0.wp.com\/politicosaldesnudo.com.mx\/wp-content\/uploads\/2024\/03\/FIRMA-EDITORIAL-PD-5.jpg?w=1024&amp;ssl=1 1024w, https:\/\/i0.wp.com\/politicosaldesnudo.com.mx\/wp-content\/uploads\/2024\/03\/FIRMA-EDITORIAL-PD-5.jpg?resize=300%2C37&amp;ssl=1 300w, https:\/\/i0.wp.com\/politicosaldesnudo.com.mx\/wp-content\/uploads\/2024\/03\/FIRMA-EDITORIAL-PD-5.jpg?resize=768%2C94&amp;ssl=1 768w\" sizes=\"auto, (max-width: 800px) 100vw, 800px\" \/><\/p>\n","protected":false},"excerpt":{"rendered":"<p>ALMA GRANDE Por \u00c1ngel \u00c1lvaro Pe\u00f1a Miroslava Breach fue asesinada un 23 de marzo de 2017. Siete a\u00f1os despu\u00e9s, los<\/p>\n","protected":false},"author":4,"featured_media":15807,"comment_status":"closed","ping_status":"closed","sticky":false,"template":"","format":"standard","meta":{"colormag_page_container_layout":"default_layout","colormag_page_sidebar_layout":"default_layout","_jetpack_memberships_contains_paid_content":false,"footnotes":"","jetpack_publicize_message":"","jetpack_publicize_feature_enabled":true,"jetpack_social_post_already_shared":false,"jetpack_social_options":{"image_generator_settings":{"template":"highway","default_image_id":0,"font":"","enabled":false},"version":2}},"categories":[26],"tags":[],"class_list":["post-34147","post","type-post","status-publish","format-standard","has-post-thumbnail","hentry","category-columnistas"],"jetpack_publicize_connections":[],"jetpack_featured_media_url":"https:\/\/i0.wp.com\/politicosaldesnudo.com.mx\/wp-content\/uploads\/2023\/02\/ANGEL-ALVARO-PENA1.webp?fit=800%2C445&ssl=1","jetpack-related-posts":[],"jetpack_sharing_enabled":true,"_links":{"self":[{"href":"https:\/\/politicosaldesnudo.com.mx\/index.php\/wp-json\/wp\/v2\/posts\/34147","targetHints":{"allow":["GET"]}}],"collection":[{"href":"https:\/\/politicosaldesnudo.com.mx\/index.php\/wp-json\/wp\/v2\/posts"}],"about":[{"href":"https:\/\/politicosaldesnudo.com.mx\/index.php\/wp-json\/wp\/v2\/types\/post"}],"author":[{"embeddable":true,"href":"https:\/\/politicosaldesnudo.com.mx\/index.php\/wp-json\/wp\/v2\/users\/4"}],"replies":[{"embeddable":true,"href":"https:\/\/politicosaldesnudo.com.mx\/index.php\/wp-json\/wp\/v2\/comments?post=34147"}],"version-history":[{"count":0,"href":"https:\/\/politicosaldesnudo.com.mx\/index.php\/wp-json\/wp\/v2\/posts\/34147\/revisions"}],"wp:featuredmedia":[{"embeddable":true,"href":"https:\/\/politicosaldesnudo.com.mx\/index.php\/wp-json\/wp\/v2\/media\/15807"}],"wp:attachment":[{"href":"https:\/\/politicosaldesnudo.com.mx\/index.php\/wp-json\/wp\/v2\/media?parent=34147"}],"wp:term":[{"taxonomy":"category","embeddable":true,"href":"https:\/\/politicosaldesnudo.com.mx\/index.php\/wp-json\/wp\/v2\/categories?post=34147"},{"taxonomy":"post_tag","embeddable":true,"href":"https:\/\/politicosaldesnudo.com.mx\/index.php\/wp-json\/wp\/v2\/tags?post=34147"}],"curies":[{"name":"wp","href":"https:\/\/api.w.org\/{rel}","templated":true}]}}