{"id":34525,"date":"2024-04-05T00:24:00","date_gmt":"2024-04-05T06:24:00","guid":{"rendered":"https:\/\/politicosaldesnudo.com.mx\/?p=34525"},"modified":"2024-04-05T00:24:00","modified_gmt":"2024-04-05T06:24:00","slug":"calles-del-centro-lucieron-limpias","status":"publish","type":"post","link":"https:\/\/politicosaldesnudo.com.mx\/index.php\/2024\/04\/05\/calles-del-centro-lucieron-limpias\/","title":{"rendered":"Calles del centro lucieron limpias"},"content":{"rendered":"<p><span style=\"font-size: 14pt;\">Tuxpan.- En este primer periodo vacacional del a\u00f1o, se ten\u00eda esperado una gran acumulaci\u00f3n de basura en los hogares de los tuxpe\u00f1os debido al puente vacacional que se present\u00f3 por la Cuaresma, as\u00ed como las vacaciones de muchos estudiantes. Asimismo, se esperaba una gran acumulaci\u00f3n de basura en calles de la ciudad.<\/span><\/p>\n<p><span style=\"font-size: 14pt;\">Pero, a diferencia de otras ocasiones, el puerto de Tuxpan en sus colonias y sus calles, mantuvieron una poca acumulaci\u00f3n de basura, gracias a los ciudadanos y cierta manera a Limpia Publica, que lo \u00fanico que modific\u00f3 fueron los horarios, pero cumpli\u00f3 en la mayor\u00eda de las zonas.<\/span><\/p>\n<p><span style=\"font-size: 14pt;\">Cabe recalcar que en el mes de febrero durante las festividades del Amor y la Amistad muchas de las calles, principalmente de la zona centro se encontraban con basura del d\u00eda anterior de la festividad, debido a que muchos ciudadanos no manten\u00edan una higiene adecuada.<\/span><\/p>\n<p><span style=\"font-size: 14pt;\">En ese periodo vacacional las calles de Tuxpan se encontraron en buenas condiciones de limpieza, dando excelente vista a los turistas.<\/span><\/p>\n<p><span style=\"font-size: 14pt;\">Se espera que las cosas sigan as\u00ed, y que la direcci\u00f3n de Limpia P\u00fablica siga cumpliendo con su trabajo diario en las diversas rutas establecidas en el municipio para las unidades recolectoras.<\/span><\/p>\n","protected":false},"excerpt":{"rendered":"<p>Tuxpan.- En este primer periodo vacacional del a\u00f1o, se ten\u00eda esperado una gran acumulaci\u00f3n de basura en los hogares de<\/p>\n","protected":false},"author":4,"featured_media":34526,"comment_status":"closed","ping_status":"closed","sticky":false,"template":"","format":"standard","meta":{"colormag_page_container_layout":"default_layout","colormag_page_sidebar_layout":"default_layout","_jetpack_memberships_contains_paid_content":false,"footnotes":"","jetpack_publicize_message":"","jetpack_publicize_feature_enabled":true,"jetpack_social_post_already_shared":false,"jetpack_social_options":{"image_generator_settings":{"template":"highway","default_image_id":0,"font":"","enabled":false},"version":2}},"categories":[1082],"tags":[],"class_list":["post-34525","post","type-post","status-publish","format-standard","has-post-thumbnail","hentry","category-tuxpan"],"jetpack_publicize_connections":[],"jetpack_featured_media_url":"https:\/\/i0.wp.com\/politicosaldesnudo.com.mx\/wp-content\/uploads\/2024\/04\/3c.jpg?fit=1500%2C1125&ssl=1","jetpack-related-posts":[],"jetpack_sharing_enabled":true,"_links":{"self":[{"href":"https:\/\/politicosaldesnudo.com.mx\/index.php\/wp-json\/wp\/v2\/posts\/34525","targetHints":{"allow":["GET"]}}],"collection":[{"href":"https:\/\/politicosaldesnudo.com.mx\/index.php\/wp-json\/wp\/v2\/posts"}],"about":[{"href":"https:\/\/politicosaldesnudo.com.mx\/index.php\/wp-json\/wp\/v2\/types\/post"}],"author":[{"embeddable":true,"href":"https:\/\/politicosaldesnudo.com.mx\/index.php\/wp-json\/wp\/v2\/users\/4"}],"replies":[{"embeddable":true,"href":"https:\/\/politicosaldesnudo.com.mx\/index.php\/wp-json\/wp\/v2\/comments?post=34525"}],"version-history":[{"count":0,"href":"https:\/\/politicosaldesnudo.com.mx\/index.php\/wp-json\/wp\/v2\/posts\/34525\/revisions"}],"wp:featuredmedia":[{"embeddable":true,"href":"https:\/\/politicosaldesnudo.com.mx\/index.php\/wp-json\/wp\/v2\/media\/34526"}],"wp:attachment":[{"href":"https:\/\/politicosaldesnudo.com.mx\/index.php\/wp-json\/wp\/v2\/media?parent=34525"}],"wp:term":[{"taxonomy":"category","embeddable":true,"href":"https:\/\/politicosaldesnudo.com.mx\/index.php\/wp-json\/wp\/v2\/categories?post=34525"},{"taxonomy":"post_tag","embeddable":true,"href":"https:\/\/politicosaldesnudo.com.mx\/index.php\/wp-json\/wp\/v2\/tags?post=34525"}],"curies":[{"name":"wp","href":"https:\/\/api.w.org\/{rel}","templated":true}]}}