{"id":34532,"date":"2024-04-05T00:26:56","date_gmt":"2024-04-05T06:26:56","guid":{"rendered":"https:\/\/politicosaldesnudo.com.mx\/?p=34532"},"modified":"2024-04-05T00:26:56","modified_gmt":"2024-04-05T06:26:56","slug":"debates-seran-inclusivos","status":"publish","type":"post","link":"https:\/\/politicosaldesnudo.com.mx\/index.php\/2024\/04\/05\/debates-seran-inclusivos\/","title":{"rendered":"Debates ser\u00e1n inclusivos"},"content":{"rendered":"<p><span style=\"font-size: 14pt;\">Xalapa.- El consejero del Organismo P\u00fablico Local Electoral, titular de la Comisi\u00f3n de Debates, Roberto L\u00f3pez P\u00e9rez dijo que se tiene un importante avance en el tema de los dos debates que se llevar\u00e1n a cabo en la elecci\u00f3n a la gubernatura del estado, entre Roc\u00edo Nahle Garc\u00eda de \u201cSigamos Haciendo Historia\u201d, Jos\u00e9 Yunes Zorrilla de \u201cFuerza y Coraz\u00f3n por Veracruz\u201d e Hip\u00f3lito Deschamps de Movimiento Ciudadano.<\/span><\/p>\n<p><span style=\"font-size: 14pt;\">El integrante del Consejo General del OPLE record\u00f3 que hace unos d\u00edas se aprob\u00f3 la metodolog\u00eda de los ejercicios democr\u00e1ticos que se llevar\u00e1n a cabo, el primero el 27 de abril en el Museo de Antropolog\u00eda de Xalapa a las 6 de la tarde y el segundo el 12 de mayo en el World Trade Center de Boca del R\u00edo a las 6 de la tarde tambi\u00e9n.<\/span><\/p>\n<p><span style=\"font-size: 14pt;\">Destac\u00f3 que ambos debates ser\u00e1n transmitidos de manera simult\u00e1nea en tres lenguas originarias, N\u00e1huatl, Huasteco y Totonaco, as\u00ed como en lenguaje de se\u00f1as mexicanas, a fin de garantizar el car\u00e1cter de inclusi\u00f3n.<\/span><\/p>\n<p><span style=\"font-size: 14pt;\">\u201cUn tercer aspecto que vamos a atender, es que se apuesta a un formato flexible, una mayor interacci\u00f3n, un contraste de ideas y propuestas, que cautive al p\u00fablico, recordando que los debates sirven como herramientas para que la ciudadan\u00eda salga a votar de manera pensada y razonada\u201d.<\/span><\/p>\n<p><span style=\"font-size: 14pt;\">Estos ejercicios tendr\u00e1n una duraci\u00f3n de dos horas y estar\u00e1n moderados, el primero por los periodistas Leonardo Curzio y Eirinet G\u00f3mez L\u00f3pez; el segundo por Javier Solorzano y Mitzi Cordero.<\/span><\/p>\n","protected":false},"excerpt":{"rendered":"<p>Xalapa.- El consejero del Organismo P\u00fablico Local Electoral, titular de la Comisi\u00f3n de Debates, Roberto L\u00f3pez P\u00e9rez dijo que se<\/p>\n","protected":false},"author":4,"featured_media":34533,"comment_status":"closed","ping_status":"closed","sticky":false,"template":"","format":"standard","meta":{"colormag_page_container_layout":"default_layout","colormag_page_sidebar_layout":"default_layout","_jetpack_memberships_contains_paid_content":false,"footnotes":"","jetpack_publicize_message":"","jetpack_publicize_feature_enabled":true,"jetpack_social_post_already_shared":false,"jetpack_social_options":{"image_generator_settings":{"template":"highway","default_image_id":0,"font":"","enabled":false},"version":2}},"categories":[30],"tags":[],"class_list":["post-34532","post","type-post","status-publish","format-standard","has-post-thumbnail","hentry","category-estados"],"jetpack_publicize_connections":[],"jetpack_featured_media_url":"https:\/\/i0.wp.com\/politicosaldesnudo.com.mx\/wp-content\/uploads\/2024\/04\/9a-1.jpg?fit=1600%2C900&ssl=1","jetpack-related-posts":[],"jetpack_sharing_enabled":true,"_links":{"self":[{"href":"https:\/\/politicosaldesnudo.com.mx\/index.php\/wp-json\/wp\/v2\/posts\/34532","targetHints":{"allow":["GET"]}}],"collection":[{"href":"https:\/\/politicosaldesnudo.com.mx\/index.php\/wp-json\/wp\/v2\/posts"}],"about":[{"href":"https:\/\/politicosaldesnudo.com.mx\/index.php\/wp-json\/wp\/v2\/types\/post"}],"author":[{"embeddable":true,"href":"https:\/\/politicosaldesnudo.com.mx\/index.php\/wp-json\/wp\/v2\/users\/4"}],"replies":[{"embeddable":true,"href":"https:\/\/politicosaldesnudo.com.mx\/index.php\/wp-json\/wp\/v2\/comments?post=34532"}],"version-history":[{"count":0,"href":"https:\/\/politicosaldesnudo.com.mx\/index.php\/wp-json\/wp\/v2\/posts\/34532\/revisions"}],"wp:featuredmedia":[{"embeddable":true,"href":"https:\/\/politicosaldesnudo.com.mx\/index.php\/wp-json\/wp\/v2\/media\/34533"}],"wp:attachment":[{"href":"https:\/\/politicosaldesnudo.com.mx\/index.php\/wp-json\/wp\/v2\/media?parent=34532"}],"wp:term":[{"taxonomy":"category","embeddable":true,"href":"https:\/\/politicosaldesnudo.com.mx\/index.php\/wp-json\/wp\/v2\/categories?post=34532"},{"taxonomy":"post_tag","embeddable":true,"href":"https:\/\/politicosaldesnudo.com.mx\/index.php\/wp-json\/wp\/v2\/tags?post=34532"}],"curies":[{"name":"wp","href":"https:\/\/api.w.org\/{rel}","templated":true}]}}