{"id":34625,"date":"2024-04-06T01:03:38","date_gmt":"2024-04-06T07:03:38","guid":{"rendered":"https:\/\/politicosaldesnudo.com.mx\/?p=34625"},"modified":"2024-04-06T01:03:38","modified_gmt":"2024-04-06T07:03:38","slug":"rompe-mexico-relaciones-diplomaticas-con-ecuador","status":"publish","type":"post","link":"https:\/\/politicosaldesnudo.com.mx\/index.php\/2024\/04\/06\/rompe-mexico-relaciones-diplomaticas-con-ecuador\/","title":{"rendered":"Rompe M\u00e9xico relaciones diplom\u00e1ticas con Ecuador"},"content":{"rendered":"<p class=\"western\"><span style=\"font-size: 14pt;\">La secretaria de Relaciones Exteriores, Alicia B\u00e1rcena, anunci\u00f3 esta noche \u201cel inmediato rompimiento de relaciones diplom\u00e1ticas con Ecuador\u201d, ello luego de que polic\u00edas ecuatorianos entraron por la fuerza a la embajada de M\u00e9xico en Quito y se llevaron detenido al ex vicepresidente de ese pa\u00eds, Jorge Glas.<\/span><\/p>\n<p class=\"western\"><span style=\"font-size: 14pt;\">En redes sociales destac\u00f3: En consultas con el presidente Andr\u00e9s Manuel L\u00f3pez Obrador, \u201cante la flagrante violaci\u00f3n de la Convenci\u00f3n de Viena sobre Relaciones Diplom\u00e1ticas y las lesiones sufridas por el personal diplom\u00e1tico mexicano en Ecuador, M\u00e9xico anuncia el inmediato rompimiento de relaciones diplom\u00e1ticas con Ecuador\u201d.<\/span><\/p>\n<p class=\"western\"><span style=\"font-size: 14pt;\">Asimismo, inform\u00f3 que M\u00e9xico recurrir\u00e1 a la Corte Internacional de Justicia \u201cpara denunciar la responsabilidad de Ecuador por violaciones al Derecho Internacional\u201d.<\/span><\/p>\n<p><span style=\"font-size: 14pt;\">En tanto en un mensaje aparte, la dependencia federal se\u00f1al\u00f3 que el personal diplom\u00e1tico de M\u00e9xico en Ecuador abandonar\u00e1 ese pa\u00eds de inmediato.<\/span><\/p>\n<p class=\"western\"><span style=\"font-size: 14pt;\">\u201cM\u00e9xico espera que Ecuador ofrezca las garant\u00edas necesarias para el abandono del personal mexicano\u201d, expuso.<\/span><\/p>\n<p class=\"western\"><span style=\"font-size: 14pt;\">Previamente el presidente L\u00f3pez Obrador afirm\u00f3 que la irrupci\u00f3n \u201ces una violaci\u00f3n flagrante al derecho internacional y a la soberan\u00eda de M\u00e9xico\u201d, por lo que pidi\u00f3 a la Secretar\u00eda de Relaciones Exteriores (SRE) que \u201cde inmediato declare la suspensi\u00f3n de relaciones diplom\u00e1ticas\u201d con el gobierno ecuatoriano.<\/span><\/p>\n","protected":false},"excerpt":{"rendered":"<p>La secretaria de Relaciones Exteriores, Alicia B\u00e1rcena, anunci\u00f3 esta noche \u201cel inmediato rompimiento de relaciones diplom\u00e1ticas con Ecuador\u201d, ello luego<\/p>\n","protected":false},"author":4,"featured_media":34626,"comment_status":"closed","ping_status":"closed","sticky":false,"template":"","format":"standard","meta":{"colormag_page_container_layout":"default_layout","colormag_page_sidebar_layout":"default_layout","_jetpack_memberships_contains_paid_content":false,"footnotes":"","jetpack_publicize_message":"","jetpack_publicize_feature_enabled":true,"jetpack_social_post_already_shared":false,"jetpack_social_options":{"image_generator_settings":{"template":"highway","default_image_id":0,"font":"","enabled":false},"version":2}},"categories":[33],"tags":[],"class_list":["post-34625","post","type-post","status-publish","format-standard","has-post-thumbnail","hentry","category-nacional"],"jetpack_publicize_connections":[],"jetpack_featured_media_url":"https:\/\/i0.wp.com\/politicosaldesnudo.com.mx\/wp-content\/uploads\/2024\/04\/ecuador-embajada-mexico-irrupcion-3-231655-1024x576-1.jpg?fit=1024%2C576&ssl=1","jetpack-related-posts":[],"jetpack_sharing_enabled":true,"_links":{"self":[{"href":"https:\/\/politicosaldesnudo.com.mx\/index.php\/wp-json\/wp\/v2\/posts\/34625","targetHints":{"allow":["GET"]}}],"collection":[{"href":"https:\/\/politicosaldesnudo.com.mx\/index.php\/wp-json\/wp\/v2\/posts"}],"about":[{"href":"https:\/\/politicosaldesnudo.com.mx\/index.php\/wp-json\/wp\/v2\/types\/post"}],"author":[{"embeddable":true,"href":"https:\/\/politicosaldesnudo.com.mx\/index.php\/wp-json\/wp\/v2\/users\/4"}],"replies":[{"embeddable":true,"href":"https:\/\/politicosaldesnudo.com.mx\/index.php\/wp-json\/wp\/v2\/comments?post=34625"}],"version-history":[{"count":0,"href":"https:\/\/politicosaldesnudo.com.mx\/index.php\/wp-json\/wp\/v2\/posts\/34625\/revisions"}],"wp:featuredmedia":[{"embeddable":true,"href":"https:\/\/politicosaldesnudo.com.mx\/index.php\/wp-json\/wp\/v2\/media\/34626"}],"wp:attachment":[{"href":"https:\/\/politicosaldesnudo.com.mx\/index.php\/wp-json\/wp\/v2\/media?parent=34625"}],"wp:term":[{"taxonomy":"category","embeddable":true,"href":"https:\/\/politicosaldesnudo.com.mx\/index.php\/wp-json\/wp\/v2\/categories?post=34625"},{"taxonomy":"post_tag","embeddable":true,"href":"https:\/\/politicosaldesnudo.com.mx\/index.php\/wp-json\/wp\/v2\/tags?post=34625"}],"curies":[{"name":"wp","href":"https:\/\/api.w.org\/{rel}","templated":true}]}}