{"id":34681,"date":"2024-04-08T01:50:35","date_gmt":"2024-04-08T06:50:35","guid":{"rendered":"https:\/\/politicosaldesnudo.com.mx\/?p=34681"},"modified":"2024-04-08T01:50:35","modified_gmt":"2024-04-08T06:50:35","slug":"acoso-a-guanajuato","status":"publish","type":"post","link":"https:\/\/politicosaldesnudo.com.mx\/index.php\/2024\/04\/08\/acoso-a-guanajuato\/","title":{"rendered":"Acoso a Guanajuato"},"content":{"rendered":"<p><span style=\"font-size: 14pt;\"><strong>Por Ricardo Homs<\/strong><\/span><\/p>\n<p><span style=\"font-size: 14pt;\">El presidente L\u00f3pez Obrador y su partido MORENA est\u00e1n capitalizando el asesinato de la candidata morenista a la alcald\u00eda de Celaya, Gisela Gayt\u00e1n.<\/span><\/p>\n<p><span style=\"font-size: 14pt;\">El presidente reiteradamente habla de la violencia criminal en Guanajuato y distrae la atenci\u00f3n sobre la violencia en Guerrero, Michoac\u00e1n, Colima, algunas zonas del Estado de M\u00e9xico, Chiapas y otros estados gobernados por MORENA<\/span><\/p>\n<p><span style=\"font-size: 14pt;\">Sin embargo, en el ranking mundial del a\u00f1o 2023, -est\u00e1 asentado que de las 50 ciudades m\u00e1s violentas del mundo-, 16 son mexicanas. La ciudad de Colima es la ciudad m\u00e1s violenta del mundo, con una tasa de 140.32 homicidios por cada 100 mil habitantes. La segunda ciudad m\u00e1s violenta el mundo tambi\u00e9n es mexicana y ese lugar lo ocupa Ciudad Obreg\u00f3n, Sonora, con 117.83. Despu\u00e9s siguen Zamora, Michoac\u00e1n; Manzanillo, Colima; Tijuana, Baja California; Zacatecas, Zacatecas y \u00a0Ciudad Ju\u00e1rez, Chihuahua.<\/span><\/p>\n<p><span style=\"font-size: 14pt;\">La violencia no se mide en n\u00fameros absolutos, porque entonces los m\u00e1s poblados arrojar\u00edan los n\u00fameros mayores. Por eso existe este \u00edndice mundialmente aceptado.<\/span><\/p>\n<p><span style=\"font-size: 14pt;\">Sin embargo, hay una campa\u00f1a desde la 4T en contra de este estado, -Guanajuato-, que si bien \u00faltimamente ha estado asolado por la delincuencia en varias de sus ciudades, el presidente lo ha estado magnificando en sus \u201cma\u00f1aneras\u201d.<\/span><\/p>\n<p><span style=\"font-size: 14pt;\">El acoso en contra de Guanajuato se debe a que est\u00e1 gobernado por la oposici\u00f3n a trav\u00e9s de un mandatario panista y este estado se encuentra actualmente en campa\u00f1a electoral para la renovaci\u00f3n de la gubernatura.<\/span><\/p>\n<p><span style=\"font-size: 14pt;\">El reto que pretende el presidente es convencer a los electores guanajuatenses que su estado est\u00e1 viviendo una crisis de inseguridad y necesitan darle la oportunidad a Morena para resolverla.<\/span><\/p>\n<p><span style=\"font-size: 14pt;\">Lamentablemente el insensible candidato morenista al senado, -Ricardo Sheffield-, ha estado capitalizando la tr\u00e1gica muerte de la candidata a la alcald\u00eda de Celaya, Gisela Gayt\u00e1n para hacer campa\u00f1a a favor de su candidatura y de MORENA en lo general.<\/span><\/p>\n<p><span style=\"font-size: 14pt;\">El asesinato de la candidata Gayt\u00e1n cay\u00f3 inexplicablemente como \u201canillo al dedo\u201d para culpar al gobierno de Diego Sinhu\u00e9 Rodr\u00edguez de incapacidad para gobernar y brindar seguridad a los guanajuatenses.<\/span><\/p>\n<p><span style=\"font-size: 14pt;\">Sin embargo, lo m\u00e1s reprobable es que el gobierno federal, -para ridiculizar al gobierno panista-, haya abandonado a Guanajuato, dej\u00e1ndolo a merced de la delincuencia, sin darle la atenci\u00f3n que s\u00ed le da a otros estados gobernados por MORENA.<\/span><\/p>\n<p><span style=\"font-size: 14pt;\">La superficialidad con que el Gobierno de la 4T\u00a0 juega con circunstancias de las que depende la vida o la muerte de los ciudadanos, exhibe que todo tiene sustento en razones pol\u00edticas y electorales.<\/span><\/p>\n<p><span style=\"font-size: 14pt;\">La forma en que se ha descobijado las necesidades de los ciudadanos simplemente por ahorrarse dinero de programas b\u00e1sicos como salud, seguridad y educaci\u00f3n define bien las verdaderas prioridades.<\/span><\/p>\n<p><span style=\"font-size: 14pt;\">Cuesta trabajo creer que las instituciones del Estado Mexicano que tienen capacidad de respuesta frente a la delincuencia organizada, como son las Fuerzas Armadas y la Guardia Nacional, que poseen superioridad num\u00e9rica, experiencia y conocimientos militares, armamento y sobre todo sistemas de inteligencia, sean incapaces de pacificar al pa\u00eds y evitar la violencia desmedida que consume varias regiones de M\u00e9xico, que hoy est\u00e1n gobernadas totalmente por el crimen organizado.<\/span><\/p>\n<p><span style=\"font-size: 14pt;\">La \u00fanica posibilidad es que por alguna extra\u00f1a raz\u00f3n no haya voluntad pol\u00edtica en Palacio Nacional para hacerlo.<\/span><\/p>\n<p><span style=\"font-size: 14pt;\">El abandono de Guanajuato, -para dejarlo sumirse en una crisis de violencia criminal, a\u00fan y con el alto costo en vidas humanas que esto significa-, muestra la perversidad de los intereses pol\u00edticos, que hoy est\u00e1n por encima del m\u00e1s elemental sentido humanitario, que debiera ser la protecci\u00f3n de la vida humana y de la integridad f\u00edsica y patrimonial de los mexicanos.<\/span><\/p>\n<p><span style=\"font-size: 14pt;\">\u00bfA usted qu\u00e9 le parece?<\/span><\/p>\n<p><img data-recalc-dims=\"1\" loading=\"lazy\" decoding=\"async\" class=\"aligncenter size-full wp-image-34675\" src=\"https:\/\/i0.wp.com\/politicosaldesnudo.com.mx\/wp-content\/uploads\/2024\/04\/FIRMA-EDITORIAL-PD-1.jpg?resize=800%2C98&#038;ssl=1\" alt=\"\" width=\"800\" height=\"98\" srcset=\"https:\/\/i0.wp.com\/politicosaldesnudo.com.mx\/wp-content\/uploads\/2024\/04\/FIRMA-EDITORIAL-PD-1.jpg?w=1024&amp;ssl=1 1024w, https:\/\/i0.wp.com\/politicosaldesnudo.com.mx\/wp-content\/uploads\/2024\/04\/FIRMA-EDITORIAL-PD-1.jpg?resize=300%2C37&amp;ssl=1 300w, https:\/\/i0.wp.com\/politicosaldesnudo.com.mx\/wp-content\/uploads\/2024\/04\/FIRMA-EDITORIAL-PD-1.jpg?resize=768%2C94&amp;ssl=1 768w\" sizes=\"auto, (max-width: 800px) 100vw, 800px\" \/><\/p>\n","protected":false},"excerpt":{"rendered":"<p>Por Ricardo Homs El presidente L\u00f3pez Obrador y su partido MORENA est\u00e1n capitalizando el asesinato de la candidata morenista a<\/p>\n","protected":false},"author":4,"featured_media":26269,"comment_status":"closed","ping_status":"closed","sticky":false,"template":"","format":"standard","meta":{"colormag_page_container_layout":"default_layout","colormag_page_sidebar_layout":"default_layout","_jetpack_memberships_contains_paid_content":false,"footnotes":"","jetpack_publicize_message":"","jetpack_publicize_feature_enabled":true,"jetpack_social_post_already_shared":false,"jetpack_social_options":{"image_generator_settings":{"template":"highway","default_image_id":0,"font":"","enabled":false},"version":2}},"categories":[26],"tags":[],"class_list":["post-34681","post","type-post","status-publish","format-standard","has-post-thumbnail","hentry","category-columnistas"],"jetpack_publicize_connections":[],"jetpack_featured_media_url":"https:\/\/i0.wp.com\/politicosaldesnudo.com.mx\/wp-content\/uploads\/2023\/11\/BANNER-homs.jpg?fit=800%2C445&ssl=1","jetpack-related-posts":[],"jetpack_sharing_enabled":true,"_links":{"self":[{"href":"https:\/\/politicosaldesnudo.com.mx\/index.php\/wp-json\/wp\/v2\/posts\/34681","targetHints":{"allow":["GET"]}}],"collection":[{"href":"https:\/\/politicosaldesnudo.com.mx\/index.php\/wp-json\/wp\/v2\/posts"}],"about":[{"href":"https:\/\/politicosaldesnudo.com.mx\/index.php\/wp-json\/wp\/v2\/types\/post"}],"author":[{"embeddable":true,"href":"https:\/\/politicosaldesnudo.com.mx\/index.php\/wp-json\/wp\/v2\/users\/4"}],"replies":[{"embeddable":true,"href":"https:\/\/politicosaldesnudo.com.mx\/index.php\/wp-json\/wp\/v2\/comments?post=34681"}],"version-history":[{"count":0,"href":"https:\/\/politicosaldesnudo.com.mx\/index.php\/wp-json\/wp\/v2\/posts\/34681\/revisions"}],"wp:featuredmedia":[{"embeddable":true,"href":"https:\/\/politicosaldesnudo.com.mx\/index.php\/wp-json\/wp\/v2\/media\/26269"}],"wp:attachment":[{"href":"https:\/\/politicosaldesnudo.com.mx\/index.php\/wp-json\/wp\/v2\/media?parent=34681"}],"wp:term":[{"taxonomy":"category","embeddable":true,"href":"https:\/\/politicosaldesnudo.com.mx\/index.php\/wp-json\/wp\/v2\/categories?post=34681"},{"taxonomy":"post_tag","embeddable":true,"href":"https:\/\/politicosaldesnudo.com.mx\/index.php\/wp-json\/wp\/v2\/tags?post=34681"}],"curies":[{"name":"wp","href":"https:\/\/api.w.org\/{rel}","templated":true}]}}