{"id":34777,"date":"2024-04-09T08:44:21","date_gmt":"2024-04-09T13:44:21","guid":{"rendered":"https:\/\/politicosaldesnudo.com.mx\/?p=34777"},"modified":"2024-04-09T08:44:21","modified_gmt":"2024-04-09T13:44:21","slug":"destaca-veracruz-en-crecimiento-industrial","status":"publish","type":"post","link":"https:\/\/politicosaldesnudo.com.mx\/index.php\/2024\/04\/09\/destaca-veracruz-en-crecimiento-industrial\/","title":{"rendered":"Destaca Veracruz en crecimiento industrial"},"content":{"rendered":"<p><span style=\"font-size: 14pt;\">Xalapa.- Seg\u00fan datos del Indicador Mensual de la Actividad Industrial por Entidad Federativa (IMAIEF) del Instituto Nacional de Estad\u00edstica y Geograf\u00eda (INEGI), Veracruz registr\u00f3 uno de los tres crecimientos mensuales m\u00e1s pronunciados en su actividad industrial en t\u00e9rminos reales.<\/span><\/p>\n<p><span style=\"font-size: 14pt;\">El estudio que proporciona informaci\u00f3n de corto plazo y analiza el comportamiento de las actividades secundarias, detall\u00f3 que la evaluaci\u00f3n registra 4.0 puntos, con una variaci\u00f3n porcentual respecto a noviembre de 2023, superado solamente por Baja California Sur con 5.8 y Tabasco con 7.3 (https:\/\/acortar.link\/VNWgYO).<\/span><\/p>\n<p><span style=\"font-size: 14pt;\">En ese sentido, en el \u00faltimo mes de 2023, la tasa anual y con series desestacionalizadas determin\u00f3 que los estados cuyos ascensos fueron m\u00e1s significativos en producci\u00f3n industrial fueron Quintana Roo, Aguascalientes, Chiapas, Veracruz, Yucat\u00e1n y Campeche. Del mismo modo, Veracruz report\u00f3 los avances m\u00e1s altos en industrias manufactureras.<\/span><\/p>\n<p><span style=\"font-size: 14pt;\">Cabe mencionar que el IMAIEF considera encuestas econ\u00f3micas, la Estad\u00edstica de la Industria Minerometal\u00fargica, los registros administrativos y los datos primarios que divulga el INEGI, mientras que, respecto a las actividades petroleras, de energ\u00eda, gas y agua, incluye los registros administrativos provenientes de las empresas y Unidades del Estado lo que garantiza una cobertura importante.<\/span><\/p>\n","protected":false},"excerpt":{"rendered":"<p>Xalapa.- Seg\u00fan datos del Indicador Mensual de la Actividad Industrial por Entidad Federativa (IMAIEF) del Instituto Nacional de Estad\u00edstica y<\/p>\n","protected":false},"author":4,"featured_media":34778,"comment_status":"closed","ping_status":"closed","sticky":false,"template":"","format":"standard","meta":{"colormag_page_container_layout":"default_layout","colormag_page_sidebar_layout":"default_layout","_jetpack_memberships_contains_paid_content":false,"footnotes":"","jetpack_publicize_message":"","jetpack_publicize_feature_enabled":true,"jetpack_social_post_already_shared":false,"jetpack_social_options":{"image_generator_settings":{"template":"highway","default_image_id":0,"font":"","enabled":false},"version":2}},"categories":[30],"tags":[],"class_list":["post-34777","post","type-post","status-publish","format-standard","has-post-thumbnail","hentry","category-estados"],"jetpack_publicize_connections":[],"jetpack_featured_media_url":"https:\/\/i0.wp.com\/politicosaldesnudo.com.mx\/wp-content\/uploads\/2024\/04\/8c.jpg?fit=1170%2C700&ssl=1","jetpack-related-posts":[],"jetpack_sharing_enabled":true,"_links":{"self":[{"href":"https:\/\/politicosaldesnudo.com.mx\/index.php\/wp-json\/wp\/v2\/posts\/34777","targetHints":{"allow":["GET"]}}],"collection":[{"href":"https:\/\/politicosaldesnudo.com.mx\/index.php\/wp-json\/wp\/v2\/posts"}],"about":[{"href":"https:\/\/politicosaldesnudo.com.mx\/index.php\/wp-json\/wp\/v2\/types\/post"}],"author":[{"embeddable":true,"href":"https:\/\/politicosaldesnudo.com.mx\/index.php\/wp-json\/wp\/v2\/users\/4"}],"replies":[{"embeddable":true,"href":"https:\/\/politicosaldesnudo.com.mx\/index.php\/wp-json\/wp\/v2\/comments?post=34777"}],"version-history":[{"count":0,"href":"https:\/\/politicosaldesnudo.com.mx\/index.php\/wp-json\/wp\/v2\/posts\/34777\/revisions"}],"wp:featuredmedia":[{"embeddable":true,"href":"https:\/\/politicosaldesnudo.com.mx\/index.php\/wp-json\/wp\/v2\/media\/34778"}],"wp:attachment":[{"href":"https:\/\/politicosaldesnudo.com.mx\/index.php\/wp-json\/wp\/v2\/media?parent=34777"}],"wp:term":[{"taxonomy":"category","embeddable":true,"href":"https:\/\/politicosaldesnudo.com.mx\/index.php\/wp-json\/wp\/v2\/categories?post=34777"},{"taxonomy":"post_tag","embeddable":true,"href":"https:\/\/politicosaldesnudo.com.mx\/index.php\/wp-json\/wp\/v2\/tags?post=34777"}],"curies":[{"name":"wp","href":"https:\/\/api.w.org\/{rel}","templated":true}]}}