{"id":34861,"date":"2024-04-10T09:02:07","date_gmt":"2024-04-10T14:02:07","guid":{"rendered":"https:\/\/politicosaldesnudo.com.mx\/?p=34861"},"modified":"2024-04-10T09:02:07","modified_gmt":"2024-04-10T14:02:07","slug":"lula-expresa-apoyo-a-amlo","status":"publish","type":"post","link":"https:\/\/politicosaldesnudo.com.mx\/index.php\/2024\/04\/10\/lula-expresa-apoyo-a-amlo\/","title":{"rendered":"Lula expresa apoyo a AMLO"},"content":{"rendered":"<div id=\"article-content-tts\" class=\"nota-contenido mb-5\">\n<div id=\"content_nitf\">\n<p><span style=\"font-size: 14pt;\">Con el objeto de expresarle la solidaridad del pueblo y gobierno de Brasil por el reciente asalto de la embajada de M\u00e9xico en Ecuador, el presidentebrasile\u00f1o, Luis Inazio Lula da Silva convers\u00f3 telef\u00f3nicamente con su hom\u00f3logo mexicano Andr\u00e9s Manuel L\u00f3pez Obrador.\u00a0En respuesta el mandatario mexicano conden\u00f3 el ataque a la violaci\u00f3n al derecho internacional, mismo que si no se respeta vamos a vivir en un mundo de gorilas<\/span><\/p>\n<p><span style=\"font-size: 14pt;\">Lula incluso le coment\u00f3 su inter\u00e9s por venir a M\u00e9xico antes de que concluya este sexenio pero una vez que haya ocurrida la elecci\u00f3n para tener un encuentro con la nueva presidenta.<\/span><\/p>\n<p><span style=\"font-size: 14pt;\">Desde sus oficinas de Palacio Nacional, el mandatario mexicano ratific\u00f3 que lo sucedido fue \u201calgo totalmente violatorio de nuestra soberan\u00eda, del derecho internacional, es un acto autoritario por donde se le ve y va vamos a presentar la denuncia en el tribunal de justicia internacional para que esto, como tu lo mencionas, presidente Lula, no se repita, porque es realmente atroz.\u201d.<\/span><\/p>\n<p><span style=\"font-size: 14pt;\">A trav\u00e9s de sus redes sociales, L\u00f3pez Obrador difundi\u00f3 parte de esa conversaci\u00f3n en la que le agradeci\u00f3 a Lula su muestra de solidaridad ante la coyuntura que enfrenta M\u00e9xico con Ecuador. Con camarader\u00eda y cordialmente, Lula le expres\u00f3 su deseo de visitar el pa\u00eds para beber tequila y comer \u201cgrillos\u201d.<\/span><\/p>\n<p><span style=\"font-size: 14pt;\">\u201cChapulines, le precis\u00f3 L\u00f3pez Obrador quien le inform\u00f3 que los comicios en M\u00e9xico son el pr\u00f3ximo 2 de junio por lo que a partir de esa fecha y hasta finales de diciembre, \u201ccuando te lo permita tu agenda\u201d, le dijo a Lula, a quien le llam\u00f3 hermano.<\/span><\/p>\n<\/div>\n<\/div>\n","protected":false},"excerpt":{"rendered":"<p>Con el objeto de expresarle la solidaridad del pueblo y gobierno de Brasil por el reciente asalto de la embajada<\/p>\n","protected":false},"author":4,"featured_media":34862,"comment_status":"closed","ping_status":"closed","sticky":false,"template":"","format":"standard","meta":{"colormag_page_container_layout":"default_layout","colormag_page_sidebar_layout":"default_layout","_jetpack_memberships_contains_paid_content":false,"footnotes":"","jetpack_publicize_message":"","jetpack_publicize_feature_enabled":true,"jetpack_social_post_already_shared":false,"jetpack_social_options":{"image_generator_settings":{"template":"highway","default_image_id":0,"font":"","enabled":false},"version":2}},"categories":[28],"tags":[],"class_list":["post-34861","post","type-post","status-publish","format-standard","has-post-thumbnail","hentry","category-internacional"],"jetpack_publicize_connections":[],"jetpack_featured_media_url":"https:\/\/i0.wp.com\/politicosaldesnudo.com.mx\/wp-content\/uploads\/2024\/04\/f685x385-196830_234523_5050.jpg?fit=685%2C385&ssl=1","jetpack-related-posts":[],"jetpack_sharing_enabled":true,"_links":{"self":[{"href":"https:\/\/politicosaldesnudo.com.mx\/index.php\/wp-json\/wp\/v2\/posts\/34861","targetHints":{"allow":["GET"]}}],"collection":[{"href":"https:\/\/politicosaldesnudo.com.mx\/index.php\/wp-json\/wp\/v2\/posts"}],"about":[{"href":"https:\/\/politicosaldesnudo.com.mx\/index.php\/wp-json\/wp\/v2\/types\/post"}],"author":[{"embeddable":true,"href":"https:\/\/politicosaldesnudo.com.mx\/index.php\/wp-json\/wp\/v2\/users\/4"}],"replies":[{"embeddable":true,"href":"https:\/\/politicosaldesnudo.com.mx\/index.php\/wp-json\/wp\/v2\/comments?post=34861"}],"version-history":[{"count":0,"href":"https:\/\/politicosaldesnudo.com.mx\/index.php\/wp-json\/wp\/v2\/posts\/34861\/revisions"}],"wp:featuredmedia":[{"embeddable":true,"href":"https:\/\/politicosaldesnudo.com.mx\/index.php\/wp-json\/wp\/v2\/media\/34862"}],"wp:attachment":[{"href":"https:\/\/politicosaldesnudo.com.mx\/index.php\/wp-json\/wp\/v2\/media?parent=34861"}],"wp:term":[{"taxonomy":"category","embeddable":true,"href":"https:\/\/politicosaldesnudo.com.mx\/index.php\/wp-json\/wp\/v2\/categories?post=34861"},{"taxonomy":"post_tag","embeddable":true,"href":"https:\/\/politicosaldesnudo.com.mx\/index.php\/wp-json\/wp\/v2\/tags?post=34861"}],"curies":[{"name":"wp","href":"https:\/\/api.w.org\/{rel}","templated":true}]}}