{"id":34864,"date":"2024-04-10T09:05:22","date_gmt":"2024-04-10T14:05:22","guid":{"rendered":"https:\/\/politicosaldesnudo.com.mx\/?p=34864"},"modified":"2024-04-10T09:05:22","modified_gmt":"2024-04-10T14:05:22","slug":"agradece-canciller-a-candidatos-presidenciales-por-apoyo-en-caso-ecuador","status":"publish","type":"post","link":"https:\/\/politicosaldesnudo.com.mx\/index.php\/2024\/04\/10\/agradece-canciller-a-candidatos-presidenciales-por-apoyo-en-caso-ecuador\/","title":{"rendered":"Agradece canciller a candidatos presidenciales por apoyo en caso Ecuador"},"content":{"rendered":"<p><span style=\"font-size: 14pt;\">La canciller Alicia B\u00e1rcena agradeci\u00f3 este martes a las candidatas presidenciales Claudia Sheinbaum, y X\u00f3chitl G\u00e1lvez, as\u00ed como al candidato \u00c1lvarez Maynez, por la unidad mostrada por las fuerzas pol\u00edticas frente al atropello de Ecuador a la soberan\u00eda mexicana.<\/span><\/p>\n<p><span style=\"font-size: 14pt;\">En un primer mensaje, B\u00e1rcena expres\u00f3 su agradecimiento a Sheinbaum por el reconocimiento que la candidata de Morena hizo a la labor del presidente Andr\u00e9s Manuel L\u00f3pez Obrador y al cuerpo diplom\u00e1tico de M\u00e9xico en Ecuador por su actuaci\u00f3n ante el asalto de la polic\u00eda ecuatoriana a la embajada mexicana en Quito.<\/span><\/p>\n<p><span style=\"font-size: 14pt;\">\u201cGracias @Claudiashein por su reconocimiento al liderazgo del presidente @lopezobrador_ y al equipo de la canciller\u00eda y del servicio exterior que defendi\u00f3 nuestra embajada. Desde @SRE_mx que me enorgullece dirigir lo hacemos por amor a M\u00e9xico y como usted dice \u00abpor amor al pueblo\u00bb\u201d, dijo B\u00e1rcena en la plataforma X.<\/span><\/p>\n<p><span style=\"font-size: 14pt;\">Una hora despu\u00e9s de ese mensaje public\u00f3 uno m\u00e1s en el que extendi\u00f3 sus agradecimientos a la abanderada de la coalici\u00f3n PAN-PRI-PRD y al de MC.<\/span><\/p>\n<p><span style=\"font-size: 14pt;\">\u201cMe enorgullece la unidad mostrada por las fuerzas pol\u00edticas en M\u00e9xico frente al atropello de Ecuador contra nuestra Embajada. Con independencia del color, unieron su voz en defensa de nuestra patria. Como lo hice con @Claudiashein, agradezco tambi\u00e9n a @XochitlGalvez y a @AlvarezMaynez\u201d.<\/span><\/p>\n","protected":false},"excerpt":{"rendered":"<p>La canciller Alicia B\u00e1rcena agradeci\u00f3 este martes a las candidatas presidenciales Claudia Sheinbaum, y X\u00f3chitl G\u00e1lvez, as\u00ed como al candidato<\/p>\n","protected":false},"author":4,"featured_media":34865,"comment_status":"closed","ping_status":"closed","sticky":false,"template":"","format":"standard","meta":{"colormag_page_container_layout":"default_layout","colormag_page_sidebar_layout":"default_layout","_jetpack_memberships_contains_paid_content":false,"footnotes":"","jetpack_publicize_message":"","jetpack_publicize_feature_enabled":true,"jetpack_social_post_already_shared":false,"jetpack_social_options":{"image_generator_settings":{"template":"highway","default_image_id":0,"font":"","enabled":false},"version":2}},"categories":[33],"tags":[],"class_list":["post-34864","post","type-post","status-publish","format-standard","has-post-thumbnail","hentry","category-nacional"],"jetpack_publicize_connections":[],"jetpack_featured_media_url":"https:\/\/i0.wp.com\/politicosaldesnudo.com.mx\/wp-content\/uploads\/2024\/04\/agradece-canciller-a-candidatos-presidenciales-por-apoyo-en-caso-ecuador-7549html-alicia-3874html-862698c9-6907-4f99-af31-3c44e1826c9arawimagetrue.jpg?fit=1024%2C682&ssl=1","jetpack-related-posts":[],"jetpack_sharing_enabled":true,"_links":{"self":[{"href":"https:\/\/politicosaldesnudo.com.mx\/index.php\/wp-json\/wp\/v2\/posts\/34864","targetHints":{"allow":["GET"]}}],"collection":[{"href":"https:\/\/politicosaldesnudo.com.mx\/index.php\/wp-json\/wp\/v2\/posts"}],"about":[{"href":"https:\/\/politicosaldesnudo.com.mx\/index.php\/wp-json\/wp\/v2\/types\/post"}],"author":[{"embeddable":true,"href":"https:\/\/politicosaldesnudo.com.mx\/index.php\/wp-json\/wp\/v2\/users\/4"}],"replies":[{"embeddable":true,"href":"https:\/\/politicosaldesnudo.com.mx\/index.php\/wp-json\/wp\/v2\/comments?post=34864"}],"version-history":[{"count":0,"href":"https:\/\/politicosaldesnudo.com.mx\/index.php\/wp-json\/wp\/v2\/posts\/34864\/revisions"}],"wp:featuredmedia":[{"embeddable":true,"href":"https:\/\/politicosaldesnudo.com.mx\/index.php\/wp-json\/wp\/v2\/media\/34865"}],"wp:attachment":[{"href":"https:\/\/politicosaldesnudo.com.mx\/index.php\/wp-json\/wp\/v2\/media?parent=34864"}],"wp:term":[{"taxonomy":"category","embeddable":true,"href":"https:\/\/politicosaldesnudo.com.mx\/index.php\/wp-json\/wp\/v2\/categories?post=34864"},{"taxonomy":"post_tag","embeddable":true,"href":"https:\/\/politicosaldesnudo.com.mx\/index.php\/wp-json\/wp\/v2\/tags?post=34864"}],"curies":[{"name":"wp","href":"https:\/\/api.w.org\/{rel}","templated":true}]}}