{"id":34867,"date":"2024-04-10T09:09:03","date_gmt":"2024-04-10T14:09:03","guid":{"rendered":"https:\/\/politicosaldesnudo.com.mx\/?p=34867"},"modified":"2024-04-10T09:09:03","modified_gmt":"2024-04-10T14:09:03","slug":"denuncia-contra-ecuador-ante-cij-se-hara-manana-anticipa-amlo","status":"publish","type":"post","link":"https:\/\/politicosaldesnudo.com.mx\/index.php\/2024\/04\/10\/denuncia-contra-ecuador-ante-cij-se-hara-manana-anticipa-amlo\/","title":{"rendered":"Denuncia contra Ecuador ante CIJ se har\u00e1 ma\u00f1ana, anticipa AMLO"},"content":{"rendered":"<p><span style=\"font-size: 14pt;\">El presidente Andr\u00e9s Manuel L\u00f3pez Obrador ratific\u00f3 que este jueves presentar\u00e1n la denuncia de M\u00e9xico ante la Corte Internacional de Justicia relacionada con el asalto de las fuerzas de seguridad de Ecuador a la embajada mexicana en ese pa\u00eds, ocurrido el pasado viernes 5 de abril. Anticip\u00f3 que se difundir\u00e1 la denuncia en su conferencia este jueves.<\/span><\/p>\n<p><span style=\"font-size: 14pt;\">Inform\u00f3 que ha estado hablando con algunos mandatarios, recordando la conversaci\u00f3n telef\u00f3nica que sostuvo con su hom\u00f3logo brasile\u00f1o, Luis Inazio Lula da Silva este martes por la tarde.<\/span><\/p>\n<p><span style=\"font-size: 14pt;\">Durante su conferencia, detall\u00f3 que durante la reuni\u00f3n de gabinete esta ma\u00f1ana se analiz\u00f3 el recurso legal que presentar\u00e1 la Secretar\u00eda de Relaciones Exteriores ante el organismo de justicia internacional. Se analizar\u00e1n algunos detalles, por eso se determin\u00f3 que en lugar de presentarla hoy, ser\u00e1 hasta ma\u00f1ana.<\/span><\/p>\n","protected":false},"excerpt":{"rendered":"<p>El presidente Andr\u00e9s Manuel L\u00f3pez Obrador ratific\u00f3 que este jueves presentar\u00e1n la denuncia de M\u00e9xico ante la Corte Internacional de<\/p>\n","protected":false},"author":4,"featured_media":34868,"comment_status":"closed","ping_status":"closed","sticky":false,"template":"","format":"standard","meta":{"colormag_page_container_layout":"default_layout","colormag_page_sidebar_layout":"default_layout","_jetpack_memberships_contains_paid_content":false,"footnotes":"","jetpack_publicize_message":"","jetpack_publicize_feature_enabled":true,"jetpack_social_post_already_shared":false,"jetpack_social_options":{"image_generator_settings":{"template":"highway","default_image_id":0,"font":"","enabled":false},"version":2}},"categories":[33],"tags":[],"class_list":["post-34867","post","type-post","status-publish","format-standard","has-post-thumbnail","hentry","category-nacional"],"jetpack_publicize_connections":[],"jetpack_featured_media_url":"https:\/\/i0.wp.com\/politicosaldesnudo.com.mx\/wp-content\/uploads\/2024\/04\/fbfd74d9-cij.jpeg?fit=1024%2C680&ssl=1","jetpack-related-posts":[],"jetpack_sharing_enabled":true,"_links":{"self":[{"href":"https:\/\/politicosaldesnudo.com.mx\/index.php\/wp-json\/wp\/v2\/posts\/34867","targetHints":{"allow":["GET"]}}],"collection":[{"href":"https:\/\/politicosaldesnudo.com.mx\/index.php\/wp-json\/wp\/v2\/posts"}],"about":[{"href":"https:\/\/politicosaldesnudo.com.mx\/index.php\/wp-json\/wp\/v2\/types\/post"}],"author":[{"embeddable":true,"href":"https:\/\/politicosaldesnudo.com.mx\/index.php\/wp-json\/wp\/v2\/users\/4"}],"replies":[{"embeddable":true,"href":"https:\/\/politicosaldesnudo.com.mx\/index.php\/wp-json\/wp\/v2\/comments?post=34867"}],"version-history":[{"count":0,"href":"https:\/\/politicosaldesnudo.com.mx\/index.php\/wp-json\/wp\/v2\/posts\/34867\/revisions"}],"wp:featuredmedia":[{"embeddable":true,"href":"https:\/\/politicosaldesnudo.com.mx\/index.php\/wp-json\/wp\/v2\/media\/34868"}],"wp:attachment":[{"href":"https:\/\/politicosaldesnudo.com.mx\/index.php\/wp-json\/wp\/v2\/media?parent=34867"}],"wp:term":[{"taxonomy":"category","embeddable":true,"href":"https:\/\/politicosaldesnudo.com.mx\/index.php\/wp-json\/wp\/v2\/categories?post=34867"},{"taxonomy":"post_tag","embeddable":true,"href":"https:\/\/politicosaldesnudo.com.mx\/index.php\/wp-json\/wp\/v2\/tags?post=34867"}],"curies":[{"name":"wp","href":"https:\/\/api.w.org\/{rel}","templated":true}]}}