{"id":34882,"date":"2024-04-10T09:24:25","date_gmt":"2024-04-10T14:24:25","guid":{"rendered":"https:\/\/politicosaldesnudo.com.mx\/?p=34882"},"modified":"2024-04-10T09:24:25","modified_gmt":"2024-04-10T14:24:25","slug":"petro-y-maduro-se-reunen","status":"publish","type":"post","link":"https:\/\/politicosaldesnudo.com.mx\/index.php\/2024\/04\/10\/petro-y-maduro-se-reunen\/","title":{"rendered":"Petro y Maduro se reunen"},"content":{"rendered":"<p><span style=\"font-size: 14pt;\">Con una visita del presidente de Colombia, Gustavo Petro, a su hom\u00f3logo venezolano, Nicol\u00e1s Maduro, se zanjaron hoy las diferencias entre los gobiernos de ambos pa\u00edses, generadas a comienzos de abril por las cr\u00edticas que hizo Bogot\u00e1 a la ausencia de garant\u00edas en el actual proceso electoral del vecino pa\u00eds, respondidas por Caracas con un llamado a evitar la injerencia en sus asuntos internos.<\/span><\/p>\n<p><span style=\"font-size: 14pt;\">Petro fue recibido por Maduro en el Palacio de Miraflores con un derroche de gestos amistosos que distensionaron un encrispado ambiente derivado de frases como \u201cizquierdistas cobardes\u201d pronunciadas por Maduro refiri\u00e9ndose a los mandatarios que criticaron la inhabilidad electoral contra sectores de la oposici\u00f3n en su pa\u00eds.<\/span><\/p>\n<p><span style=\"font-size: 14pt;\">Al quinto encuentro entre Maduro y Petro desde que este asumi\u00f3 la presidencia de Colombia, asistieron los ministros de Defensa y Comercio exterior de las dos naciones, as\u00ed como los embajadores y otros funcionarios de alto nivel.<\/span><\/p>\n<p><span style=\"font-size: 14pt;\">Al caer la tarde, los dos mandatarios hicieron declaraciones ante los medios de comunicaci\u00f3n para ratificar que las relaciones bilaterales \u201cmarchan por buen camino\u201d, sin que ninguno de los dos aludiera a la reciente invitaci\u00f3n que hizo Venezuela a Colombia para que sea observador de los comicios del pr\u00f3ximo 28 de julio.<\/span><\/p>\n<p><span style=\"font-size: 14pt;\">Maduro resalt\u00f3 que pasaron revista a la forma como progresan las relaciones en las \u00e1reas de comercio, energ\u00eda, seguridad fronteriza e inversiones conjuntas, subrayando que constataron \u201cuna visi\u00f3n com\u00fan sobre los conflictos que afectan al continente\u201d, as\u00ed como las amenazas de guerra que se observan en el mapa mundial.<\/span><\/p>\n<p><span style=\"font-size: 14pt;\">\u201cVenezuela siempre estar\u00e1 para ayudar a construir la paz de Colombia, pues la paz de Colombia es la paz de Venezuela, as\u00ed como la estabilidad pol\u00edtica de Venezuela garantiza la de nuestro vecino\u201d, dijo Maduro.<\/span><\/p>\n<p><span style=\"font-size: 14pt;\">Petro contest\u00f3 con unas breves palabras en las que destac\u00f3 que los dos pa\u00edses tienen \u201cuna agenda com\u00fan de integraci\u00f3n\u201d que se debe consolidar con proyectos concretos como la navegabilidad de los rios fronterizos y el acceso al mar de las regiones andinas del oriente de Colombia a traves de v\u00edas que comuniquen con el Lago de Maracaibo.<\/span><\/p>\n<p><span style=\"font-size: 14pt;\">\u201cHablamos de paz pol\u00edtica y de paz armada\u201d, revel\u00f3 Petro, destacando el papel que ha jugado Caracas en la consolidaci\u00f3n de procesos de paz de Colombia y el rol que debe asumir Colombia en la estabilidad politica del pa\u00eds con el que hay dos mil 600 kil\u00f3metros de frontera com\u00fan.<\/span><\/p>\n<p><span style=\"font-size: 14pt;\">En la actualidad, Venezuela es garante de los procesos de paz que se llevan a cabo entre el gobierno de Petro y las guerrillas del Ej\u00e9rcito de Liberaci\u00f3n Nacional (ELN), as\u00ed como con las disidencias de las Farc conocidas como Estado Mayor Central (EMC).<\/span><\/p>\n<p><span style=\"font-size: 14pt;\">Una de las primeras medidas de Petro tras asumir la presidencia en agosto de 2022 fue reactivar las relaciones diplom\u00e1ticas con caracas, rotas durante el gobierno de Iv\u00e1n Duque, quien encabez\u00f3 una cruzada para derrocar al presidente Maduro quien -seg\u00fan dijo en 2021- ten\u00eda las horas contadas.<\/span><\/p>\n","protected":false},"excerpt":{"rendered":"<p>Con una visita del presidente de Colombia, Gustavo Petro, a su hom\u00f3logo venezolano, Nicol\u00e1s Maduro, se zanjaron hoy las diferencias<\/p>\n","protected":false},"author":4,"featured_media":34883,"comment_status":"closed","ping_status":"closed","sticky":false,"template":"","format":"standard","meta":{"colormag_page_container_layout":"default_layout","colormag_page_sidebar_layout":"default_layout","_jetpack_memberships_contains_paid_content":false,"footnotes":"","jetpack_publicize_message":"","jetpack_publicize_feature_enabled":true,"jetpack_social_post_already_shared":false,"jetpack_social_options":{"image_generator_settings":{"template":"highway","default_image_id":0,"font":"","enabled":false},"version":2}},"categories":[28],"tags":[],"class_list":["post-34882","post","type-post","status-publish","format-standard","has-post-thumbnail","hentry","category-internacional"],"jetpack_publicize_connections":[],"jetpack_featured_media_url":"https:\/\/i0.wp.com\/politicosaldesnudo.com.mx\/wp-content\/uploads\/2024\/04\/AFP__20240410__34P3662__v2__Preview__VenezuelaColombiaPoliticsMaduroPetro.jpg?fit=1200%2C822&ssl=1","jetpack-related-posts":[],"jetpack_sharing_enabled":true,"_links":{"self":[{"href":"https:\/\/politicosaldesnudo.com.mx\/index.php\/wp-json\/wp\/v2\/posts\/34882","targetHints":{"allow":["GET"]}}],"collection":[{"href":"https:\/\/politicosaldesnudo.com.mx\/index.php\/wp-json\/wp\/v2\/posts"}],"about":[{"href":"https:\/\/politicosaldesnudo.com.mx\/index.php\/wp-json\/wp\/v2\/types\/post"}],"author":[{"embeddable":true,"href":"https:\/\/politicosaldesnudo.com.mx\/index.php\/wp-json\/wp\/v2\/users\/4"}],"replies":[{"embeddable":true,"href":"https:\/\/politicosaldesnudo.com.mx\/index.php\/wp-json\/wp\/v2\/comments?post=34882"}],"version-history":[{"count":0,"href":"https:\/\/politicosaldesnudo.com.mx\/index.php\/wp-json\/wp\/v2\/posts\/34882\/revisions"}],"wp:featuredmedia":[{"embeddable":true,"href":"https:\/\/politicosaldesnudo.com.mx\/index.php\/wp-json\/wp\/v2\/media\/34883"}],"wp:attachment":[{"href":"https:\/\/politicosaldesnudo.com.mx\/index.php\/wp-json\/wp\/v2\/media?parent=34882"}],"wp:term":[{"taxonomy":"category","embeddable":true,"href":"https:\/\/politicosaldesnudo.com.mx\/index.php\/wp-json\/wp\/v2\/categories?post=34882"},{"taxonomy":"post_tag","embeddable":true,"href":"https:\/\/politicosaldesnudo.com.mx\/index.php\/wp-json\/wp\/v2\/tags?post=34882"}],"curies":[{"name":"wp","href":"https:\/\/api.w.org\/{rel}","templated":true}]}}