{"id":34885,"date":"2024-04-10T09:26:50","date_gmt":"2024-04-10T14:26:50","guid":{"rendered":"https:\/\/politicosaldesnudo.com.mx\/?p=34885"},"modified":"2024-04-23T00:31:37","modified_gmt":"2024-04-23T05:31:37","slug":"desecha-senado-propuestas-para-desaparecer-poderes-en-3-estados","status":"publish","type":"post","link":"https:\/\/politicosaldesnudo.com.mx\/index.php\/2024\/04\/10\/desecha-senado-propuestas-para-desaparecer-poderes-en-3-estados\/","title":{"rendered":"Desecha Senado propuestas para desaparecer poderes en 3 estados"},"content":{"rendered":"<div id=\"article-content-tts\" class=\"nota-contenido mb-5\">\n<div id=\"content_nitf\">\n<p><span style=\"font-size: 14pt;\">Por unanimidad, la Comisi\u00f3n de Gobernaci\u00f3n del Senado, que preside M\u00f3nica Fern\u00e1ndez Balboa, acord\u00f3 desechar, por improcedentes las solicitudes de iniciar procesos de desaparici\u00f3n de poderes en los estados de Guerrero, Guanajuato y Campeche, al considerar que en ninguno de los casos se establecen los supuestos establecidos en la Constituci\u00f3n para ello.<\/span><\/p>\n<p><span style=\"font-size: 14pt;\">\u201cLe estamos enmendando la plana al grupo del PAN\u201d, coment\u00f3 el senador de Morena, C\u00e9sar Cravioto, en referencia a que ese tema, lo inici\u00f3 Acci\u00f3n Nacional, al insistir, el pasado 20 de marzo en la demandar que el Senado declarara desaparecidos los poderes en Guerrero, despu\u00e9s del asesinato de la menor Camilia, en Taxco, con el argumento de que pese a \u201clos altos \u00edndices de criminalidad desastres naturales, corrupci\u00f3n y abusos de poder ocurridos durante su gesti\u00f3n\u201d la constante es que la gobernadora Evelyn Salgado \u201c se esconde y no sabe qu\u00e9 hacer\u201d.<\/span><\/p>\n<p><span style=\"font-size: 14pt;\">Ante ello, la Morenista Antares V\u00e1zquez plante\u00f3 el mismo procedimiento para Guanajuato y dos semanas despu\u00e9s, la ex senadora del guinda y ahora pri\u00edsta, Cecilia S\u00e1nchez, plante\u00f3 la desaparici\u00f3n de poderes en Campeche.<\/span><\/p>\n<p><span style=\"font-size: 14pt;\">\u201cNos tiene que servir a todos como precedente para no generar estas discusiones est\u00e9riles, porque cada sesi\u00f3n le cuesta una millonada al pueblo de M\u00e9xico \u201cy no se vale ese tipo de propuestas. Que bueno que \u201cvolvamos a la cordura y se desechan\u201d, agreg\u00f3 Cravioto, mientras que su compa\u00f1ero de bancada, Navor Rojas coment\u00f3 que \u201c a todas luces fue un tema electorero el que se plante\u00f3 en primera instancia\u201d, les hizo perder mucho tiempo y fue desgastante. Que nos sirva de lecci\u00f3n\u201d.<\/span><\/p>\n<p><span style=\"font-size: 14pt;\">Fue una sesi\u00f3n breve, de 40 minutos, en la que el PAN que con tanta rijosidad exigi\u00f3 que se diera entrada a su solicitud, despu\u00e9s de una discusi\u00f3n de varias horas en la sesi\u00f3n del 19 de marzo, ayer vot\u00f3 a favor de rechazar su propuesta y las otras dos y votar a favor del dictamen elaborado por la Morenista Fern\u00e1ndez Balboa, en el que se resalta que ni en Guerrero, Guanajuato ni en Campeche se da el supuesto establecido en el Art\u00edculo 76 Constitucional de que est\u00e9n desaparecidos los poderes ejecutivo, judicial y legislativo en las entidades.<\/span><\/p>\n<p><span style=\"font-size: 14pt;\">El panista Dami\u00e1n Zepeda resalt\u00f3 que definitivamente no es el caso y consider\u00f3 tambi\u00e9n que \u201ctodos deben ser m\u00e1s responsables\u201d , con esa figura, \u201cheredada de reg\u00edmenes autoritarios pasados\u201d y pensada para mantener el control de las entidades, que permite al Senado con una votaci\u00f3n de mayor\u00eda simple, desaparecer todo, Congreso, poder judicial y nombrar a un gobernador interino.<\/span><\/p>\n<p><span style=\"font-size: 14pt;\">Igual argumentaci\u00f3n formularon la ex pri\u00edsta Claudia Ru\u00edz Massieu y el Morenista Rogelio Zamora.<\/span><\/p>\n<p><span style=\"font-size: 14pt;\">La senadora Fern\u00e1ndez Balboa ley\u00f3 el dictamen en el que se resalta que el Senado debe actuar \u201ccon absoluto apego al pacto federal y la salvaguarda de la autonom\u00eda de las entidades federativas en los asuntos inherentes a su vida interior\u201d.<\/span><\/p>\n<\/div>\n<\/div>\n","protected":false},"excerpt":{"rendered":"<p>Por unanimidad, la Comisi\u00f3n de Gobernaci\u00f3n del Senado, que preside M\u00f3nica Fern\u00e1ndez Balboa, acord\u00f3 desechar, por improcedentes las solicitudes de<\/p>\n","protected":false},"author":4,"featured_media":35694,"comment_status":"closed","ping_status":"closed","sticky":false,"template":"","format":"standard","meta":{"colormag_page_container_layout":"default_layout","colormag_page_sidebar_layout":"default_layout","_jetpack_memberships_contains_paid_content":false,"footnotes":"","jetpack_publicize_message":"","jetpack_publicize_feature_enabled":true,"jetpack_social_post_already_shared":false,"jetpack_social_options":{"image_generator_settings":{"template":"highway","default_image_id":0,"font":"","enabled":false},"version":2}},"categories":[33],"tags":[],"class_list":["post-34885","post","type-post","status-publish","format-standard","has-post-thumbnail","hentry","category-nacional"],"jetpack_publicize_connections":[],"jetpack_featured_media_url":"https:\/\/i0.wp.com\/politicosaldesnudo.com.mx\/wp-content\/uploads\/2024\/04\/Luna-Ramos-juicio-de-danos-pixabay-570x380-1.png?fit=570%2C380&ssl=1","jetpack-related-posts":[],"jetpack_sharing_enabled":true,"_links":{"self":[{"href":"https:\/\/politicosaldesnudo.com.mx\/index.php\/wp-json\/wp\/v2\/posts\/34885","targetHints":{"allow":["GET"]}}],"collection":[{"href":"https:\/\/politicosaldesnudo.com.mx\/index.php\/wp-json\/wp\/v2\/posts"}],"about":[{"href":"https:\/\/politicosaldesnudo.com.mx\/index.php\/wp-json\/wp\/v2\/types\/post"}],"author":[{"embeddable":true,"href":"https:\/\/politicosaldesnudo.com.mx\/index.php\/wp-json\/wp\/v2\/users\/4"}],"replies":[{"embeddable":true,"href":"https:\/\/politicosaldesnudo.com.mx\/index.php\/wp-json\/wp\/v2\/comments?post=34885"}],"version-history":[{"count":0,"href":"https:\/\/politicosaldesnudo.com.mx\/index.php\/wp-json\/wp\/v2\/posts\/34885\/revisions"}],"wp:featuredmedia":[{"embeddable":true,"href":"https:\/\/politicosaldesnudo.com.mx\/index.php\/wp-json\/wp\/v2\/media\/35694"}],"wp:attachment":[{"href":"https:\/\/politicosaldesnudo.com.mx\/index.php\/wp-json\/wp\/v2\/media?parent=34885"}],"wp:term":[{"taxonomy":"category","embeddable":true,"href":"https:\/\/politicosaldesnudo.com.mx\/index.php\/wp-json\/wp\/v2\/categories?post=34885"},{"taxonomy":"post_tag","embeddable":true,"href":"https:\/\/politicosaldesnudo.com.mx\/index.php\/wp-json\/wp\/v2\/tags?post=34885"}],"curies":[{"name":"wp","href":"https:\/\/api.w.org\/{rel}","templated":true}]}}