{"id":34900,"date":"2024-04-10T20:06:12","date_gmt":"2024-04-11T01:06:12","guid":{"rendered":"https:\/\/politicosaldesnudo.com.mx\/?p=34900"},"modified":"2024-04-10T20:06:12","modified_gmt":"2024-04-11T01:06:12","slug":"tepjf-regresa-candidatura-a-senador-a-santiago-nieto","status":"publish","type":"post","link":"https:\/\/politicosaldesnudo.com.mx\/index.php\/2024\/04\/10\/tepjf-regresa-candidatura-a-senador-a-santiago-nieto\/","title":{"rendered":"TEPJF regresa candidatura a senador a Santiago Nieto"},"content":{"rendered":"<p><span style=\"font-size: 14pt;\">Santiago Nieto s\u00ed ser\u00e1 candidato al Senado por Morena en el actual proceso electoral, al igual que Alberto Esquer y Eliseo Fern\u00e1ndez de Movimiento Ciudadano. As\u00ed lo resolvi\u00f3 el Tribunal Electoral del Poder Judicial de la Federaci\u00f3n (TEPJF) al considerar que sus argumentos para quejarse de esta exclusi\u00f3n s\u00ed eran v\u00e1lidos, por lo que ordenaron al Instituto Nacional Electoral (INE) que los vuelva a incluir en las listas de postulaciones aprobadas.<\/span><\/p>\n<p class=\"western\"><span style=\"font-size: 14pt;\">Sin discusi\u00f3n por parte de los magistrados en el caso de Nieto Castillo, y por mayor\u00eda de votos, el pleno de la Sala Superior, aprob\u00f3 el proyecto del magistrado Felipe Fuentes Barrera, en el sentido de revocar la decisi\u00f3n de la Sala Regional Toluca, quien hace dos semanas le neg\u00f3 la candidatura.<\/span><\/p>\n<p class=\"western\"><span style=\"font-size: 14pt;\">Derivado de una\u00a0queja que present\u00f3 el Partido Acci\u00f3n Nacional (PAN) en contra del ex titular de la Unidad de Inteligencia Financiera (UIF) ante la Sala Toluca, por incumplir con los requisitos de elegibilidad planteados en la Constituci\u00f3n, dicha sala consider\u00f3 que deb\u00eda negarle la postulaci\u00f3n.<\/span><\/p>\n<p class=\"western\"><span style=\"font-size: 14pt;\">El tambi\u00e9n ex encargado del despacho de la Procuradur\u00eda General de Justicia de Hidalgo justific\u00f3 su residencia en Quer\u00e9taro, al se\u00f1alar que \u00a0toda su vida la ha realizado en San Juan del R\u00edo, lugar donde tiene una casa.<\/span><\/p>\n<p class=\"western\"><span style=\"font-size: 14pt;\">\u00abEs fundado el concepto de agravio relativo a que la Sala Regional Toluca calific\u00f3 de manera indebida el cumplimiento del requisito relativo a ser originario de la entidad federativa para ser Senador de la Rep\u00fablica, ya que llev\u00f3 a cabo una interpretaci\u00f3n restrictiva y sesgada que no es acorde con el modelo constitucional de protecci\u00f3n de derechos humanos, ni con la finalidad constitucional que persigue el requisito de elegibilidad\u201d, indica el proyecto de Fuentes Barrera aprobado hoy por la mayor\u00eda de votos y con el voto en contra de la magistrada Janine Ot\u00e1lora.<\/span><\/p>\n<p class=\"western\"><span style=\"font-size: 14pt;\">Emecistas recuperan candidaturas<\/span><\/p>\n<p class=\"western\"><span style=\"font-size: 14pt;\">En el caso de Esquer y Fern\u00e1ndez, a quienes el INE les neg\u00f3 las candidaturas por considerar que no se cumpl\u00eda con la paridad de g\u00e9nero en sus postulaciones, la magistrada presidenta del TEPJF, M\u00f3nica Soto, propuso devolverlas, ya que desde el an\u00e1lisis de fondo de su proyecto de sentencia, Movimiento Ciudadano no imcumpli\u00f3 con la paridad transversal, pues el bloque mayor de candidaturas est\u00e1 integrado por mujeres.<\/span><\/p>\n<p class=\"western\"><span style=\"font-size: 14pt;\">\u00abDe 32 candidaturas, design\u00f3 a 16 mujeres y 16 hombres en las primeras f\u00f3rmulas, por lo que no hay un sesgo de g\u00e9nero que incumpliera la paridad, adem\u00e1s de que atendi\u00f3 el principio de competitividad que se les pidi\u00f3 a los partidos pol\u00edticos para que las mujeres fueran postuladas en los lugares donde tienen m\u00e1s posibilidad de ganar\u201d, detall\u00f3 en la sesi\u00f3n p\u00fablica la magistrada M\u00f3nica Soto.<\/span><\/p>\n","protected":false},"excerpt":{"rendered":"<p>Santiago Nieto s\u00ed ser\u00e1 candidato al Senado por Morena en el actual proceso electoral, al igual que Alberto Esquer y<\/p>\n","protected":false},"author":4,"featured_media":34901,"comment_status":"closed","ping_status":"closed","sticky":false,"template":"","format":"standard","meta":{"colormag_page_container_layout":"default_layout","colormag_page_sidebar_layout":"default_layout","_jetpack_memberships_contains_paid_content":false,"footnotes":"","jetpack_publicize_message":"","jetpack_publicize_feature_enabled":true,"jetpack_social_post_already_shared":false,"jetpack_social_options":{"image_generator_settings":{"template":"highway","default_image_id":0,"font":"","enabled":false},"version":2}},"categories":[33],"tags":[],"class_list":["post-34900","post","type-post","status-publish","format-standard","has-post-thumbnail","hentry","category-nacional"],"jetpack_publicize_connections":[],"jetpack_featured_media_url":"https:\/\/i0.wp.com\/politicosaldesnudo.com.mx\/wp-content\/uploads\/2024\/04\/Santiago-Nieto-candidatura.jpg?fit=1280%2C720&ssl=1","jetpack-related-posts":[],"jetpack_sharing_enabled":true,"_links":{"self":[{"href":"https:\/\/politicosaldesnudo.com.mx\/index.php\/wp-json\/wp\/v2\/posts\/34900","targetHints":{"allow":["GET"]}}],"collection":[{"href":"https:\/\/politicosaldesnudo.com.mx\/index.php\/wp-json\/wp\/v2\/posts"}],"about":[{"href":"https:\/\/politicosaldesnudo.com.mx\/index.php\/wp-json\/wp\/v2\/types\/post"}],"author":[{"embeddable":true,"href":"https:\/\/politicosaldesnudo.com.mx\/index.php\/wp-json\/wp\/v2\/users\/4"}],"replies":[{"embeddable":true,"href":"https:\/\/politicosaldesnudo.com.mx\/index.php\/wp-json\/wp\/v2\/comments?post=34900"}],"version-history":[{"count":0,"href":"https:\/\/politicosaldesnudo.com.mx\/index.php\/wp-json\/wp\/v2\/posts\/34900\/revisions"}],"wp:featuredmedia":[{"embeddable":true,"href":"https:\/\/politicosaldesnudo.com.mx\/index.php\/wp-json\/wp\/v2\/media\/34901"}],"wp:attachment":[{"href":"https:\/\/politicosaldesnudo.com.mx\/index.php\/wp-json\/wp\/v2\/media?parent=34900"}],"wp:term":[{"taxonomy":"category","embeddable":true,"href":"https:\/\/politicosaldesnudo.com.mx\/index.php\/wp-json\/wp\/v2\/categories?post=34900"},{"taxonomy":"post_tag","embeddable":true,"href":"https:\/\/politicosaldesnudo.com.mx\/index.php\/wp-json\/wp\/v2\/tags?post=34900"}],"curies":[{"name":"wp","href":"https:\/\/api.w.org\/{rel}","templated":true}]}}