{"id":34904,"date":"2024-04-11T01:03:24","date_gmt":"2024-04-11T06:03:24","guid":{"rendered":"https:\/\/politicosaldesnudo.com.mx\/?p=34904"},"modified":"2024-04-11T01:03:24","modified_gmt":"2024-04-11T06:03:24","slug":"realizaran-campana-de-cirugias-de-cataratas","status":"publish","type":"post","link":"https:\/\/politicosaldesnudo.com.mx\/index.php\/2024\/04\/11\/realizaran-campana-de-cirugias-de-cataratas\/","title":{"rendered":"Realizar\u00e1n campa\u00f1a de Cirug\u00edas de cataratas"},"content":{"rendered":"<p><span style=\"font-size: 14pt;\">Tuxpan.- Los d\u00edas 29 y 30 de abril se realizar\u00e1n cirug\u00edas de cataratas por parte de la Fundaci\u00f3n \u00abChato L\u00f3pez\u00bb, por lo que en estos momentos realizan valoraciones en las personas que podr\u00edan ser candidatos a la operaci\u00f3n.<\/span><\/p>\n<p><span style=\"font-size: 14pt;\">De acuerdo con lo se\u00f1alado por Luis Ernesto L\u00f3pez Flores, presidente de la Fundaci\u00f3n, las valoraciones se han realizado en Tuxpan, Papantla, y esta semana contin\u00faan en Poza Rica, La Ceiba, Huauchinango y otros lugares, con el fin de que m\u00e1s personas se vean beneficiadas.<\/span><\/p>\n<p><span style=\"font-size: 14pt;\">Explic\u00f3 que las personas son valoradas y operadas por especialistas certificados, y en ese sentido los pacientes pueden contar con la seguridad y tranquilidad de que est\u00e1n en buenas manos.<\/span><\/p>\n<p><span style=\"font-size: 14pt;\">Se trata de un apoyo a la econom\u00eda de quienes requieren de dicha operaci\u00f3n, ya que el pago que se hace es mucho menor a lo que costar\u00eda en otra instituci\u00f3n, ya que se incluye quir\u00f3fano, anestesia, y es una operaci\u00f3n ambulatoria pues no hay necesidad que quedarse hospitalizados.<\/span><\/p>\n<p><span style=\"font-size: 14pt;\">L\u00f3pez Flores, se\u00f1al\u00f3 que en esta ocasi\u00f3n se llevar\u00e1n a cabo un promedio de 80 a 100 cirug\u00edas, ya que no se pueden programar m\u00e1s es una sola jornada, sin embargo, se seguir\u00e1n realizando en los siguientes meses.<\/span><\/p>\n<p><span style=\"font-size: 14pt;\">Agreg\u00f3 que tambi\u00e9n se va a iniciar con las campa\u00f1as de aparatos auditivos, y la de lentes a bajo costo con el fin de beneficiar a m\u00e1s personas que requieran de tales atenciones.<\/span><\/p>\n","protected":false},"excerpt":{"rendered":"<p>Tuxpan.- Los d\u00edas 29 y 30 de abril se realizar\u00e1n cirug\u00edas de cataratas por parte de la Fundaci\u00f3n \u00abChato L\u00f3pez\u00bb,<\/p>\n","protected":false},"author":4,"featured_media":34905,"comment_status":"closed","ping_status":"closed","sticky":false,"template":"","format":"standard","meta":{"colormag_page_container_layout":"default_layout","colormag_page_sidebar_layout":"default_layout","_jetpack_memberships_contains_paid_content":false,"footnotes":"","jetpack_publicize_message":"","jetpack_publicize_feature_enabled":true,"jetpack_social_post_already_shared":false,"jetpack_social_options":{"image_generator_settings":{"template":"highway","default_image_id":0,"font":"","enabled":false},"version":2}},"categories":[1082],"tags":[],"class_list":["post-34904","post","type-post","status-publish","format-standard","has-post-thumbnail","hentry","category-tuxpan"],"jetpack_publicize_connections":[],"jetpack_featured_media_url":"https:\/\/i0.wp.com\/politicosaldesnudo.com.mx\/wp-content\/uploads\/2024\/04\/5b-5.jpg?fit=1080%2C662&ssl=1","jetpack-related-posts":[],"jetpack_sharing_enabled":true,"_links":{"self":[{"href":"https:\/\/politicosaldesnudo.com.mx\/index.php\/wp-json\/wp\/v2\/posts\/34904","targetHints":{"allow":["GET"]}}],"collection":[{"href":"https:\/\/politicosaldesnudo.com.mx\/index.php\/wp-json\/wp\/v2\/posts"}],"about":[{"href":"https:\/\/politicosaldesnudo.com.mx\/index.php\/wp-json\/wp\/v2\/types\/post"}],"author":[{"embeddable":true,"href":"https:\/\/politicosaldesnudo.com.mx\/index.php\/wp-json\/wp\/v2\/users\/4"}],"replies":[{"embeddable":true,"href":"https:\/\/politicosaldesnudo.com.mx\/index.php\/wp-json\/wp\/v2\/comments?post=34904"}],"version-history":[{"count":0,"href":"https:\/\/politicosaldesnudo.com.mx\/index.php\/wp-json\/wp\/v2\/posts\/34904\/revisions"}],"wp:featuredmedia":[{"embeddable":true,"href":"https:\/\/politicosaldesnudo.com.mx\/index.php\/wp-json\/wp\/v2\/media\/34905"}],"wp:attachment":[{"href":"https:\/\/politicosaldesnudo.com.mx\/index.php\/wp-json\/wp\/v2\/media?parent=34904"}],"wp:term":[{"taxonomy":"category","embeddable":true,"href":"https:\/\/politicosaldesnudo.com.mx\/index.php\/wp-json\/wp\/v2\/categories?post=34904"},{"taxonomy":"post_tag","embeddable":true,"href":"https:\/\/politicosaldesnudo.com.mx\/index.php\/wp-json\/wp\/v2\/tags?post=34904"}],"curies":[{"name":"wp","href":"https:\/\/api.w.org\/{rel}","templated":true}]}}