{"id":34908,"date":"2024-04-11T01:04:12","date_gmt":"2024-04-11T06:04:12","guid":{"rendered":"https:\/\/politicosaldesnudo.com.mx\/?p=34908"},"modified":"2024-04-11T01:04:12","modified_gmt":"2024-04-11T06:04:12","slug":"celebraran-dia-de-la-danza","status":"publish","type":"post","link":"https:\/\/politicosaldesnudo.com.mx\/index.php\/2024\/04\/11\/celebraran-dia-de-la-danza\/","title":{"rendered":"Celebrar\u00e1n D\u00eda de la Danza"},"content":{"rendered":"<p><span style=\"font-size: 14pt;\">Tuxpan.- De acuerdo con lo se\u00f1alado por el titular de la direcci\u00f3n de Cultura municipal Israel Luna Osorio, realizar\u00e1n un homenaje al conmemorar el Dia Internacional de la Danza y el Ballet en Presidencia Municipal por lo que por instrucciones del alcalde Jos\u00e9 Manuel Pozos Castro, se llevar\u00e1 a cabo un desfile por parte de diferentes sociedades de Ballet y Danza sobre el Boulevard Jes\u00fas Reyes Heroles e Independencia.<\/span><\/p>\n<p><span style=\"font-size: 14pt;\">La actividad se prepara para el pr\u00f3ximo 29 de abril, por lo que invitan a todos los planteles de distintos niveles educativos a participar y conmemorar dicha fecha.<\/span><\/p>\n<p><span style=\"font-size: 14pt;\">Ante su declaraci\u00f3n, hay instituciones de nivel b\u00e1sico y medio superior que ya se animaron a participar en el desfile con el apoyo de bandas musicales durante su recorrido.<\/span><\/p>\n<p><span style=\"font-size: 14pt;\">De igual modo participar\u00e1n otras instituciones como como el CEA, el Ballet folcl\u00f3rico Angel\u2019s y otros grupos que demostrar\u00e1n su destreza en el baile.<\/span><\/p>\n<p><span style=\"font-size: 14pt;\">Por lo pronto hay pocos planteles educativos que confirmaron su asistencia, pero se espera que en los siguientes d\u00edas se sumen otros. Adem\u00e1s, habr\u00e1 m\u00fasica de diferentes puntos como el cl\u00e1sico Huapango de Tuxpan y otros municipios de la regi\u00f3n.<\/span><\/p>\n","protected":false},"excerpt":{"rendered":"<p>Tuxpan.- De acuerdo con lo se\u00f1alado por el titular de la direcci\u00f3n de Cultura municipal Israel Luna Osorio, realizar\u00e1n un<\/p>\n","protected":false},"author":4,"featured_media":34909,"comment_status":"closed","ping_status":"closed","sticky":false,"template":"","format":"standard","meta":{"colormag_page_container_layout":"default_layout","colormag_page_sidebar_layout":"default_layout","_jetpack_memberships_contains_paid_content":false,"footnotes":"","jetpack_publicize_message":"","jetpack_publicize_feature_enabled":true,"jetpack_social_post_already_shared":false,"jetpack_social_options":{"image_generator_settings":{"template":"highway","default_image_id":0,"font":"","enabled":false},"version":2}},"categories":[1082],"tags":[],"class_list":["post-34908","post","type-post","status-publish","format-standard","has-post-thumbnail","hentry","category-tuxpan"],"jetpack_publicize_connections":[],"jetpack_featured_media_url":"https:\/\/i0.wp.com\/politicosaldesnudo.com.mx\/wp-content\/uploads\/2024\/04\/3c-3.jpg?fit=1600%2C1066&ssl=1","jetpack-related-posts":[],"jetpack_sharing_enabled":true,"_links":{"self":[{"href":"https:\/\/politicosaldesnudo.com.mx\/index.php\/wp-json\/wp\/v2\/posts\/34908","targetHints":{"allow":["GET"]}}],"collection":[{"href":"https:\/\/politicosaldesnudo.com.mx\/index.php\/wp-json\/wp\/v2\/posts"}],"about":[{"href":"https:\/\/politicosaldesnudo.com.mx\/index.php\/wp-json\/wp\/v2\/types\/post"}],"author":[{"embeddable":true,"href":"https:\/\/politicosaldesnudo.com.mx\/index.php\/wp-json\/wp\/v2\/users\/4"}],"replies":[{"embeddable":true,"href":"https:\/\/politicosaldesnudo.com.mx\/index.php\/wp-json\/wp\/v2\/comments?post=34908"}],"version-history":[{"count":0,"href":"https:\/\/politicosaldesnudo.com.mx\/index.php\/wp-json\/wp\/v2\/posts\/34908\/revisions"}],"wp:featuredmedia":[{"embeddable":true,"href":"https:\/\/politicosaldesnudo.com.mx\/index.php\/wp-json\/wp\/v2\/media\/34909"}],"wp:attachment":[{"href":"https:\/\/politicosaldesnudo.com.mx\/index.php\/wp-json\/wp\/v2\/media?parent=34908"}],"wp:term":[{"taxonomy":"category","embeddable":true,"href":"https:\/\/politicosaldesnudo.com.mx\/index.php\/wp-json\/wp\/v2\/categories?post=34908"},{"taxonomy":"post_tag","embeddable":true,"href":"https:\/\/politicosaldesnudo.com.mx\/index.php\/wp-json\/wp\/v2\/tags?post=34908"}],"curies":[{"name":"wp","href":"https:\/\/api.w.org\/{rel}","templated":true}]}}