{"id":34954,"date":"2024-04-11T01:42:45","date_gmt":"2024-04-11T06:42:45","guid":{"rendered":"https:\/\/politicosaldesnudo.com.mx\/?p=34954"},"modified":"2024-04-11T01:42:45","modified_gmt":"2024-04-11T06:42:45","slug":"lazos-entre-eu-y-japon-son-inquebrantables-dice-joe-biden","status":"publish","type":"post","link":"https:\/\/politicosaldesnudo.com.mx\/index.php\/2024\/04\/11\/lazos-entre-eu-y-japon-son-inquebrantables-dice-joe-biden\/","title":{"rendered":"Lazos entre EU y Jap\u00f3n son \u00abinquebrantables\u00bb, dice Joe Biden"},"content":{"rendered":"<p><span style=\"font-size: 14pt;\">El presidente de Estados Unidos, Joe Biden, afirm\u00f3 este mi\u00e9rcoles que los lazos con Jap\u00f3n son \u00abinquebrantables\u00bb, al recibir en la Casa Blanca al primer ministro japon\u00e9s, Fumio Kishida, para una pomposa visita de Estado que incluye un concierto de Paul Simon.<\/span><\/p>\n<p><span style=\"font-size: 14pt;\">El mandatario estadunidense despleg\u00f3 la alfombra roja para el primer ministro y su esposa Yuko, que llegaron la v\u00edspera a Washington para cumplir una agenda centrada en el fortalecimiento de los lazos de defensa frente a las ambiciones de China en el Pac\u00edfico.<\/span><\/p>\n<p><span style=\"font-size: 14pt;\">\u00abLa relaci\u00f3n entre nosotros es inquebrantable\u00bb, afirm\u00f3 Biden al inicio de las actividades oficiales este mi\u00e9rcoles.<\/span><\/p>\n<p><span style=\"font-size: 14pt;\">Por la tarde est\u00e1 prevista una conferencia de prensa en la Casa Blanca, en una se\u00f1al de la importancia que Washington concede a un Jap\u00f3n con una posici\u00f3n internacional cada vez m\u00e1s firme.<\/span><\/p>\n<p><span style=\"font-size: 14pt;\">Y a la noche habr\u00e1 una cena de Estado en el gran Sal\u00f3n Este de la Casa Blanca, decorado con abanicos y ramas de cerezos, donde los chefs de la Casa Blanca servir\u00e1n un men\u00fa inspirado en sabores japoneses que incluye salm\u00f3n, costilla con salsa de wasabi y pastel de pistacho con helado de cereza.<\/span><\/p>\n<p><span style=\"font-size: 14pt;\">Tras la cena, el c\u00e9lebre compositor estadunidense Paul Simon \u00abinterpretar\u00e1 una selecci\u00f3n de sus emblem\u00e1ticas canciones\u00bb, dijo a periodistas el secretario social de la Casa Blanca, Carlos Elizondo.<\/span><\/p>\n<p><span style=\"font-size: 14pt;\">El concierto cerrar\u00e1 una jornada en la que Biden y Kishida estrechar\u00e1n fuertemente sus lazos en materia de defensa.<\/span><\/p>\n<p><span style=\"font-size: 14pt;\">Se espera que ambos l\u00edderes acuerden la mayor modernizaci\u00f3n de las estructuras de mando y control entre Estados Unidos y Jap\u00f3n en d\u00e9cadas. Esto dar\u00eda mayor agilidad a ambos ej\u00e9rcitos en caso de crisis, como por ejemplo una eventual invasi\u00f3n china a Taiw\u00e1n, de acuerdo con expertos.<\/span><\/p>\n","protected":false},"excerpt":{"rendered":"<p>El presidente de Estados Unidos, Joe Biden, afirm\u00f3 este mi\u00e9rcoles que los lazos con Jap\u00f3n son \u00abinquebrantables\u00bb, al recibir en<\/p>\n","protected":false},"author":4,"featured_media":34955,"comment_status":"closed","ping_status":"closed","sticky":false,"template":"","format":"standard","meta":{"colormag_page_container_layout":"default_layout","colormag_page_sidebar_layout":"default_layout","_jetpack_memberships_contains_paid_content":false,"footnotes":"","jetpack_publicize_message":"","jetpack_publicize_feature_enabled":true,"jetpack_social_post_already_shared":false,"jetpack_social_options":{"image_generator_settings":{"template":"highway","default_image_id":0,"font":"","enabled":false},"version":2}},"categories":[28],"tags":[662,81,3371],"class_list":["post-34954","post","type-post","status-publish","format-standard","has-post-thumbnail","hentry","category-internacional","tag-japon","tag-joe-biden","tag-lazos"],"jetpack_publicize_connections":[],"jetpack_featured_media_url":"https:\/\/i0.wp.com\/politicosaldesnudo.com.mx\/wp-content\/uploads\/2024\/04\/AFP__20240410__34P67LC__v1__Preview__UsJapanDiplomacyBidenKishida.jpg?fit=1200%2C800&ssl=1","jetpack-related-posts":[],"jetpack_sharing_enabled":true,"_links":{"self":[{"href":"https:\/\/politicosaldesnudo.com.mx\/index.php\/wp-json\/wp\/v2\/posts\/34954","targetHints":{"allow":["GET"]}}],"collection":[{"href":"https:\/\/politicosaldesnudo.com.mx\/index.php\/wp-json\/wp\/v2\/posts"}],"about":[{"href":"https:\/\/politicosaldesnudo.com.mx\/index.php\/wp-json\/wp\/v2\/types\/post"}],"author":[{"embeddable":true,"href":"https:\/\/politicosaldesnudo.com.mx\/index.php\/wp-json\/wp\/v2\/users\/4"}],"replies":[{"embeddable":true,"href":"https:\/\/politicosaldesnudo.com.mx\/index.php\/wp-json\/wp\/v2\/comments?post=34954"}],"version-history":[{"count":0,"href":"https:\/\/politicosaldesnudo.com.mx\/index.php\/wp-json\/wp\/v2\/posts\/34954\/revisions"}],"wp:featuredmedia":[{"embeddable":true,"href":"https:\/\/politicosaldesnudo.com.mx\/index.php\/wp-json\/wp\/v2\/media\/34955"}],"wp:attachment":[{"href":"https:\/\/politicosaldesnudo.com.mx\/index.php\/wp-json\/wp\/v2\/media?parent=34954"}],"wp:term":[{"taxonomy":"category","embeddable":true,"href":"https:\/\/politicosaldesnudo.com.mx\/index.php\/wp-json\/wp\/v2\/categories?post=34954"},{"taxonomy":"post_tag","embeddable":true,"href":"https:\/\/politicosaldesnudo.com.mx\/index.php\/wp-json\/wp\/v2\/tags?post=34954"}],"curies":[{"name":"wp","href":"https:\/\/api.w.org\/{rel}","templated":true}]}}