{"id":34957,"date":"2024-04-11T01:47:00","date_gmt":"2024-04-11T06:47:00","guid":{"rendered":"https:\/\/politicosaldesnudo.com.mx\/?p=34957"},"modified":"2024-04-11T01:47:00","modified_gmt":"2024-04-11T06:47:00","slug":"no-podia-pararme-por-la-paliza-que-me-habian-dado-glas","status":"publish","type":"post","link":"https:\/\/politicosaldesnudo.com.mx\/index.php\/2024\/04\/11\/no-podia-pararme-por-la-paliza-que-me-habian-dado-glas\/","title":{"rendered":"\u00abNo pod\u00eda pararme por la paliza que me hab\u00edan dado\u00bb: Glas"},"content":{"rendered":"<p>El exvicepresidente ecuatoriano Jorge Glas tuvo este mi\u00e9rcoles \u00faltimo la primera oportunidad de conectarse con sus abogados y familiares cercanos. V\u00eda Zoom, durante casi 40 minutos (lo que permite una conexi\u00f3n no pagada), desde una celda de la c\u00e1rcel de m\u00e1xima seguridad, denominada La Roca, se escuch\u00f3 su testimonio de c\u00f3mo fue secuestrado, el viernes pasado, por las fuerzas militares y policiales, tras la orden del presidente Daniel Noboa.<\/p>\n<p>La noche del 5 de abril fue sacado de la habitaci\u00f3n de la embajada mexicana, se resisti\u00f3, ante lo cual fue golpeado, pr\u00e1cticamente torturado. En dos ocasiones intentaron esposarlo, pero la resistencia de Glas, que mide alrededor de 1,80 metros, provoc\u00f3 la reacci\u00f3n virulenta de los gendarmes y le propinaron patadas y golpes de pu\u00f1o y metralleta en sus piernas y en sus brazos. Solo as\u00ed pudieron doblegarlo y luego esposarlo.<\/p>\n<p>Cuando consideraron que estaba ya inmovilizado, con la intenci\u00f3n de filmarlo, como si estuviese en buenas condiciones, quisieron leerle sus derechos. Glas se desvanece, se cae, le piden que se levante, pero no pod\u00eda \u201cpor la paliza que me hab\u00edan dado\u201d, se oye en una grabaci\u00f3n que circul\u00f3 en redes sociales desde la cuenta de su abogada Sonia Vera.<\/p>\n<p>Ella, manifest\u00f3 que lo vio muy mal, muy golpeado, con una condici\u00f3n f\u00edsica muy deteriorada y con el efecto todav\u00eda de la intoxicaci\u00f3n intestinal por la ingesti\u00f3n de medicamentos.<\/p>\n<p>En su cuenta de X, el ex presidente Rafal Correa, corrobor\u00f3 ese hecho: \u201cPor fin sus hijos y sus abogados pudieron conectarse con Jorge Glas v\u00eda Zoom. Ha sido vejado y torturado. Actualmente est\u00e1 incomunicado y sin siquiera luz solar. Hemos confirmado que la emergencia m\u00e9dica fue intento de suicidio. No ha comido nada y se encuentra en huelga de hambre. Responsabilizamos a Daniel Noboa por la integridad f\u00edsica y emocional de Jorge. Le recuerdo a Noboa que claramente ha cometido el delito tipificado en el art. 125 del C\u00f3digo Penal\u201d. En ese art\u00edculo se se\u00f1ala que la persona, que con ocasi\u00f3n y en desarrollo de conflicto armado, prive de libertad, detenga ilegalmente, deporte, traslade, demore o retarde la repatriaci\u00f3n de la persona protegida, ser\u00e1 sancionada con pena privativa de libertad de 10 a 13 a\u00f1os.<\/p>\n<p>Los informes oficiales nunca se\u00f1alaron esa situaci\u00f3n. Dijeron que su mal estado de salud era producto de que no hab\u00eda querido comer. De hecho, algunas versiones indicaron que cuando ingres\u00f3 al hospital Militar, de Guayaquil, lo hizo ya en estado de coma. Cuando sali\u00f3 de esa condici\u00f3n se lo traslad\u00f3 al hospital Naval, de la misma ciudad.<\/p>\n<p>La abogada Vera confirm\u00f3 que su situaci\u00f3n de salud es muy delicada y que su determinaci\u00f3n de \u201cno claudicar\u201d es firme, pero tampoco de no dejarse someter a nuevas torturas, le podr\u00eda llevar a una medida.<\/p>\n<p>El testimonio de Glas se podr\u00e1 escuchar de nuevo este jueves, en la audiencia de Habeas Corpus, que normalmente se realiza con la presencia f\u00edsica del afectado. Bajo ese relato, un juez podr\u00eda anular la prisi\u00f3n a la que se encuentra ahora sometido, si considera que no hab\u00eda causales ni motivos, menos a\u00fan sin los requerimientos m\u00ednimos de respeto a sus derechos humanos, enfatiza la abogada Vera.<\/p>\n<p>Incluso, a\u00f1ade, si el juez determina que se violaron sus derechos humanos y lo pone en libertad, dada su condici\u00f3n de asilado pol\u00edtico, por parte del gobierno mexicano, Glas podr\u00eda ser favorecido con el traslado a este pa\u00eds y acogerse a todos los beneficios de esa condici\u00f3n, adem\u00e1s del su derecho de iniciar acciones legales en contra de sus victimarios.<\/p>\n<p>De hecho, ayer se reafirm\u00f3 un dato poco conocido: Glas tiene tambi\u00e9n la nacionalidad alemana y por eso, desde que ya estuvo anteriormente detenido las autoridades de Berl\u00edn han seguido de cerca su caso. Incluso, ahora, cuando se desped\u00eda al personal diplom\u00e1tico de M\u00e9xico, tras la invasi\u00f3n a la sede en Quito, los representantes de Alemania los acompa\u00f1aron en el aeropuerto Mariscal Sucre.<\/p>\n<p>\u00abSeguimos muy de cerca el caso del Sr. Glas e intentamos establecer contacto directo con las autoridades ecuatorianas\u00bb, declar\u00f3 un portavoz en respuesta a una pregunta del medio alem\u00e1n Spiegel. Entre las tareas de las misiones alemanas en el extranjero figura tambi\u00e9n la de ocuparse de los ciudadanos alemanes encarcelados.<\/p>\n<p>Y frente a todo esto, tanto las m\u00e1s altas autoridades del gobierno de Noboa, como los voceros de la derecha ecuatoriana insisten que Glas es un delicuente com\u00fan y debe permancer en la c\u00e1rcel. Al menos as\u00ed se pronunciaron la ministra de Gobierno, M\u00f3nica Placencia, y la canciller Gabriela Sonmerfeld, durante su comparecencia a la Comisi\u00f3n de Asuntos Internacionales, de la Asamblea Nacional. Para ellos, no tendr\u00eda validez el asilo otorgado por M\u00e9xico, pues \u00e9ste pa\u00eds habr\u00eda incurrido en una falta diplom\u00e1tica grave: insmiscuirse en los asuntos de otro Estado.<\/p>\n","protected":false},"excerpt":{"rendered":"<p>El exvicepresidente ecuatoriano Jorge Glas tuvo este mi\u00e9rcoles \u00faltimo la primera oportunidad de conectarse con sus abogados y familiares cercanos.<\/p>\n","protected":false},"author":4,"featured_media":34958,"comment_status":"closed","ping_status":"closed","sticky":false,"template":"","format":"standard","meta":{"colormag_page_container_layout":"default_layout","colormag_page_sidebar_layout":"default_layout","_jetpack_memberships_contains_paid_content":false,"footnotes":"","jetpack_publicize_message":"","jetpack_publicize_feature_enabled":true,"jetpack_social_post_already_shared":false,"jetpack_social_options":{"image_generator_settings":{"template":"highway","default_image_id":0,"font":"","enabled":false},"version":2}},"categories":[28],"tags":[3372,3373],"class_list":["post-34957","post","type-post","status-publish","format-standard","has-post-thumbnail","hentry","category-internacional","tag-jorge-glas","tag-paliza"],"jetpack_publicize_connections":[],"jetpack_featured_media_url":"https:\/\/i0.wp.com\/politicosaldesnudo.com.mx\/wp-content\/uploads\/2024\/04\/4015e30a9e.jpg?fit=1024%2C576&ssl=1","jetpack-related-posts":[],"jetpack_sharing_enabled":true,"_links":{"self":[{"href":"https:\/\/politicosaldesnudo.com.mx\/index.php\/wp-json\/wp\/v2\/posts\/34957","targetHints":{"allow":["GET"]}}],"collection":[{"href":"https:\/\/politicosaldesnudo.com.mx\/index.php\/wp-json\/wp\/v2\/posts"}],"about":[{"href":"https:\/\/politicosaldesnudo.com.mx\/index.php\/wp-json\/wp\/v2\/types\/post"}],"author":[{"embeddable":true,"href":"https:\/\/politicosaldesnudo.com.mx\/index.php\/wp-json\/wp\/v2\/users\/4"}],"replies":[{"embeddable":true,"href":"https:\/\/politicosaldesnudo.com.mx\/index.php\/wp-json\/wp\/v2\/comments?post=34957"}],"version-history":[{"count":0,"href":"https:\/\/politicosaldesnudo.com.mx\/index.php\/wp-json\/wp\/v2\/posts\/34957\/revisions"}],"wp:featuredmedia":[{"embeddable":true,"href":"https:\/\/politicosaldesnudo.com.mx\/index.php\/wp-json\/wp\/v2\/media\/34958"}],"wp:attachment":[{"href":"https:\/\/politicosaldesnudo.com.mx\/index.php\/wp-json\/wp\/v2\/media?parent=34957"}],"wp:term":[{"taxonomy":"category","embeddable":true,"href":"https:\/\/politicosaldesnudo.com.mx\/index.php\/wp-json\/wp\/v2\/categories?post=34957"},{"taxonomy":"post_tag","embeddable":true,"href":"https:\/\/politicosaldesnudo.com.mx\/index.php\/wp-json\/wp\/v2\/tags?post=34957"}],"curies":[{"name":"wp","href":"https:\/\/api.w.org\/{rel}","templated":true}]}}