{"id":35053,"date":"2024-04-13T02:47:32","date_gmt":"2024-04-13T07:47:32","guid":{"rendered":"https:\/\/politicosaldesnudo.com.mx\/?p=35053"},"modified":"2024-04-13T02:47:32","modified_gmt":"2024-04-13T07:47:32","slug":"ecuador-como-anillo-al-dedo","status":"publish","type":"post","link":"https:\/\/politicosaldesnudo.com.mx\/index.php\/2024\/04\/13\/ecuador-como-anillo-al-dedo\/","title":{"rendered":"Ecuador\u2026 como anillo al dedo"},"content":{"rendered":"<p><span style=\"font-size: 14pt;\"><strong>Por Ricardo Homs<\/strong><\/span><\/p>\n<p><span style=\"font-size: 14pt;\">Partiendo del inequ\u00edvoco reconocimiento de que es inaceptable la violaci\u00f3n de la inmunidad diplom\u00e1tica de nuestra embajada en Ecuador, -pues este acto infringe los acuerdos de la Convenci\u00f3n de Viena-, este conflicto amerita una profunda reflexi\u00f3n sobre la pol\u00edtica exterior de la 4T, que sigue las instrucciones personales y precisas de nuestro presidente de la rep\u00fablica.<\/span><\/p>\n<p><span style=\"font-size: 14pt;\">Primeramente, recordar que este no es un incidente aislado. Nuestro presidente ha \u00a0confrontado a la presidenta Dina Boluarte, de Per\u00fa, -e intervenido directamente en la vida democr\u00e1tica de ese pa\u00eds-, cuestionando agresivamente el proceder del Congreso peruano, que destituy\u00f3 al presidente Pedro Castillo, -as\u00ed como a las autoridades peruanas que lo encarcelaron-, despu\u00e9s de que \u00e9ste mandatario pretendiese dar un autogolpe de estado , el 07 de diciembre del 2022, disolviendo al Congreso, que lo acusaba de corrupci\u00f3n.<\/span><\/p>\n<p><span style=\"font-size: 14pt;\">Adem\u00e1s, nuestro presidente tambi\u00e9n est\u00e1 metido en una confrontaci\u00f3n directa con el presidente de Argentina Javier Milei, a partir de que L\u00f3pez Obrador deslegitimara su triunfo electoral. Podremos no estar de acuerdo con las pol\u00edticas sociales y econ\u00f3micas de Milei, pero es su atribuci\u00f3n plantearlas a partir de haber ganado la elecci\u00f3n prometiendo al electorado lo que hoy promueve como titular del Poder Ejecutivo.<\/span><\/p>\n<p><span style=\"font-size: 14pt;\">Respecto a Ecuador, L\u00f3pez Obrador intervino en las elecciones apoyando a la candidata Luisa Gonz\u00e1lez, del partido Revoluci\u00f3n Ciudadana, -al que pertenece su amigo, el expresidente Rafael Correa-, hoy exiliado en B\u00e9lgica para evadir una condena de prisi\u00f3n de ocho a\u00f1os, por corrupci\u00f3n.<\/span><\/p>\n<p><span style=\"font-size: 14pt;\">Los argumentos del gobierno de Ecuador, en boca de su canciller Gabriela Sommerfeld, -respecto al caso Jorge Glas-, se resumen en que la pretensi\u00f3n de M\u00e9xico de dar asilo pol\u00edtico a Glas no corresponde a las circuunstancias de un perseguido pol\u00edtico, sino a un exfuncionario sentenciado por corrupci\u00f3n que se escondi\u00f3 en la embajada de M\u00e9xico para no ser detenido y evadir su condena. Por tanto, lo que realiz\u00f3 nuestra embajada en Quito por instrucciones del presidente L\u00f3pez Obrador fue \u201cobstrucci\u00f3n de la justicia\u201d de otro pa\u00eds libre y soberano, para proteger a un \u201cfuncionario amigo\u201d.<\/span><\/p>\n<p><span style=\"font-size: 14pt;\">En un video donde se describe una conferencia de prensa, la canciller ecuatoriana explica todos los intentos realizados previamente por el gobierno de su pa\u00eds para explicar al gobierno mexicano la situaci\u00f3n jur\u00eddica del expresidente acusado y juzgado por corrupci\u00f3n, y la cerraz\u00f3n de este gobierno de la 4T para negociar.<\/span><\/p>\n<p><span style=\"font-size: 14pt;\">Para nosotros como mexicanos es importante definir el perfil de los asilados pol\u00edticos que deben recibir la protecci\u00f3n del Estado Mexicano.<\/span><\/p>\n<p><span style=\"font-size: 14pt;\">M\u00e9xico se ha destacado por dar asilo a ciudadanos extranjeros en riesgo en su pa\u00eds, en funci\u00f3n de sus ideas pol\u00edticas e ideol\u00f3gicas, como sucedi\u00f3 con muchos chilenos despu\u00e9s del golpe de estado perpetrado el 11 de septiembre de 1973 por el general Augusto Pinochet. Sabi\u00e9ndose de la represi\u00f3n brutal que hubo en contra de los seguidores del presidente Salvador Allende, -que fueron torturados y asesinados en los cuarteles militares-, fue que nuestro pa\u00eds ofreci\u00f3 asilo.<\/span><\/p>\n<p><span style=\"font-size: 14pt;\">De la misma forma se actu\u00f3 con ciudadanos argentinos en riesgo a partir del golpe militar perpetrado tambi\u00e9n el 24 de marzo de 1976 en contra de la presidenta Mar\u00eda Estela Mart\u00ednez de Per\u00f3n por un grupo de militares que impuso como presidente al general Jorge Rafael Videla.<\/span><\/p>\n<p><span style=\"font-size: 14pt;\">Antes M\u00e9xico ya hab\u00eda dado asilo a los ciudadanos brasile\u00f1os cercanos al presidente Joao Goulart, derrocado el primero de abril de 1964 por las fuerzas armadas. De gran significaci\u00f3n fue el asilo que se dio a miles de familias espa\u00f1olas durante la guerra civil iniciada por el general Francisco Franco en 1936.<\/span><\/p>\n<p><span style=\"font-size: 14pt;\">Sin embargo, el asilo pol\u00edtico lo determina el riesgo que se deriva de cuestiones ideol\u00f3gicas y persecuciones pol\u00edticas. Muy diferente es el funcionario perseguido y juzgado por corrupci\u00f3n y delitos del \u201cfuero federal\u201d, como es el caso de los asilados por este gobierno de la 4T.<\/span><\/p>\n<p><span style=\"font-size: 14pt;\">En un excelente reportaje de investigaci\u00f3n publicado por el peri\u00f3dico El Sol de M\u00e9xico, -a partir de datos obtenidos de la Secretar\u00eda de Relaciones Exteriores, titulado \u201cAcoge la 4T a 80 pr\u00f3fugos pol\u00edticos\u201d-, da cuenta de que este gobierno ha dado asilo a funcionarios cercanos al expresidente de Ecuador Rafael Correa, -entre ellos a Jorge Glas-, apresado en la Embajada de M\u00e9xico en Quito, as\u00ed como a los colaboradores de Evo Morales, expresidente de Bolivia y a los damnificados del gobierno del presidente Pedro Castillo de Per\u00fa.<\/span><\/p>\n<p><span style=\"font-size: 14pt;\">El caso de Jorge Glas es significativo, pues el presidente L\u00f3pez Obrador al dar asilo obstaculiz\u00f3 un procedimiento judicial del gobierno ecuatoriano que en diciembre del 2017 lo sentenci\u00f3 a ocho a\u00f1os de prisi\u00f3n por haber participado de los sobornos recibidos de parte de la constructora brasile\u00f1a Odebrecht, por un monto de 35 millones de d\u00f3lares, para favorecer el otorgamiento de contratos.<\/span><\/p>\n<p><span style=\"font-size: 14pt;\">Sin embargo, despu\u00e9s de cuatro a\u00f1os obtuvo su libertad condicional, pero al ser citado a comparecer por otra acusaci\u00f3n, decidi\u00f3 evadirse de la justicia de su pa\u00eds y se refugi\u00f3 en la embajada mexicana, y pidi\u00f3 asilo pol\u00edtico.<\/span><\/p>\n<p><span style=\"font-size: 14pt;\">Este es el momento como ciudadanos pedir cuentas a este gobierno de la 4T respecto al abuso en las relaciones internacionales.<\/span><\/p>\n<p><span style=\"font-size: 14pt;\">Ahora el riesgo es que \u201ccomo anillo al dedo\u201d este conflicto con Ecuador ayude al presidente a generar un movimiento patriotero, -muy emocional-, que le permita liderar en \u00e9poca electoral un fen\u00f3meno de cohesi\u00f3n bajo el argumento heroico.<\/span><\/p>\n<p><span style=\"font-size: 14pt;\">La exigencia del gobierno de M\u00e9xico para que Ecuador sea expulsado de la ONU muestra el inter\u00e9s de prolongar el conflicto.<\/span><\/p>\n<p><span style=\"font-size: 14pt;\">De entrada, el presidente L\u00f3pez Obrador ya empez\u00f3 a recibir el apoyo de muchos pa\u00edses que con toda raz\u00f3n reprueban el proceder ilegal del gobierno ecuatoriano.<\/span><\/p>\n<p><span style=\"font-size: 14pt;\">El gobierno ecuatoriano debiese haber optado por otras acciones para obligar al gobierno obradorista a respetar su derecho a ejercer acciones jur\u00eddicas, sin tener interferencia mexicana, antes que invadir la embajada.<\/span><\/p>\n<p><span style=\"font-size: 14pt;\">No debemos olvidar que el candidato Villavicencio, -asesinado durante la pasada campa\u00f1a electoral de Ecuador-, reproch\u00f3 en un video, -que hoy circula en redes sociales-, al presidente L\u00f3pez Obrador su actitud intervencionista. \u00a0<\/span><\/p>\n<p><span style=\"font-size: 14pt;\">Ni qu\u00e9 decir de los reclamos del presidente L\u00f3pez Obrador hacia el Departamento de Estado del gobierno de Estados Unidos de Norteam\u00e9rica, entre otros muchos sucesos que han caracterizado a nuestra pol\u00edtica exterior durante estos \u00faltimos a\u00f1os.<\/span><\/p>\n<p><span style=\"font-size: 14pt;\">M\u00e9xico ha sido un pa\u00eds respetado en todo el mundo por su actitud equilibrada y humanista frente a los grandes acontecimientos de la historia y ha ejercido un importante liderazgo de opini\u00f3n.<\/span><\/p>\n<p><span style=\"font-size: 14pt;\">Sin embargo, M\u00e9xico hoy significa conflicto. Es importante rescatar la esencia de la diplomacia mexicana.<\/span><\/p>\n<p><span style=\"font-size: 14pt;\"><strong>SEGURIDAD A MEDIAS<\/strong><\/span><\/p>\n<p><span style=\"font-size: 14pt;\">Los candidatos que son protegidos por la Guardia Nacional han dado la voz de alarma respecto a que por la noche son abandonados por sus protectores, quienes a falta de vi\u00e1ticos para pernoctar cerca de los candidatos a quienes deben cuidar, acostumbran a regresar a sus cuarteles para descansar, dej\u00e1ndolos desprotegidos y en posici\u00f3n vulnerable.<\/span><\/p>\n<p><span style=\"font-size: 14pt;\">Es evidente que quienes pretendan atacar a un candidato descubrir\u00e1n pronto estos horarios donde sus v\u00edctimas est\u00e1n desprotegidas.<\/span><\/p>\n<p><span style=\"font-size: 14pt;\"><strong>FONDO DE PENSIONESPARA EL BIENESTAR<\/strong><\/span><\/p>\n<p><span style=\"font-size: 14pt;\">La falta de claridad respecto al origen de los recursos con que se pagar\u00e1n las pensiones que garantizan una jubilaci\u00f3n digna para los asalariados mexicanos, -iniciativa propuesta por la bancada de MORENA en la C\u00e1mara de Diputados-, pone en evidencia que todo est\u00e1 construido sobre la base de suposiciones y buenas intenciones.<\/span><\/p>\n<p><span style=\"font-size: 14pt;\">Despu\u00e9s de escuchar entrevistas realizadas a expertos en el \u00e1mbito de las finanzas p\u00fablicas, queda claro que esta iniciativa de reforma liderada por el diputado Ignacio Mier y por la diputada Ang\u00e9lica Cisneros Luj\u00e1n plantea n\u00fameros que no tienen sustento, -no s\u00f3lo en el largo plazo-, sino tampoco en el mediano.<\/span><\/p>\n<p><span style=\"font-size: 14pt;\">Un proyecto de este tipo debe tener el respaldo de un estudio de viabilidad, cuyo resultado\u00a0 asegure que est\u00e9 garantizada la sustentabilidad\u00a0 financiera que permita cumplir con sus compromisos a largo plazo. Sin embargo, MORENA tiene prisa por aprobarlo.<\/span><\/p>\n<p><span style=\"font-size: 14pt;\">Queda evidente que esta iniciativa lleva una motivaci\u00f3n electoral.<\/span><\/p>\n<p><span style=\"font-size: 14pt;\">Total\u2026 si no se cumplen estos compromisos,\u00a0 en \u201cM\u00e9xico no pasa nada\u201d\u00a0 m\u00e1s all\u00e1 de unos cuantos \u201cmemes\u201d.<\/span><\/p>\n<p><span style=\"font-size: 14pt;\"><strong>LA ESPERANZA<\/strong><\/span><\/p>\n<p><span style=\"font-size: 14pt;\">El tramo de la Esperanza, Estado de Puebla, -que es parte de la autopista que conecta a la Ciudad de Puebla con Orizaba, Veracruz-, desde hace varios a\u00f1os se ha considerado muy peligroso pues cuando baja la neblina una gavilla de delincuentes cierran esa vialidad para asaltar por igual a transportistas que a automovilistas.<\/span><\/p>\n<p><span style=\"font-size: 14pt;\">Sin embargo, el mi\u00e9rcoles 03 de abril pasado fue asaltado el veh\u00edculo en que viajaba el obispo de Orizaba, Eduardo Cervantes, y dos sacerdotes m\u00e1s, junto con otros autom\u00f3viles y tractocamiones.<\/span><\/p>\n<p><span style=\"font-size: 14pt;\">Desde hace muchos a\u00f1os es conocido el modus operandi de estos delincuentes y sin embargo las autoridades no han hecho ning\u00fan operativo para detenerlos aun sabi\u00e9ndose que son moradores de esa zona. \u00bfHabr\u00e1 contubernio entre autoridades y delincuentes?<\/span><\/p>\n<p><span style=\"font-size: 14pt;\">\u00bfA usted qu\u00e9 le parece?<\/span><\/p>\n<p><img data-recalc-dims=\"1\" loading=\"lazy\" decoding=\"async\" class=\"aligncenter size-full wp-image-34675\" src=\"https:\/\/i0.wp.com\/politicosaldesnudo.com.mx\/wp-content\/uploads\/2024\/04\/FIRMA-EDITORIAL-PD-1.jpg?resize=800%2C98&#038;ssl=1\" alt=\"\" width=\"800\" height=\"98\" srcset=\"https:\/\/i0.wp.com\/politicosaldesnudo.com.mx\/wp-content\/uploads\/2024\/04\/FIRMA-EDITORIAL-PD-1.jpg?w=1024&amp;ssl=1 1024w, https:\/\/i0.wp.com\/politicosaldesnudo.com.mx\/wp-content\/uploads\/2024\/04\/FIRMA-EDITORIAL-PD-1.jpg?resize=300%2C37&amp;ssl=1 300w, https:\/\/i0.wp.com\/politicosaldesnudo.com.mx\/wp-content\/uploads\/2024\/04\/FIRMA-EDITORIAL-PD-1.jpg?resize=768%2C94&amp;ssl=1 768w\" sizes=\"auto, (max-width: 800px) 100vw, 800px\" \/><\/p>\n","protected":false},"excerpt":{"rendered":"<p>Por Ricardo Homs Partiendo del inequ\u00edvoco reconocimiento de que es inaceptable la violaci\u00f3n de la inmunidad diplom\u00e1tica de nuestra embajada<\/p>\n","protected":false},"author":4,"featured_media":26269,"comment_status":"closed","ping_status":"closed","sticky":false,"template":"","format":"standard","meta":{"colormag_page_container_layout":"default_layout","colormag_page_sidebar_layout":"default_layout","_jetpack_memberships_contains_paid_content":false,"footnotes":"","jetpack_publicize_message":"","jetpack_publicize_feature_enabled":true,"jetpack_social_post_already_shared":false,"jetpack_social_options":{"image_generator_settings":{"template":"highway","default_image_id":0,"font":"","enabled":false},"version":2}},"categories":[26],"tags":[],"class_list":["post-35053","post","type-post","status-publish","format-standard","has-post-thumbnail","hentry","category-columnistas"],"jetpack_publicize_connections":[],"jetpack_featured_media_url":"https:\/\/i0.wp.com\/politicosaldesnudo.com.mx\/wp-content\/uploads\/2023\/11\/BANNER-homs.jpg?fit=800%2C445&ssl=1","jetpack-related-posts":[],"jetpack_sharing_enabled":true,"_links":{"self":[{"href":"https:\/\/politicosaldesnudo.com.mx\/index.php\/wp-json\/wp\/v2\/posts\/35053","targetHints":{"allow":["GET"]}}],"collection":[{"href":"https:\/\/politicosaldesnudo.com.mx\/index.php\/wp-json\/wp\/v2\/posts"}],"about":[{"href":"https:\/\/politicosaldesnudo.com.mx\/index.php\/wp-json\/wp\/v2\/types\/post"}],"author":[{"embeddable":true,"href":"https:\/\/politicosaldesnudo.com.mx\/index.php\/wp-json\/wp\/v2\/users\/4"}],"replies":[{"embeddable":true,"href":"https:\/\/politicosaldesnudo.com.mx\/index.php\/wp-json\/wp\/v2\/comments?post=35053"}],"version-history":[{"count":0,"href":"https:\/\/politicosaldesnudo.com.mx\/index.php\/wp-json\/wp\/v2\/posts\/35053\/revisions"}],"wp:featuredmedia":[{"embeddable":true,"href":"https:\/\/politicosaldesnudo.com.mx\/index.php\/wp-json\/wp\/v2\/media\/26269"}],"wp:attachment":[{"href":"https:\/\/politicosaldesnudo.com.mx\/index.php\/wp-json\/wp\/v2\/media?parent=35053"}],"wp:term":[{"taxonomy":"category","embeddable":true,"href":"https:\/\/politicosaldesnudo.com.mx\/index.php\/wp-json\/wp\/v2\/categories?post=35053"},{"taxonomy":"post_tag","embeddable":true,"href":"https:\/\/politicosaldesnudo.com.mx\/index.php\/wp-json\/wp\/v2\/tags?post=35053"}],"curies":[{"name":"wp","href":"https:\/\/api.w.org\/{rel}","templated":true}]}}